{"id":1161,"date":"2019-11-26T10:15:42","date_gmt":"2019-11-26T09:15:42","guid":{"rendered":"http:\/\/www.claudio-bechinie.de\/Wordpress-Test\/?p=1161"},"modified":"2022-11-23T15:11:00","modified_gmt":"2022-11-23T14:11:00","slug":"tag-fuer-afrika-2020","status":"publish","type":"post","link":"https:\/\/www.leonardo-da-vinci-gymnasium.de\/?p=1161","title":{"rendered":"Tag f\u00fcr Afrika 2019"},"content":{"rendered":"\n<div class=\"alignfull wp-block-ugb-feature ugb-feature ugb-7ab12e8 ugb-feature--v2 ugb-feature--design-plain ugb-main-block ugb-main-block--inner-center ugb--has-block-background\"><style>.ugb-7ab12e8 .ugb-feature__description{margin-bottom:-50px !important}.ugb-7ab12e8 .ugb-inner-block{text-align:left}.ugb-7ab12e8.ugb-feature{background-color:#ffffff}.ugb-7ab12e8.ugb-feature:before{background-color:#ffffff}@media screen and (min-width:768px){.ugb-7ab12e8 .ugb-img{width:387px;height:auto !important}.ugb-7ab12e8.ugb-feature{padding-top:20px !important;padding-left:0px !important}}<\/style><div class=\"ugb-inner-block ugb-inner-block--center\"><div class=\"ugb-block-content\"><div class=\"ugb-feature__item\"><div class=\"ugb-feature__content\"><p class=\"ugb-feature__description\">Wir danken der Klasse 8.2, die am 26. November 2019 f\u00fcr den Weltfriedensdienst sammelte, f\u00fcr ihr au\u00dferordentliches Engagement. Diese hervorragende Leistung verdient unseren Respekt. Da alle Sch\u00fcler der Klasse flei\u00dfig mitgeholfen haben, konnten in Summe bemerkenswerte 588,- Euro an den Weltfriedensdienst \u00fcbergeben werden.  <\/p><\/div><div class=\"ugb-feature__image-side\"><img decoding=\"async\" class=\"ugb-feature__image ugb-img wp-image-7238 ugb-image--shape-stretch\" src=\"https:\/\/www.leonardo-da-vinci-gymnasium.de\/wp-content\/uploads\/2019\/11\/TfA-2019-Beitragsbild.jpg\" alt=\"Tag f\u00fcr Afrika 2019 \" title=\"\" height=\"250\" srcset=\"https:\/\/www.leonardo-da-vinci-gymnasium.de\/wp-content\/uploads\/2019\/11\/TfA-2019-Beitragsbild.jpg 387w, https:\/\/www.leonardo-da-vinci-gymnasium.de\/wp-content\/uploads\/2019\/11\/TfA-2019-Beitragsbild-300x194.jpg 300w\" sizes=\"(max-width: 387px) 100vw, 387px\" \/><\/div><\/div><\/div><\/div><\/div>\n\n\n\n<p> Diese hervorragende Leistung verdient unseren Respekt. <\/p>\n\n\n\n<hr class=\"wp-block-separator has-css-opacity is-style-wide\"\/>\n\n\n\n<figure class=\"wp-block-image size-large\"><img loading=\"lazy\" decoding=\"async\" width=\"759\" height=\"1024\" src=\"https:\/\/www.leonardo-da-vinci-gymnasium.de\/wp-content\/uploads\/2022\/11\/Urkunde-Weltfriedensdienst-759x1024.jpg\" alt=\"\" class=\"wp-image-7236\" srcset=\"https:\/\/www.leonardo-da-vinci-gymnasium.de\/wp-content\/uploads\/2022\/11\/Urkunde-Weltfriedensdienst-759x1024.jpg 759w, https:\/\/www.leonardo-da-vinci-gymnasium.de\/wp-content\/uploads\/2022\/11\/Urkunde-Weltfriedensdienst-222x300.jpg 222w, https:\/\/www.leonardo-da-vinci-gymnasium.de\/wp-content\/uploads\/2022\/11\/Urkunde-Weltfriedensdienst-768x1036.jpg 768w, https:\/\/www.leonardo-da-vinci-gymnasium.de\/wp-content\/uploads\/2022\/11\/Urkunde-Weltfriedensdienst-1139x1536.jpg 1139w, https:\/\/www.leonardo-da-vinci-gymnasium.de\/wp-content\/uploads\/2022\/11\/Urkunde-Weltfriedensdienst-1518x2048.jpg 1518w, https:\/\/www.leonardo-da-vinci-gymnasium.de\/wp-content\/uploads\/2022\/11\/Urkunde-Weltfriedensdienst-scaled.jpg 1898w\" sizes=\"auto, (max-width: 759px) 100vw, 759px\" \/><\/figure>\n","protected":false},"excerpt":{"rendered":"<p>Wir danken der Klasse 8.2, die f\u00fcr den Weltfriedensdienst sammelte und 588,- Euro \u00fcbergeben konnte.<\/p>\n","protected":false},"author":1,"featured_media":7238,"comment_status":"closed","ping_status":"closed","sticky":false,"template":"","format":"standard","meta":{"_uag_custom_page_level_css":"","ngg_post_thumbnail":0,"footnotes":""},"categories":[18,31,25],"tags":[],"class_list":["post-1161","post","type-post","status-publish","format-standard","has-post-thumbnail","hentry","category-schule","category-engagement","category-schulleben"],"featured_image_urls_v2":{"full":["https:\/\/www.leonardo-da-vinci-gymnasium.de\/wp-content\/uploads\/2019\/11\/TfA-2019-Beitragsbild.jpg",387,250,false],"thumbnail":["https:\/\/www.leonardo-da-vinci-gymnasium.de\/wp-content\/uploads\/2019\/11\/TfA-2019-Beitragsbild-150x150.jpg",150,150,true],"medium":["https:\/\/www.leonardo-da-vinci-gymnasium.de\/wp-content\/uploads\/2019\/11\/TfA-2019-Beitragsbild-300x194.jpg",300,194,true],"medium_large":["https:\/\/www.leonardo-da-vinci-gymnasium.de\/wp-content\/uploads\/2019\/11\/TfA-2019-Beitragsbild.jpg",387,250,false],"large":["https:\/\/www.leonardo-da-vinci-gymnasium.de\/wp-content\/uploads\/2019\/11\/TfA-2019-Beitragsbild.jpg",387,250,false],"1536x1536":["https:\/\/www.leonardo-da-vinci-gymnasium.de\/wp-content\/uploads\/2019\/11\/TfA-2019-Beitragsbild.jpg",387,250,false],"2048x2048":["https:\/\/www.leonardo-da-vinci-gymnasium.de\/wp-content\/uploads\/2019\/11\/TfA-2019-Beitragsbild.jpg",387,250,false],"post-thumbnail":["https:\/\/www.leonardo-da-vinci-gymnasium.de\/wp-content\/uploads\/2019\/11\/TfA-2019-Beitragsbild.jpg",387,250,false],"gambit-header-image":["https:\/\/www.leonardo-da-vinci-gymnasium.de\/wp-content\/uploads\/2019\/11\/TfA-2019-Beitragsbild.jpg",387,250,false],"gambit-thumbnail-archive":["https:\/\/www.leonardo-da-vinci-gymnasium.de\/wp-content\/uploads\/2019\/11\/TfA-2019-Beitragsbild-300x240.jpg",300,240,true],"gambit-thumbnail-small":["https:\/\/www.leonardo-da-vinci-gymnasium.de\/wp-content\/uploads\/2019\/11\/TfA-2019-Beitragsbild-100x75.jpg",100,75,true],"gambit-thumbnail-medium":["https:\/\/www.leonardo-da-vinci-gymnasium.de\/wp-content\/uploads\/2019\/11\/TfA-2019-Beitragsbild-300x200.jpg",300,200,true],"gambit-thumbnail-large":["https:\/\/www.leonardo-da-vinci-gymnasium.de\/wp-content\/uploads\/2019\/11\/TfA-2019-Beitragsbild.jpg",387,250,false],"tzwb-thumbnail":["https:\/\/www.leonardo-da-vinci-gymnasium.de\/wp-content\/uploads\/2019\/11\/TfA-2019-Beitragsbild-80x64.jpg",80,64,true]},"post_excerpt_stackable_v2":"<p>Wir danken der Klasse 8.2, die f\u00fcr den Weltfriedensdienst sammelte und 588,- Euro \u00fcbergeben konnte.<\/p>\n","category_list_v2":"<a href=\"https:\/\/www.leonardo-da-vinci-gymnasium.de\/?cat=18\" rel=\"category\">Unsere Schule<\/a>, <a href=\"https:\/\/www.leonardo-da-vinci-gymnasium.de\/?cat=31\" rel=\"category\">Engagement<\/a>, <a href=\"https:\/\/www.leonardo-da-vinci-gymnasium.de\/?cat=25\" rel=\"category\">Schulleben<\/a>","author_info_v2":{"name":"cbechinie","url":"https:\/\/www.leonardo-da-vinci-gymnasium.de\/?author=1"},"comments_num_v2":"0 comments","uagb_featured_image_src":{"full":["https:\/\/www.leonardo-da-vinci-gymnasium.de\/wp-content\/uploads\/2019\/11\/TfA-2019-Beitragsbild.jpg",387,250,false],"thumbnail":["https:\/\/www.leonardo-da-vinci-gymnasium.de\/wp-content\/uploads\/2019\/11\/TfA-2019-Beitragsbild-150x150.jpg",150,150,true],"medium":["https:\/\/www.leonardo-da-vinci-gymnasium.de\/wp-content\/uploads\/2019\/11\/TfA-2019-Beitragsbild-300x194.jpg",300,194,true],"medium_large":["https:\/\/www.leonardo-da-vinci-gymnasium.de\/wp-content\/uploads\/2019\/11\/TfA-2019-Beitragsbild.jpg",387,250,false],"large":["https:\/\/www.leonardo-da-vinci-gymnasium.de\/wp-content\/uploads\/2019\/11\/TfA-2019-Beitragsbild.jpg",387,250,false],"1536x1536":["https:\/\/www.leonardo-da-vinci-gymnasium.de\/wp-content\/uploads\/2019\/11\/TfA-2019-Beitragsbild.jpg",387,250,false],"2048x2048":["https:\/\/www.leonardo-da-vinci-gymnasium.de\/wp-content\/uploads\/2019\/11\/TfA-2019-Beitragsbild.jpg",387,250,false],"post-thumbnail":["https:\/\/www.leonardo-da-vinci-gymnasium.de\/wp-content\/uploads\/2019\/11\/TfA-2019-Beitragsbild.jpg",387,250,false],"gambit-header-image":["https:\/\/www.leonardo-da-vinci-gymnasium.de\/wp-content\/uploads\/2019\/11\/TfA-2019-Beitragsbild.jpg",387,250,false],"gambit-thumbnail-archive":["https:\/\/www.leonardo-da-vinci-gymnasium.de\/wp-content\/uploads\/2019\/11\/TfA-2019-Beitragsbild-300x240.jpg",300,240,true],"gambit-thumbnail-small":["https:\/\/www.leonardo-da-vinci-gymnasium.de\/wp-content\/uploads\/2019\/11\/TfA-2019-Beitragsbild-100x75.jpg",100,75,true],"gambit-thumbnail-medium":["https:\/\/www.leonardo-da-vinci-gymnasium.de\/wp-content\/uploads\/2019\/11\/TfA-2019-Beitragsbild-300x200.jpg",300,200,true],"gambit-thumbnail-large":["https:\/\/www.leonardo-da-vinci-gymnasium.de\/wp-content\/uploads\/2019\/11\/TfA-2019-Beitragsbild.jpg",387,250,false],"tzwb-thumbnail":["https:\/\/www.leonardo-da-vinci-gymnasium.de\/wp-content\/uploads\/2019\/11\/TfA-2019-Beitragsbild-80x64.jpg",80,64,true]},"uagb_author_info":{"display_name":"cbechinie","author_link":"https:\/\/www.leonardo-da-vinci-gymnasium.de\/?author=1"},"uagb_comment_info":0,"uagb_excerpt":"Wir danken der Klasse 8.2, die f\u00fcr den Weltfriedensdienst sammelte und 588,- Euro \u00fcbergeben konnte.","_links":{"self":[{"href":"https:\/\/www.leonardo-da-vinci-gymnasium.de\/index.php?rest_route=\/wp\/v2\/posts\/1161","targetHints":{"allow":["GET"]}}],"collection":[{"href":"https:\/\/www.leonardo-da-vinci-gymnasium.de\/index.php?rest_route=\/wp\/v2\/posts"}],"about":[{"href":"https:\/\/www.leonardo-da-vinci-gymnasium.de\/index.php?rest_route=\/wp\/v2\/types\/post"}],"author":[{"embeddable":true,"href":"https:\/\/www.leonardo-da-vinci-gymnasium.de\/index.php?rest_route=\/wp\/v2\/users\/1"}],"replies":[{"embeddable":true,"href":"https:\/\/www.leonardo-da-vinci-gymnasium.de\/index.php?rest_route=%2Fwp%2Fv2%2Fcomments&post=1161"}],"version-history":[{"count":24,"href":"https:\/\/www.leonardo-da-vinci-gymnasium.de\/index.php?rest_route=\/wp\/v2\/posts\/1161\/revisions"}],"predecessor-version":[{"id":7239,"href":"https:\/\/www.leonardo-da-vinci-gymnasium.de\/index.php?rest_route=\/wp\/v2\/posts\/1161\/revisions\/7239"}],"wp:featuredmedia":[{"embeddable":true,"href":"https:\/\/www.leonardo-da-vinci-gymnasium.de\/index.php?rest_route=\/wp\/v2\/media\/7238"}],"wp:attachment":[{"href":"https:\/\/www.leonardo-da-vinci-gymnasium.de\/index.php?rest_route=%2Fwp%2Fv2%2Fmedia&parent=1161"}],"wp:term":[{"taxonomy":"category","embeddable":true,"href":"https:\/\/www.leonardo-da-vinci-gymnasium.de\/index.php?rest_route=%2Fwp%2Fv2%2Fcategories&post=1161"},{"taxonomy":"post_tag","embeddable":true,"href":"https:\/\/www.leonardo-da-vinci-gymnasium.de\/index.php?rest_route=%2Fwp%2Fv2%2Ftags&post=1161"}],"curies":[{"name":"wp","href":"https:\/\/api.w.org\/{rel}","templated":true}]}}