{"id":1263,"date":"2019-09-15T12:32:16","date_gmt":"2019-09-15T10:32:16","guid":{"rendered":"http:\/\/www.claudio-bechinie.de\/Wordpress-Test\/?p=1263"},"modified":"2024-02-19T11:00:11","modified_gmt":"2024-02-19T10:00:11","slug":"paedagogische-koordinatorin","status":"publish","type":"post","link":"https:\/\/www.leonardo-da-vinci-gymnasium.de\/?p=1263","title":{"rendered":"Oberstufenkoordinator Herr Amrhein"},"content":{"rendered":"\n<p>Was sind die Aufgaben des Oberstufenkoordinators? <\/p>\n\n\n\n<p>Kurz vor Ende des ersten Halbjahres der 10. Klasse beginnt die Arbeit mit den Sch\u00fclerinnen und Sch\u00fclern. Es geht um den wichtigen \u00dcbergang in die Gymnasiale Oberstufe &#8211; welche und wie viele F\u00e4cher m\u00fcssen belegt werden? In welchen F\u00e4chern werden Pr\u00fcfungen abgelegt? Wie ergibt sich aus den erreichten Punkten sp\u00e4ter der Abiturschnitt? Wann wird man zum Abitur zugelassen? Wie sieht eine flexible Kurswahl aus, um in der Kursphase Pr\u00fcfungsf\u00e4cher notfalls noch umw\u00e4hlen zu k\u00f6nnen? Diese und noch einige andere Informationen m\u00fcssen die Sch\u00fclerinnen und Sch\u00fcler dann in eine erste Kurswahl umsetzen. In Einzelgespr\u00e4chen berate ich bis zu den Osterferien anschlie\u00dfend jede einzelne Sch\u00fclerin und jeden einzelnen Sch\u00fcler, ob die Wahl korrekt bzw. sinnvoll ist oder nicht. Ist die Wahl ausgewertet, entscheide ich in Zusammenarbeit mit dem Schulleiter und der stellvertretenden Schulleiterin, welche Kurse eingerichtet werden k\u00f6nnen.<\/p>\n\n\n\n<p>Die Eltern der Sch\u00fclerinnen und Sch\u00fcler der 10. Klasse werden in der Regel im Februar \u00fcber die Gymnasiale Oberstufe auf einem Elternabend informiert, damit sie ihre Kinder bei der Wahl der Kurse unterst\u00fctzen k\u00f6nnen.<\/p>\n\n\n\n<p>Sp\u00e4testens in den Sommerferien werden die Sch\u00fclerinnen und Sch\u00fcler in die Kurse eingeteilt, so dass sie zu Beginn des Schuljahres ihren Stundenplan erhalten k\u00f6nnen.<\/p>\n\n\n\n<p>W\u00e4hrend der Kursphase bin ich vor allem Berater und Begleiter der Sch\u00fclerinnen und Sch\u00fcler. Hier kommt jetzt auch immer mehr der p\u00e4dagogische Teil meiner Arbeit zum Tragen. Ich sehe mir zum Ende jeden Halbjahres alle Zensuren an, um gegebenenfalls gef\u00e4hrdete Sch\u00fclerinnen und Sch\u00fcler zu warnen und zu beraten bzw. Auswege zu finden.<\/p>\n\n\n\n<p>Wichtig sind auch meine Hinweise zur Pr\u00e4sentationspr\u00fcfung, mit denen ich im 2. Semester beginne. Sie werden im 3. Semester fortgesetzt, in dem dann auch die Durchf\u00fchrung der Themenwahl von der ersten Themenfindung bis zur Genehmigung des Themas stattfindet. Im 4. Semester beginnt der Endspurt unserer Abiturientinnen und Abiturienten. Er wird sp\u00e4testens ab Februar durch einen Count-Down begleitet, in dem jeder Tag bis zur Abiturverleihung bedacht wird. Zum Ende des 4. Semesters erfolgen die Zulassung zum Abitur und die Berechnung der Gesamtqualifikation der einzelnen Sch\u00fclerinnen und Sch\u00fcler. Dann beginnt die hei\u00dfeste Phase des Abiturs, der Pr\u00fcfungszeitraum. Hier hei\u00dft es, Papier f\u00fcr die schriftlichen Arbeiten abzuz\u00e4hlen, Protokollformulare vorzubereiten, Pr\u00fcfungspl\u00e4ne f\u00fcr das m\u00fcndliche Abitur und f\u00fcr die Pr\u00e4sentationspr\u00fcfung zu erstellen, Pr\u00fcfungsr\u00e4ume vorzubereiten und vieles mehr. Fast zum Ende werden die Punkte addiert und die Ergebnisse verk\u00fcndet sowie gegebenenfalls Rettungspr\u00fcfungen organisiert. Den kr\u00f6nenden Abschluss eines Schuljahres bildet dann die Verleihung der Abiturzeugnisse, bei der ich in der Regel mit einer kurzen Bilanz zum Programm beitrage.<\/p>\n\n\n\n<hr class=\"wp-block-separator has-css-opacity is-style-wide\"\/>\n\n\n\n<p><strong>F\u00fcr diejenigen, die mich von au\u00dferhalb der Schule erreichen m\u00f6chten, sind hier meine Kontaktdaten:<\/strong><\/p>\n\n\n\n<p>Telefon: (030) 74 201 216<\/p>\n\n\n\n<p>Mail:\u00a0<a href=\"mailto:amr@ldvg-berlin.de\" data-type=\"mailto\" data-id=\"mailto:amr@ldvg-berlin.de\">amr@ldvg-berlin.de<\/a><\/p>\n","protected":false},"excerpt":{"rendered":"<p>Was sind die Aufgaben des Oberstufenkoordinators? Viele interessante Informationen nicht nur f\u00fcr neue Sch\u00fcler unserer Schule.<\/p>\n","protected":false},"author":1,"featured_media":0,"comment_status":"closed","ping_status":"closed","sticky":false,"template":"","format":"standard","meta":{"_uag_custom_page_level_css":"","ngg_post_thumbnail":0,"footnotes":""},"categories":[146,8],"tags":[55,21],"class_list":["post-1263","post","type-post","status-publish","format-standard","hentry","category-infos-zu-msa-und-abitur","category-ansprechpartner","tag-ansprechpartner","tag-personal"],"featured_image_urls_v2":{"full":"","thumbnail":"","medium":"","medium_large":"","large":"","1536x1536":"","2048x2048":"","post-thumbnail":"","gambit-header-image":"","gambit-thumbnail-archive":"","gambit-thumbnail-small":"","gambit-thumbnail-medium":"","gambit-thumbnail-large":"","tzwb-thumbnail":""},"post_excerpt_stackable_v2":"<p>Was sind die Aufgaben des Oberstufenkoordinators? Viele interessante Informationen nicht nur f\u00fcr neue Sch\u00fcler unserer Schule.<\/p>\n","category_list_v2":"<a href=\"https:\/\/www.leonardo-da-vinci-gymnasium.de\/?cat=146\" rel=\"category\">Infos zu MSA und Abitur<\/a>, <a href=\"https:\/\/www.leonardo-da-vinci-gymnasium.de\/?cat=8\" rel=\"category\">Ansprechpartner<\/a>","author_info_v2":{"name":"cbechinie","url":"https:\/\/www.leonardo-da-vinci-gymnasium.de\/?author=1"},"comments_num_v2":"0 comments","uagb_featured_image_src":{"full":false,"thumbnail":false,"medium":false,"medium_large":false,"large":false,"1536x1536":false,"2048x2048":false,"post-thumbnail":false,"gambit-header-image":false,"gambit-thumbnail-archive":false,"gambit-thumbnail-small":false,"gambit-thumbnail-medium":false,"gambit-thumbnail-large":false,"tzwb-thumbnail":false},"uagb_author_info":{"display_name":"cbechinie","author_link":"https:\/\/www.leonardo-da-vinci-gymnasium.de\/?author=1"},"uagb_comment_info":0,"uagb_excerpt":"Was sind die Aufgaben des Oberstufenkoordinators? Viele interessante Informationen nicht nur f\u00fcr neue Sch\u00fcler unserer Schule.","_links":{"self":[{"href":"https:\/\/www.leonardo-da-vinci-gymnasium.de\/index.php?rest_route=\/wp\/v2\/posts\/1263","targetHints":{"allow":["GET"]}}],"collection":[{"href":"https:\/\/www.leonardo-da-vinci-gymnasium.de\/index.php?rest_route=\/wp\/v2\/posts"}],"about":[{"href":"https:\/\/www.leonardo-da-vinci-gymnasium.de\/index.php?rest_route=\/wp\/v2\/types\/post"}],"author":[{"embeddable":true,"href":"https:\/\/www.leonardo-da-vinci-gymnasium.de\/index.php?rest_route=\/wp\/v2\/users\/1"}],"replies":[{"embeddable":true,"href":"https:\/\/www.leonardo-da-vinci-gymnasium.de\/index.php?rest_route=%2Fwp%2Fv2%2Fcomments&post=1263"}],"version-history":[{"count":12,"href":"https:\/\/www.leonardo-da-vinci-gymnasium.de\/index.php?rest_route=\/wp\/v2\/posts\/1263\/revisions"}],"predecessor-version":[{"id":8416,"href":"https:\/\/www.leonardo-da-vinci-gymnasium.de\/index.php?rest_route=\/wp\/v2\/posts\/1263\/revisions\/8416"}],"wp:attachment":[{"href":"https:\/\/www.leonardo-da-vinci-gymnasium.de\/index.php?rest_route=%2Fwp%2Fv2%2Fmedia&parent=1263"}],"wp:term":[{"taxonomy":"category","embeddable":true,"href":"https:\/\/www.leonardo-da-vinci-gymnasium.de\/index.php?rest_route=%2Fwp%2Fv2%2Fcategories&post=1263"},{"taxonomy":"post_tag","embeddable":true,"href":"https:\/\/www.leonardo-da-vinci-gymnasium.de\/index.php?rest_route=%2Fwp%2Fv2%2Ftags&post=1263"}],"curies":[{"name":"wp","href":"https:\/\/api.w.org\/{rel}","templated":true}]}}