{"id":1287,"date":"2019-06-17T12:41:22","date_gmt":"2019-06-17T10:41:22","guid":{"rendered":"http:\/\/www.claudio-bechinie.de\/Wordpress-Test\/?p=1287"},"modified":"2024-02-19T10:57:19","modified_gmt":"2024-02-19T09:57:19","slug":"koordinatorin-fuer-berufs-und-studienorientierung-bso-frau-kuellmey","status":"publish","type":"post","link":"https:\/\/www.leonardo-da-vinci-gymnasium.de\/?p=1287","title":{"rendered":"Koordinatorin f\u00fcr Berufsorientierung (BO) Frau K\u00fcllmey"},"content":{"rendered":"<div class=\"wp-block-image\">\n<figure class=\"alignright size-large is-resized\"><img decoding=\"async\" src=\"https:\/\/www.leonardo-da-vinci-gymnasium.de\/wp-content\/uploads\/2020\/06\/K\u00fcllmey-2020-e1708165203920.jpg\" alt=\"\" style=\"aspect-ratio:0.8409090909090909;width:239px;height:auto\"\/><\/figure>\n<\/div>\n\n\n<p>Seit der \u00dcbernahme von zwei Erg\u00e4nzungskursen \u201eStudium und Beruf\u201c im 2.Semester im Schuljahr 2016\/17, die es auch erst seit diesem Zeitpunkt an unserer Schule gibt, besch\u00e4ftigte ich mich intensiv mit dem Thema Berufsorientierung. Aber auch schon vorher war es mir ein Anliegen meine Sch\u00fcler auf die \u201eZeit nach der Schule\u201c vorzubereiten.<\/p>\n\n\n\n<p>So war es naheliegend, dass ich im Schuljahr 2017\/18 die T\u00e4tigkeit der BO-Koordinatorin \u00fcbernahm. In dieser Funktion bin ich zugleich Ansprechpartnerin f\u00fcr Sch\u00fcler und Sch\u00fclerinnen, Eltern und Lehrkr\u00e4ften. Durch die Organisation von Informationsveranstaltungen, Exkursionen und Vermittlung von Kontakten m\u00f6chte ich Sch\u00fclern und Sch\u00fclerInnen sowie ihren Eltern auf dem Weg zur Beantwortung der Frage \u201eWas kann ich nach dem Schulabschluss machen?\u201c begleiten, denn ein konkretes Ziel vor Augen zu haben, kann die Motivation zu lernen ungemein positiv beeinflussen.<\/p>\n\n\n\n<p>Den Sch\u00fclern und Sch\u00fclerinnen auf dem Weg zum passenden Studium\/Ausbildung hilfreich zur Seite zu stehen, darin sehe ich meine Hauptaufgabe. Dies passiert allerdings nicht im Alleingang. Neben der professionellen pers\u00f6nlichen Beratung durch den P\u00e4dagogischen Koordinator und die Mittelstufenkoordinatorin arbeiten wir als Schule sehr gut mit der Jugendberufsagentur zusammen. So besteht jede Woche die M\u00f6glichkeit, sich von unserer zust\u00e4ndigen Jugendberufsberaterin an einem vorher vereinbarten Termin individuell beraten zu lassen (z.Z. dienstags und mittwochs). Dieses Angebot ist jahrgangsoffen und steht nicht nur Sch\u00fclern der Oberstufe zur Verf\u00fcgung.<\/p>\n\n\n\n<p>In den Jahren meiner T\u00e4tigkeit habe ich ein Netzwerk von Kontakten gekn\u00fcpft, so gab es z.B. gemeinsame Unterrichtsprojekte mit der TH Wildau (Projekt Hayd\u00ed), der Hochschule f\u00fcr Wirtschaft und Recht (HWR) Berlin, der Hochschule f\u00fcr Digitalisierung und Technologie (XU&nbsp;Exponential University&nbsp;Potsdam), der Brandenburgischen Technischen Universit\u00e4t (BTU Cottbus), dem American Institute of Foreign Studies (AIFS), der Fachhochschule des Mittelstands (FHM) u.a. Mitarbeiter dieser Einrichtungen kamen zu uns in die Schule bzw. Sch\u00fcler und Sch\u00fclerinnen lernen sie bei Exkursionen kennen. Die durchweg guten Erfahrungen mit diesen externen Partnern f\u00fchrten in einigen F\u00e4llen zu einer langfristigen Kooperation, wie z.B. mit unserem Partner BOB-Synicial (BOB), der j\u00e4hrlich den Studientag in der 11.Klasse organisiert und ein Assessmenttraining anbietet. Ebenfalls auf gro\u00dfe Resonanz sto\u00dfen die j\u00e4hrlich organisierten Besuche auf den Berufsorientierungsmessen Einstieg und Vocatium.<\/p>\n\n\n\n<p>Eine meiner Aufgaben besteht auch darin, das vielf\u00e4ltige Material, was uns von Senatsseite, von Hochschulen und Ausbildungsbetrieben zugesendet wird, zu sichten und zu verteilen (Ablage vor dem Sekretariatsbereich), sowie auf aktuelle Veranstaltungen, wie z.B. Hochschultage und Ausbildungsmessen (Aush\u00e4nge im Foyer und Schaukasten vor dem Sekretariatsbereich), hinzuweisen.<br>\u00dcber unseren schulinternen digitalen Kanal IServ erhalten Sch\u00fclerInnen, Eltern und Lehrkr\u00e4fte regelm\u00e4\u00dfig aktuelle Informationen zu Veranstaltungen der Berufsorientierung.<\/p>\n\n\n\n<blockquote class=\"wp-block-quote is-layout-flow wp-block-quote-is-layout-flow\">\n<p>Petra K\u00fcllmey<\/p>\n<\/blockquote>\n\n\n\n<p><strong>F\u00fcr diejenigen, die mich von au\u00dferhalb der Schule erreichen m\u00f6chten, sind hier meine Kontaktdaten:<\/strong><\/p>\n\n\n\n<p>Telefon: (030) 74 201 239<\/p>\n\n\n\n<p>Mail:&nbsp;<a href=\"mailto:km@ldvg-berlin.de\">km@ldvg-berlin.de<\/a><\/p>\n","protected":false},"excerpt":{"rendered":"<p>Durch die Organisation von Informationsveranstaltungen, Exkursionen und Vermittlung von Kontakten m\u00f6chte ich Sch\u00fcler\/innen und ihren Eltern auf dem Weg zur Beantwortung der Frage \u201eWas kann ich nach dem Abitur machen?\u201c begleiten, denn ein konkretes Ziel vor Augen zu haben, kann die Motivation zu lernen ungemein positiv beeinflussen.<\/p>\n","protected":false},"author":1,"featured_media":0,"comment_status":"closed","ping_status":"closed","sticky":false,"template":"","format":"standard","meta":{"_uag_custom_page_level_css":"","ngg_post_thumbnail":0,"footnotes":""},"categories":[8],"tags":[55,21],"class_list":["post-1287","post","type-post","status-publish","format-standard","hentry","category-ansprechpartner","tag-ansprechpartner","tag-personal"],"featured_image_urls_v2":{"full":"","thumbnail":"","medium":"","medium_large":"","large":"","1536x1536":"","2048x2048":"","post-thumbnail":"","gambit-header-image":"","gambit-thumbnail-archive":"","gambit-thumbnail-small":"","gambit-thumbnail-medium":"","gambit-thumbnail-large":"","tzwb-thumbnail":""},"post_excerpt_stackable_v2":"<p>Durch die Organisation von Informationsveranstaltungen, Exkursionen und Vermittlung von Kontakten m\u00f6chte ich Sch\u00fcler\/innen und ihren Eltern auf dem Weg zur Beantwortung der Frage \u201eWas kann ich nach dem Abitur machen?\u201c begleiten, denn ein konkretes Ziel vor Augen zu haben, kann die Motivation zu lernen ungemein positiv beeinflussen.<\/p>\n","category_list_v2":"<a href=\"https:\/\/www.leonardo-da-vinci-gymnasium.de\/?cat=8\" rel=\"category\">Ansprechpartner<\/a>","author_info_v2":{"name":"cbechinie","url":"https:\/\/www.leonardo-da-vinci-gymnasium.de\/?author=1"},"comments_num_v2":"0 comments","uagb_featured_image_src":{"full":false,"thumbnail":false,"medium":false,"medium_large":false,"large":false,"1536x1536":false,"2048x2048":false,"post-thumbnail":false,"gambit-header-image":false,"gambit-thumbnail-archive":false,"gambit-thumbnail-small":false,"gambit-thumbnail-medium":false,"gambit-thumbnail-large":false,"tzwb-thumbnail":false},"uagb_author_info":{"display_name":"cbechinie","author_link":"https:\/\/www.leonardo-da-vinci-gymnasium.de\/?author=1"},"uagb_comment_info":0,"uagb_excerpt":"Durch die Organisation von Informationsveranstaltungen, Exkursionen und Vermittlung von Kontakten m\u00f6chte ich Sch\u00fcler\/innen und ihren Eltern auf dem Weg zur Beantwortung der Frage \u201eWas kann ich nach dem Abitur machen?\u201c begleiten, denn ein konkretes Ziel vor Augen zu haben, kann die Motivation zu lernen ungemein positiv beeinflussen.","_links":{"self":[{"href":"https:\/\/www.leonardo-da-vinci-gymnasium.de\/index.php?rest_route=\/wp\/v2\/posts\/1287","targetHints":{"allow":["GET"]}}],"collection":[{"href":"https:\/\/www.leonardo-da-vinci-gymnasium.de\/index.php?rest_route=\/wp\/v2\/posts"}],"about":[{"href":"https:\/\/www.leonardo-da-vinci-gymnasium.de\/index.php?rest_route=\/wp\/v2\/types\/post"}],"author":[{"embeddable":true,"href":"https:\/\/www.leonardo-da-vinci-gymnasium.de\/index.php?rest_route=\/wp\/v2\/users\/1"}],"replies":[{"embeddable":true,"href":"https:\/\/www.leonardo-da-vinci-gymnasium.de\/index.php?rest_route=%2Fwp%2Fv2%2Fcomments&post=1287"}],"version-history":[{"count":11,"href":"https:\/\/www.leonardo-da-vinci-gymnasium.de\/index.php?rest_route=\/wp\/v2\/posts\/1287\/revisions"}],"predecessor-version":[{"id":8415,"href":"https:\/\/www.leonardo-da-vinci-gymnasium.de\/index.php?rest_route=\/wp\/v2\/posts\/1287\/revisions\/8415"}],"wp:attachment":[{"href":"https:\/\/www.leonardo-da-vinci-gymnasium.de\/index.php?rest_route=%2Fwp%2Fv2%2Fmedia&parent=1287"}],"wp:term":[{"taxonomy":"category","embeddable":true,"href":"https:\/\/www.leonardo-da-vinci-gymnasium.de\/index.php?rest_route=%2Fwp%2Fv2%2Fcategories&post=1287"},{"taxonomy":"post_tag","embeddable":true,"href":"https:\/\/www.leonardo-da-vinci-gymnasium.de\/index.php?rest_route=%2Fwp%2Fv2%2Ftags&post=1287"}],"curies":[{"name":"wp","href":"https:\/\/api.w.org\/{rel}","templated":true}]}}