{"id":1722,"date":"2022-05-17T16:48:34","date_gmt":"2022-05-17T14:48:34","guid":{"rendered":"http:\/\/www.claudio-bechinie.de\/Wordpress-Test\/?p=1722"},"modified":"2022-11-02T12:49:55","modified_gmt":"2022-11-02T11:49:55","slug":"sozialkunde","status":"publish","type":"post","link":"https:\/\/www.leonardo-da-vinci-gymnasium.de\/?p=1722","title":{"rendered":"Sozialkunde"},"content":{"rendered":"\n<p>Das Fach Sozialkunde ist bei uns \u2013 wie an allen Berliner Schulen \u2013 integrativer Bestandteil des Faches Geschichte in den Jahrgangsstufen 7 bis 10. Der Rahmenlehrplan Sozialkunde f\u00fchrt in diesem Zusammenhang f\u00fcr die Sekundarstufe I aus:<\/p>\n\n\n\n<blockquote class=\"wp-block-quote is-layout-flow wp-block-quote-is-layout-flow\">\n<p>\u201eUm eine verantwortungsvolle Rolle als B\u00fcrger in einer demokratischen Gesellschaft einnehmen zu k\u00f6nnen, ist der Erwerb von fachbezogenen Kompetenzen notwendig. Zur Besonderheit der politischen Bildung und der F\u00f6rderung demokratischen Handelns geh\u00f6rt, dass die zu erwerbenden Kompetenzen \u00fcber den Fachunterricht hinaus im Lebensalltag der Jugendlichen, in der Schule und in der Gesellschaft politisch wirksam werden.\u201c<\/p>\n<\/blockquote>\n\n\n\n<p>Dar\u00fcber hinaus sei zu beachten, dass politisches Handeln gr\u00f6\u00dftenteils au\u00dferhalb der Schule oder Klasse stattfinde. (Vgl. SVBJS: Rahmenlehrplan Sozialkunde, Sek. I, Jg. 7 \u2013 10, Berlin 2006\/2007, S. 10.)<\/p>\n\n\n\n<p>Vor allem das dreiw\u00f6chige Betriebspraktikum am Ende der 9. Jahrgangsstufe nimmt einen herausragenden Stellenwert innerhalb des Sozialkundeunterrichts ein, denn dieses erm\u00f6glicht den Lernenden einen praxisnahen Einblick in die Wirtschafts-, Arbeits- und Berufswelt.&nbsp;<\/p>\n","protected":false},"excerpt":{"rendered":"<p>Das Fach Sozialkunde ist integrativer Bestandteil des Faches Geschichte in den Jahrgangsstufen 7 bis 10.<\/p>\n","protected":false},"author":1,"featured_media":4127,"comment_status":"closed","ping_status":"closed","sticky":false,"template":"","format":"standard","meta":{"_uag_custom_page_level_css":"","ngg_post_thumbnail":0,"footnotes":""},"categories":[179],"tags":[],"class_list":["post-1722","post","type-post","status-publish","format-standard","has-post-thumbnail","hentry","category-sozialkunde"],"featured_image_urls_v2":{"full":["https:\/\/www.leonardo-da-vinci-gymnasium.de\/wp-content\/uploads\/2020\/09\/Weisser-Punkt-1.jpg",10,2,false],"thumbnail":["https:\/\/www.leonardo-da-vinci-gymnasium.de\/wp-content\/uploads\/2020\/09\/Weisser-Punkt-1.jpg",10,2,false],"medium":["https:\/\/www.leonardo-da-vinci-gymnasium.de\/wp-content\/uploads\/2020\/09\/Weisser-Punkt-1.jpg",10,2,false],"medium_large":["https:\/\/www.leonardo-da-vinci-gymnasium.de\/wp-content\/uploads\/2020\/09\/Weisser-Punkt-1.jpg",10,2,false],"large":["https:\/\/www.leonardo-da-vinci-gymnasium.de\/wp-content\/uploads\/2020\/09\/Weisser-Punkt-1.jpg",10,2,false],"1536x1536":["https:\/\/www.leonardo-da-vinci-gymnasium.de\/wp-content\/uploads\/2020\/09\/Weisser-Punkt-1.jpg",10,2,false],"2048x2048":["https:\/\/www.leonardo-da-vinci-gymnasium.de\/wp-content\/uploads\/2020\/09\/Weisser-Punkt-1.jpg",10,2,false],"post-thumbnail":["https:\/\/www.leonardo-da-vinci-gymnasium.de\/wp-content\/uploads\/2020\/09\/Weisser-Punkt-1.jpg",10,2,false],"gambit-header-image":["https:\/\/www.leonardo-da-vinci-gymnasium.de\/wp-content\/uploads\/2020\/09\/Weisser-Punkt-1.jpg",10,2,false],"gambit-thumbnail-archive":["https:\/\/www.leonardo-da-vinci-gymnasium.de\/wp-content\/uploads\/2020\/09\/Weisser-Punkt-1.jpg",10,2,false],"gambit-thumbnail-small":["https:\/\/www.leonardo-da-vinci-gymnasium.de\/wp-content\/uploads\/2020\/09\/Weisser-Punkt-1.jpg",10,2,false],"gambit-thumbnail-medium":["https:\/\/www.leonardo-da-vinci-gymnasium.de\/wp-content\/uploads\/2020\/09\/Weisser-Punkt-1.jpg",10,2,false],"gambit-thumbnail-large":["https:\/\/www.leonardo-da-vinci-gymnasium.de\/wp-content\/uploads\/2020\/09\/Weisser-Punkt-1.jpg",10,2,false],"tzwb-thumbnail":["https:\/\/www.leonardo-da-vinci-gymnasium.de\/wp-content\/uploads\/2020\/09\/Weisser-Punkt-1.jpg",10,2,false]},"post_excerpt_stackable_v2":"<p>Das Fach Sozialkunde ist integrativer Bestandteil des Faches Geschichte in den Jahrgangsstufen 7 bis 10.<\/p>\n","category_list_v2":"<a href=\"https:\/\/www.leonardo-da-vinci-gymnasium.de\/?cat=179\" rel=\"category\">Sozialkunde<\/a>","author_info_v2":{"name":"cbechinie","url":"https:\/\/www.leonardo-da-vinci-gymnasium.de\/?author=1"},"comments_num_v2":"0 comments","uagb_featured_image_src":{"full":["https:\/\/www.leonardo-da-vinci-gymnasium.de\/wp-content\/uploads\/2020\/09\/Weisser-Punkt-1.jpg",10,2,false],"thumbnail":["https:\/\/www.leonardo-da-vinci-gymnasium.de\/wp-content\/uploads\/2020\/09\/Weisser-Punkt-1.jpg",10,2,false],"medium":["https:\/\/www.leonardo-da-vinci-gymnasium.de\/wp-content\/uploads\/2020\/09\/Weisser-Punkt-1.jpg",10,2,false],"medium_large":["https:\/\/www.leonardo-da-vinci-gymnasium.de\/wp-content\/uploads\/2020\/09\/Weisser-Punkt-1.jpg",10,2,false],"large":["https:\/\/www.leonardo-da-vinci-gymnasium.de\/wp-content\/uploads\/2020\/09\/Weisser-Punkt-1.jpg",10,2,false],"1536x1536":["https:\/\/www.leonardo-da-vinci-gymnasium.de\/wp-content\/uploads\/2020\/09\/Weisser-Punkt-1.jpg",10,2,false],"2048x2048":["https:\/\/www.leonardo-da-vinci-gymnasium.de\/wp-content\/uploads\/2020\/09\/Weisser-Punkt-1.jpg",10,2,false],"post-thumbnail":["https:\/\/www.leonardo-da-vinci-gymnasium.de\/wp-content\/uploads\/2020\/09\/Weisser-Punkt-1.jpg",10,2,false],"gambit-header-image":["https:\/\/www.leonardo-da-vinci-gymnasium.de\/wp-content\/uploads\/2020\/09\/Weisser-Punkt-1.jpg",10,2,false],"gambit-thumbnail-archive":["https:\/\/www.leonardo-da-vinci-gymnasium.de\/wp-content\/uploads\/2020\/09\/Weisser-Punkt-1.jpg",10,2,false],"gambit-thumbnail-small":["https:\/\/www.leonardo-da-vinci-gymnasium.de\/wp-content\/uploads\/2020\/09\/Weisser-Punkt-1.jpg",10,2,false],"gambit-thumbnail-medium":["https:\/\/www.leonardo-da-vinci-gymnasium.de\/wp-content\/uploads\/2020\/09\/Weisser-Punkt-1.jpg",10,2,false],"gambit-thumbnail-large":["https:\/\/www.leonardo-da-vinci-gymnasium.de\/wp-content\/uploads\/2020\/09\/Weisser-Punkt-1.jpg",10,2,false],"tzwb-thumbnail":["https:\/\/www.leonardo-da-vinci-gymnasium.de\/wp-content\/uploads\/2020\/09\/Weisser-Punkt-1.jpg",10,2,false]},"uagb_author_info":{"display_name":"cbechinie","author_link":"https:\/\/www.leonardo-da-vinci-gymnasium.de\/?author=1"},"uagb_comment_info":0,"uagb_excerpt":"Das Fach Sozialkunde ist integrativer Bestandteil des Faches Geschichte in den Jahrgangsstufen 7 bis 10.","_links":{"self":[{"href":"https:\/\/www.leonardo-da-vinci-gymnasium.de\/index.php?rest_route=\/wp\/v2\/posts\/1722","targetHints":{"allow":["GET"]}}],"collection":[{"href":"https:\/\/www.leonardo-da-vinci-gymnasium.de\/index.php?rest_route=\/wp\/v2\/posts"}],"about":[{"href":"https:\/\/www.leonardo-da-vinci-gymnasium.de\/index.php?rest_route=\/wp\/v2\/types\/post"}],"author":[{"embeddable":true,"href":"https:\/\/www.leonardo-da-vinci-gymnasium.de\/index.php?rest_route=\/wp\/v2\/users\/1"}],"replies":[{"embeddable":true,"href":"https:\/\/www.leonardo-da-vinci-gymnasium.de\/index.php?rest_route=%2Fwp%2Fv2%2Fcomments&post=1722"}],"version-history":[{"count":2,"href":"https:\/\/www.leonardo-da-vinci-gymnasium.de\/index.php?rest_route=\/wp\/v2\/posts\/1722\/revisions"}],"predecessor-version":[{"id":6962,"href":"https:\/\/www.leonardo-da-vinci-gymnasium.de\/index.php?rest_route=\/wp\/v2\/posts\/1722\/revisions\/6962"}],"wp:featuredmedia":[{"embeddable":true,"href":"https:\/\/www.leonardo-da-vinci-gymnasium.de\/index.php?rest_route=\/wp\/v2\/media\/4127"}],"wp:attachment":[{"href":"https:\/\/www.leonardo-da-vinci-gymnasium.de\/index.php?rest_route=%2Fwp%2Fv2%2Fmedia&parent=1722"}],"wp:term":[{"taxonomy":"category","embeddable":true,"href":"https:\/\/www.leonardo-da-vinci-gymnasium.de\/index.php?rest_route=%2Fwp%2Fv2%2Fcategories&post=1722"},{"taxonomy":"post_tag","embeddable":true,"href":"https:\/\/www.leonardo-da-vinci-gymnasium.de\/index.php?rest_route=%2Fwp%2Fv2%2Ftags&post=1722"}],"curies":[{"name":"wp","href":"https:\/\/api.w.org\/{rel}","templated":true}]}}