{"id":2013,"date":"2020-05-26T12:17:33","date_gmt":"2020-05-26T10:17:33","guid":{"rendered":"http:\/\/www.claudio-bechinie.de\/Wordpress-Test\/?p=2013"},"modified":"2023-10-07T14:11:38","modified_gmt":"2023-10-07T12:11:38","slug":"fachbereich-musik-ueberblick-allgemein","status":"publish","type":"post","link":"https:\/\/www.leonardo-da-vinci-gymnasium.de\/?p=2013","title":{"rendered":"Ausstattung"},"content":{"rendered":"\n<h5 class=\"wp-block-heading\">Materielle Ausstattung:<\/h5>\n\n\n\n<ul class=\"wp-block-list\">\n<li>zwei&nbsp;Musikfachr\u00e4ume (jeweils mit WLAN\/Beamer, mp3-Musikanlage und Klavier)\n<ul class=\"wp-block-list\">\n<li>einer&nbsp;davon mit Computer und mobiler Dokumentenkamera&nbsp;<\/li>\n\n\n\n<li>der andere&nbsp;mit 16 Stand-Keyboards<\/li>\n<\/ul>\n<\/li>\n<\/ul>\n\n\n\n<ul class=\"wp-block-list\">\n<li>Raum mit 16&nbsp;Tisch-Keyboards&nbsp;(Platz f\u00fcr 32&nbsp;Sch.)&nbsp;<\/li>\n\n\n\n<li>kleiner\u00a0Proberaum\n<ul class=\"wp-block-list\">\n<li>mit&nbsp;Drumsets, Verst\u00e4rkern, Bass-\/E-Gitarren,&nbsp;Mikrofonen, Keyboards, Stabspielen,&nbsp;Notenst\u00e4ndern, Mischpult&nbsp;usw. <\/li>\n\n\n\n<li>f\u00fcr Gruppenarbeit, Bands,&nbsp;Kursarbeit&nbsp;in&nbsp;Wahlpflicht\/Sek2&nbsp;<\/li>\n<\/ul>\n<\/li>\n<\/ul>\n\n\n\n<ul class=\"wp-block-list\">\n<li>Aula mit&nbsp;B\u00fchne,&nbsp;Licht-\/Tontechnik\n<ul class=\"wp-block-list\">\n<li>u.a.&nbsp;genutzt f\u00fcr Wahlpflicht oder&nbsp;\u201eDarstellendes&nbsp;Spiel&#8220;&nbsp;<\/li>\n<\/ul>\n<\/li>\n<\/ul>\n\n\n\n<p>Wir verf\u00fcgen zudem \u00fcber eine gro\u00dfe Vielfalt an Musik- u. Liederb\u00fcchern, DVD-\/CD-(ROM)- Aufnahmen, Noten-Partituren (v.a. f\u00fcr die Sek2) sowie an einzelnen Orff-Instrumenten und verschiedenen Blas-, Streich- u. Fellinstrumenten, u.a. aber auch \u00fcber mehrere Djemben, Cajons, zwei Sets Boomwhacker oder 16 Akustikgitarren (an denen in einem Jahrgang Grundtechniken des Gitarrespiels im Klassenverband unterrichtet werden).&nbsp;<\/p>\n\n\n\n<h5 class=\"wp-block-heading\">Lehrkr\u00e4fte:<\/h5>\n\n\n\n<ul class=\"wp-block-list\">\n<li>Fr. R. Beck-Schnitker&nbsp;(Mu, Ma)&nbsp;<\/li>\n\n\n\n<li>Fr. A. Hunke\u00a0(Mu,\u00a0Ge,\u00a0PB,\u00a0Eth)\u00a0<\/li>\n\n\n\n<li>Hr. E. Poup (Mu, Eth\/Phil <\/li>\n\n\n\n<li>Fr.&nbsp;I.&nbsp;Ruthenberg&nbsp;(Mu, De)&nbsp;<\/li>\n\n\n\n<li>Fr. M.&nbsp;Trube&nbsp;(Mu,&nbsp;Lat)&nbsp;<\/li>\n\n\n\n<li>Lehramtsanw\u00e4rter:&nbsp;\/&nbsp;<\/li>\n<\/ul>\n\n\n\n<h5 class=\"wp-block-heading\">Arbeitsgemeinschaften:<\/h5>\n\n\n\n<figure class=\"wp-block-table is-style-stripes\"><table class=\"has-background\" style=\"background-color:#f3f4f5\"><tbody><tr><td>Schul-Chor <br>(AG ab 8.Kl. bzw. als Ensemble-Zusatzkurs)<\/td><td>Fr. Ruthenberg mit Hr. Poup<br>(vertritt Fr. Beck-Schnitker<\/td><td>Donnerstag 8. \u2013 10. Std.<br>in der Aula<\/td><\/tr><tr><td>AG Studiotechnik<\/td><td>Hr. Beck<\/td><td>Freitag 8.\/9. Std. in der Aula<\/td><\/tr><\/tbody><\/table><\/figure>\n","protected":false},"excerpt":{"rendered":"<p>Informationen zu Ausstattung, Lehrkr\u00e4ften und Arbeitsgemeinschaften.<\/p>\n","protected":false},"author":1,"featured_media":4127,"comment_status":"closed","ping_status":"closed","sticky":false,"template":"","format":"standard","meta":{"_uag_custom_page_level_css":"","ngg_post_thumbnail":0,"footnotes":""},"categories":[132],"tags":[],"class_list":["post-2013","post","type-post","status-publish","format-standard","has-post-thumbnail","hentry","category-musik-organisation"],"featured_image_urls_v2":{"full":["https:\/\/www.leonardo-da-vinci-gymnasium.de\/wp-content\/uploads\/2020\/09\/Weisser-Punkt-1.jpg",10,2,false],"thumbnail":["https:\/\/www.leonardo-da-vinci-gymnasium.de\/wp-content\/uploads\/2020\/09\/Weisser-Punkt-1.jpg",10,2,false],"medium":["https:\/\/www.leonardo-da-vinci-gymnasium.de\/wp-content\/uploads\/2020\/09\/Weisser-Punkt-1.jpg",10,2,false],"medium_large":["https:\/\/www.leonardo-da-vinci-gymnasium.de\/wp-content\/uploads\/2020\/09\/Weisser-Punkt-1.jpg",10,2,false],"large":["https:\/\/www.leonardo-da-vinci-gymnasium.de\/wp-content\/uploads\/2020\/09\/Weisser-Punkt-1.jpg",10,2,false],"1536x1536":["https:\/\/www.leonardo-da-vinci-gymnasium.de\/wp-content\/uploads\/2020\/09\/Weisser-Punkt-1.jpg",10,2,false],"2048x2048":["https:\/\/www.leonardo-da-vinci-gymnasium.de\/wp-content\/uploads\/2020\/09\/Weisser-Punkt-1.jpg",10,2,false],"post-thumbnail":["https:\/\/www.leonardo-da-vinci-gymnasium.de\/wp-content\/uploads\/2020\/09\/Weisser-Punkt-1.jpg",10,2,false],"gambit-header-image":["https:\/\/www.leonardo-da-vinci-gymnasium.de\/wp-content\/uploads\/2020\/09\/Weisser-Punkt-1.jpg",10,2,false],"gambit-thumbnail-archive":["https:\/\/www.leonardo-da-vinci-gymnasium.de\/wp-content\/uploads\/2020\/09\/Weisser-Punkt-1.jpg",10,2,false],"gambit-thumbnail-small":["https:\/\/www.leonardo-da-vinci-gymnasium.de\/wp-content\/uploads\/2020\/09\/Weisser-Punkt-1.jpg",10,2,false],"gambit-thumbnail-medium":["https:\/\/www.leonardo-da-vinci-gymnasium.de\/wp-content\/uploads\/2020\/09\/Weisser-Punkt-1.jpg",10,2,false],"gambit-thumbnail-large":["https:\/\/www.leonardo-da-vinci-gymnasium.de\/wp-content\/uploads\/2020\/09\/Weisser-Punkt-1.jpg",10,2,false],"tzwb-thumbnail":["https:\/\/www.leonardo-da-vinci-gymnasium.de\/wp-content\/uploads\/2020\/09\/Weisser-Punkt-1.jpg",10,2,false]},"post_excerpt_stackable_v2":"<p>Informationen zu Ausstattung, Lehrkr\u00e4ften und Arbeitsgemeinschaften.<\/p>\n","category_list_v2":"<a href=\"https:\/\/www.leonardo-da-vinci-gymnasium.de\/?cat=132\" rel=\"category\">Musik - Organisation<\/a>","author_info_v2":{"name":"cbechinie","url":"https:\/\/www.leonardo-da-vinci-gymnasium.de\/?author=1"},"comments_num_v2":"0 comments","uagb_featured_image_src":{"full":["https:\/\/www.leonardo-da-vinci-gymnasium.de\/wp-content\/uploads\/2020\/09\/Weisser-Punkt-1.jpg",10,2,false],"thumbnail":["https:\/\/www.leonardo-da-vinci-gymnasium.de\/wp-content\/uploads\/2020\/09\/Weisser-Punkt-1.jpg",10,2,false],"medium":["https:\/\/www.leonardo-da-vinci-gymnasium.de\/wp-content\/uploads\/2020\/09\/Weisser-Punkt-1.jpg",10,2,false],"medium_large":["https:\/\/www.leonardo-da-vinci-gymnasium.de\/wp-content\/uploads\/2020\/09\/Weisser-Punkt-1.jpg",10,2,false],"large":["https:\/\/www.leonardo-da-vinci-gymnasium.de\/wp-content\/uploads\/2020\/09\/Weisser-Punkt-1.jpg",10,2,false],"1536x1536":["https:\/\/www.leonardo-da-vinci-gymnasium.de\/wp-content\/uploads\/2020\/09\/Weisser-Punkt-1.jpg",10,2,false],"2048x2048":["https:\/\/www.leonardo-da-vinci-gymnasium.de\/wp-content\/uploads\/2020\/09\/Weisser-Punkt-1.jpg",10,2,false],"post-thumbnail":["https:\/\/www.leonardo-da-vinci-gymnasium.de\/wp-content\/uploads\/2020\/09\/Weisser-Punkt-1.jpg",10,2,false],"gambit-header-image":["https:\/\/www.leonardo-da-vinci-gymnasium.de\/wp-content\/uploads\/2020\/09\/Weisser-Punkt-1.jpg",10,2,false],"gambit-thumbnail-archive":["https:\/\/www.leonardo-da-vinci-gymnasium.de\/wp-content\/uploads\/2020\/09\/Weisser-Punkt-1.jpg",10,2,false],"gambit-thumbnail-small":["https:\/\/www.leonardo-da-vinci-gymnasium.de\/wp-content\/uploads\/2020\/09\/Weisser-Punkt-1.jpg",10,2,false],"gambit-thumbnail-medium":["https:\/\/www.leonardo-da-vinci-gymnasium.de\/wp-content\/uploads\/2020\/09\/Weisser-Punkt-1.jpg",10,2,false],"gambit-thumbnail-large":["https:\/\/www.leonardo-da-vinci-gymnasium.de\/wp-content\/uploads\/2020\/09\/Weisser-Punkt-1.jpg",10,2,false],"tzwb-thumbnail":["https:\/\/www.leonardo-da-vinci-gymnasium.de\/wp-content\/uploads\/2020\/09\/Weisser-Punkt-1.jpg",10,2,false]},"uagb_author_info":{"display_name":"cbechinie","author_link":"https:\/\/www.leonardo-da-vinci-gymnasium.de\/?author=1"},"uagb_comment_info":0,"uagb_excerpt":"Informationen zu Ausstattung, Lehrkr\u00e4ften und Arbeitsgemeinschaften.","_links":{"self":[{"href":"https:\/\/www.leonardo-da-vinci-gymnasium.de\/index.php?rest_route=\/wp\/v2\/posts\/2013","targetHints":{"allow":["GET"]}}],"collection":[{"href":"https:\/\/www.leonardo-da-vinci-gymnasium.de\/index.php?rest_route=\/wp\/v2\/posts"}],"about":[{"href":"https:\/\/www.leonardo-da-vinci-gymnasium.de\/index.php?rest_route=\/wp\/v2\/types\/post"}],"author":[{"embeddable":true,"href":"https:\/\/www.leonardo-da-vinci-gymnasium.de\/index.php?rest_route=\/wp\/v2\/users\/1"}],"replies":[{"embeddable":true,"href":"https:\/\/www.leonardo-da-vinci-gymnasium.de\/index.php?rest_route=%2Fwp%2Fv2%2Fcomments&post=2013"}],"version-history":[{"count":14,"href":"https:\/\/www.leonardo-da-vinci-gymnasium.de\/index.php?rest_route=\/wp\/v2\/posts\/2013\/revisions"}],"predecessor-version":[{"id":8076,"href":"https:\/\/www.leonardo-da-vinci-gymnasium.de\/index.php?rest_route=\/wp\/v2\/posts\/2013\/revisions\/8076"}],"wp:featuredmedia":[{"embeddable":true,"href":"https:\/\/www.leonardo-da-vinci-gymnasium.de\/index.php?rest_route=\/wp\/v2\/media\/4127"}],"wp:attachment":[{"href":"https:\/\/www.leonardo-da-vinci-gymnasium.de\/index.php?rest_route=%2Fwp%2Fv2%2Fmedia&parent=2013"}],"wp:term":[{"taxonomy":"category","embeddable":true,"href":"https:\/\/www.leonardo-da-vinci-gymnasium.de\/index.php?rest_route=%2Fwp%2Fv2%2Fcategories&post=2013"},{"taxonomy":"post_tag","embeddable":true,"href":"https:\/\/www.leonardo-da-vinci-gymnasium.de\/index.php?rest_route=%2Fwp%2Fv2%2Ftags&post=2013"}],"curies":[{"name":"wp","href":"https:\/\/api.w.org\/{rel}","templated":true}]}}