{"id":2034,"date":"2020-05-27T13:11:47","date_gmt":"2020-05-27T11:11:47","guid":{"rendered":"http:\/\/www.claudio-bechinie.de\/Wordpress-Test\/?p=2034"},"modified":"2023-10-07T14:18:21","modified_gmt":"2023-10-07T12:18:21","slug":"organisation-des-musikunterrichts","status":"publish","type":"post","link":"https:\/\/www.leonardo-da-vinci-gymnasium.de\/?p=2034","title":{"rendered":"Organisation"},"content":{"rendered":"\n<h5 class=\"wp-block-heading\">Sekundarstufe I&nbsp;(Kl. 7-10)<\/h5>\n\n\n\n<figure class=\"wp-block-table is-style-stripes\"><table class=\"has-background\" style=\"background-color:#f3f4f5\"><tbody><tr><td><strong>Jg. 7:<\/strong><\/td><td>beide Halbjahre 2 WS (= Wochenstunden) Musikunterricht&nbsp;<\/td><\/tr><tr><td><strong>Jg. 8&nbsp;\/&nbsp;9:<\/strong><\/td><td>jeweils 1,5 WS: Unterricht pro Halbj. entw. eine WS oder 2 WS w\u00f6chentlich&nbsp;<\/td><\/tr><tr><td><strong>Jg. 10:<\/strong><\/td><td>eine WS epochal unterrichtet, d.h. nur ein Halbj. 2 WS als 90&#8242;-Block mit stets versetzungsrelevanter Zeugnisnote (im Wechsel mit anderem Schulfach)<\/td><\/tr><\/tbody><\/table><\/figure>\n\n\n\n<p><strong>M\u00f6gliche Zusatzwahlen&nbsp;<\/strong>mit noch&nbsp;<strong>mehr&nbsp;Praxisbezug,&nbsp;Talentef\u00f6rderung<\/strong>&nbsp;und<strong>&nbsp;gezielterer&nbsp;Bef\u00e4higung f\u00fcr die Oberstufe:<\/strong>&nbsp;<\/p>\n\n\n\n<figure class=\"wp-block-table is-style-stripes\"><table class=\"has-background\" style=\"background-color:#f3f4f5\"><tbody><tr><td><strong>Jg. 9&nbsp;\/&nbsp;10:<\/strong><\/td><td>Wahlpflichtfach \u201eMusik\u201c je 2 WS<\/td><\/tr><tr><td><\/td><td>WPF \u201eKulturwerkstatt\u201c je 2 WS (Mix aus Mu-De-BK-DS)<\/td><\/tr><\/tbody><\/table><\/figure>\n\n\n\n<h5 class=\"wp-block-heading\">Sek II = Oberstufe (Kursphase: Jg. 11-12)<\/h5>\n\n\n\n<p>Die in max. vier Semestern (Halbjahren) erreichten Notenpunkte k\u00f6nnen komplett ins Abitur-Ergebnis einflie\u00dfen, Pr\u00fcfungen zus\u00e4tzlich. Folgende <strong>Kurse<\/strong> (mit je 3 WS) sind <strong>w\u00e4hlbar<\/strong>:<\/p>\n\n\n\n<figure class=\"wp-block-table is-style-stripes\"><table class=\"has-background\" style=\"background-color:#f3f4f5\"><tbody><tr><td><strong>Grundkurs (GK)<\/strong><\/td><td>Zeugnis-Notenpunkte f\u00fcr Abiturergebnis<\/td><\/tr><tr><td><\/td><td><strong>freiwillig:<\/strong>&nbsp; schriftl. Abiturpr\u00fcfung&nbsp;(als 3.PF) oder&nbsp;m\u00fcndl. Abiturpr\u00fcfung&nbsp; (als 4.PF) oder&nbsp;Pr\u00e4sentationspr\u00fcfung&nbsp;&nbsp;&nbsp;(als&nbsp;5.PK)&nbsp;<\/td><\/tr><tr><td><strong>Zusatzkurs Chor (Ensemblekurs)<\/strong><\/td><td>Zeugnis-Notenpunkte f\u00fcr Abiturergebnis<br>&#8211; AG-Teilnahme als Voraussetzung<br>&#8211; AG-Teilnahme als Voraussetzung<br><br>Nach erfolgreicher Arbeit werden Kurs-Ergebnisse einer breiteren \u00d6ffentlichkeit vorgef\u00fchrt, z.B. im Fr\u00fchlingskonzert.<\/td><\/tr><\/tbody><\/table><\/figure>\n\n\n\n<p>(nach erfolgreicher Arbeit Vorf\u00fchrung der Ergebnisse einer breiteren \u00d6ffentlichkeit, z.B.&nbsp;im&nbsp;Fr\u00fchlingskonzert)<\/p>\n\n\n\n<h5 class=\"wp-block-heading\"><strong>Wahlpflichtfach (WPF) Musik<\/strong>\u00a0\u00a0(\u00e4hnlich dem WPF &#8222;KW&#8220;)<\/h5>\n\n\n\n<p class=\"has-small-font-size\">(Stand: 9\/2023)<\/p>\n\n\n\n<p><strong>Voraussetzungen:<\/strong><\/p>\n\n\n\n<ul class=\"wp-block-list\">\n<li>musiktheoretische Grundkenntnisse empfehlenswert (Notennamen, Notenwerte, &#8230;)&nbsp;<\/li>\n\n\n\n<li>Bereitschaft und Offenheit in Bezug auf\n<ul class=\"wp-block-list\">\n<li>gemeinsames Musizieren, Singen u. Bewegen mit Anderen&nbsp;<\/li>\n\n\n\n<li>Vielfalt an Musikstilen und -formen&nbsp;<\/li>\n\n\n\n<li>eigenst\u00e4ndiges und (!) teamorientiertes, kreatives Arbeiten und \u00dcben&nbsp;<\/li>\n\n\n\n<li>Einbringen individueller F\u00e4higkeiten und Ideen&nbsp;<\/li>\n<\/ul>\n<\/li>\n<\/ul>\n\n\n\n<p><strong>Schwerpunkte des Unterrichts:<\/strong><\/p>\n\n\n\n<ul class=\"wp-block-list\">\n<li>\u00fcberwiegend projektorientiertes Arbeiten (in Band u.a. Ensembleformen)&nbsp;<\/li>\n\n\n\n<li>v.a. Musik des 20.\/21. Jh.&nbsp;<\/li>\n\n\n\n<li>wie in allen WPF: pro Halbj. eine Klausur von 90 min. (als 1\/3 der Zeugnisnote) oder evtl. 1 x in Form gleichwertiger &#8222;Klausur-Ersatzleistung&#8220;<\/li>\n\n\n\n<li>nach erfolgreicher Arbeit Vorf\u00fchrung der Ergebnisse einer breiteren \u00d6ffentlichkeit, z.B. Fr\u00fchlingskonzert&nbsp;<\/li>\n<\/ul>\n\n\n\n<p><strong>Bedeutung des Wahlpflichtfaches Musik<\/strong> (alternativ Kulturwerkstatt)<strong>:<\/strong><\/p>\n\n\n\n<ul class=\"wp-block-list\">\n<li>F\u00f6rderung individueller Neigungen und Begabungen&nbsp;<\/li>\n\n\n\n<li>zus\u00e4tzliche Vertiefung und Erg\u00e4nzung zum sonstigen Musikunterricht&nbsp;<\/li>\n\n\n\n<li>als Anregung bzw. hilfreiche Unterst\u00fctzung f\u00fcr sp\u00e4ter evtl. gew\u00e4hlte(n)\n<ul class=\"wp-block-list\">\n<li>MSA-Pr\u00e4sentationspr\u00fcfung in Kl.10&nbsp;<\/li>\n\n\n\n<li>Grundkurs in der Sek 2&nbsp;<\/li>\n\n\n\n<li>Abiturpr\u00fcfungen (m\u00fcndl. bzw. Pr\u00e4sentationspr\u00fcfung)<\/li>\n<\/ul>\n<\/li>\n<\/ul>\n","protected":false},"excerpt":{"rendered":"<p>Der Musikunterricht in den Klassenstufen 7 bis 12 und im Wahlpflichtfach.<\/p>\n","protected":false},"author":1,"featured_media":4127,"comment_status":"closed","ping_status":"closed","sticky":false,"template":"","format":"standard","meta":{"_uag_custom_page_level_css":"","ngg_post_thumbnail":0,"footnotes":""},"categories":[132],"tags":[],"class_list":["post-2034","post","type-post","status-publish","format-standard","has-post-thumbnail","hentry","category-musik-organisation"],"featured_image_urls_v2":{"full":["https:\/\/www.leonardo-da-vinci-gymnasium.de\/wp-content\/uploads\/2020\/09\/Weisser-Punkt-1.jpg",10,2,false],"thumbnail":["https:\/\/www.leonardo-da-vinci-gymnasium.de\/wp-content\/uploads\/2020\/09\/Weisser-Punkt-1.jpg",10,2,false],"medium":["https:\/\/www.leonardo-da-vinci-gymnasium.de\/wp-content\/uploads\/2020\/09\/Weisser-Punkt-1.jpg",10,2,false],"medium_large":["https:\/\/www.leonardo-da-vinci-gymnasium.de\/wp-content\/uploads\/2020\/09\/Weisser-Punkt-1.jpg",10,2,false],"large":["https:\/\/www.leonardo-da-vinci-gymnasium.de\/wp-content\/uploads\/2020\/09\/Weisser-Punkt-1.jpg",10,2,false],"1536x1536":["https:\/\/www.leonardo-da-vinci-gymnasium.de\/wp-content\/uploads\/2020\/09\/Weisser-Punkt-1.jpg",10,2,false],"2048x2048":["https:\/\/www.leonardo-da-vinci-gymnasium.de\/wp-content\/uploads\/2020\/09\/Weisser-Punkt-1.jpg",10,2,false],"post-thumbnail":["https:\/\/www.leonardo-da-vinci-gymnasium.de\/wp-content\/uploads\/2020\/09\/Weisser-Punkt-1.jpg",10,2,false],"gambit-header-image":["https:\/\/www.leonardo-da-vinci-gymnasium.de\/wp-content\/uploads\/2020\/09\/Weisser-Punkt-1.jpg",10,2,false],"gambit-thumbnail-archive":["https:\/\/www.leonardo-da-vinci-gymnasium.de\/wp-content\/uploads\/2020\/09\/Weisser-Punkt-1.jpg",10,2,false],"gambit-thumbnail-small":["https:\/\/www.leonardo-da-vinci-gymnasium.de\/wp-content\/uploads\/2020\/09\/Weisser-Punkt-1.jpg",10,2,false],"gambit-thumbnail-medium":["https:\/\/www.leonardo-da-vinci-gymnasium.de\/wp-content\/uploads\/2020\/09\/Weisser-Punkt-1.jpg",10,2,false],"gambit-thumbnail-large":["https:\/\/www.leonardo-da-vinci-gymnasium.de\/wp-content\/uploads\/2020\/09\/Weisser-Punkt-1.jpg",10,2,false],"tzwb-thumbnail":["https:\/\/www.leonardo-da-vinci-gymnasium.de\/wp-content\/uploads\/2020\/09\/Weisser-Punkt-1.jpg",10,2,false]},"post_excerpt_stackable_v2":"<p>Der Musikunterricht in den Klassenstufen 7 bis 12 und im Wahlpflichtfach.<\/p>\n","category_list_v2":"<a href=\"https:\/\/www.leonardo-da-vinci-gymnasium.de\/?cat=132\" rel=\"category\">Musik - Organisation<\/a>","author_info_v2":{"name":"cbechinie","url":"https:\/\/www.leonardo-da-vinci-gymnasium.de\/?author=1"},"comments_num_v2":"0 comments","uagb_featured_image_src":{"full":["https:\/\/www.leonardo-da-vinci-gymnasium.de\/wp-content\/uploads\/2020\/09\/Weisser-Punkt-1.jpg",10,2,false],"thumbnail":["https:\/\/www.leonardo-da-vinci-gymnasium.de\/wp-content\/uploads\/2020\/09\/Weisser-Punkt-1.jpg",10,2,false],"medium":["https:\/\/www.leonardo-da-vinci-gymnasium.de\/wp-content\/uploads\/2020\/09\/Weisser-Punkt-1.jpg",10,2,false],"medium_large":["https:\/\/www.leonardo-da-vinci-gymnasium.de\/wp-content\/uploads\/2020\/09\/Weisser-Punkt-1.jpg",10,2,false],"large":["https:\/\/www.leonardo-da-vinci-gymnasium.de\/wp-content\/uploads\/2020\/09\/Weisser-Punkt-1.jpg",10,2,false],"1536x1536":["https:\/\/www.leonardo-da-vinci-gymnasium.de\/wp-content\/uploads\/2020\/09\/Weisser-Punkt-1.jpg",10,2,false],"2048x2048":["https:\/\/www.leonardo-da-vinci-gymnasium.de\/wp-content\/uploads\/2020\/09\/Weisser-Punkt-1.jpg",10,2,false],"post-thumbnail":["https:\/\/www.leonardo-da-vinci-gymnasium.de\/wp-content\/uploads\/2020\/09\/Weisser-Punkt-1.jpg",10,2,false],"gambit-header-image":["https:\/\/www.leonardo-da-vinci-gymnasium.de\/wp-content\/uploads\/2020\/09\/Weisser-Punkt-1.jpg",10,2,false],"gambit-thumbnail-archive":["https:\/\/www.leonardo-da-vinci-gymnasium.de\/wp-content\/uploads\/2020\/09\/Weisser-Punkt-1.jpg",10,2,false],"gambit-thumbnail-small":["https:\/\/www.leonardo-da-vinci-gymnasium.de\/wp-content\/uploads\/2020\/09\/Weisser-Punkt-1.jpg",10,2,false],"gambit-thumbnail-medium":["https:\/\/www.leonardo-da-vinci-gymnasium.de\/wp-content\/uploads\/2020\/09\/Weisser-Punkt-1.jpg",10,2,false],"gambit-thumbnail-large":["https:\/\/www.leonardo-da-vinci-gymnasium.de\/wp-content\/uploads\/2020\/09\/Weisser-Punkt-1.jpg",10,2,false],"tzwb-thumbnail":["https:\/\/www.leonardo-da-vinci-gymnasium.de\/wp-content\/uploads\/2020\/09\/Weisser-Punkt-1.jpg",10,2,false]},"uagb_author_info":{"display_name":"cbechinie","author_link":"https:\/\/www.leonardo-da-vinci-gymnasium.de\/?author=1"},"uagb_comment_info":0,"uagb_excerpt":"Der Musikunterricht in den Klassenstufen 7 bis 12 und im Wahlpflichtfach.","_links":{"self":[{"href":"https:\/\/www.leonardo-da-vinci-gymnasium.de\/index.php?rest_route=\/wp\/v2\/posts\/2034","targetHints":{"allow":["GET"]}}],"collection":[{"href":"https:\/\/www.leonardo-da-vinci-gymnasium.de\/index.php?rest_route=\/wp\/v2\/posts"}],"about":[{"href":"https:\/\/www.leonardo-da-vinci-gymnasium.de\/index.php?rest_route=\/wp\/v2\/types\/post"}],"author":[{"embeddable":true,"href":"https:\/\/www.leonardo-da-vinci-gymnasium.de\/index.php?rest_route=\/wp\/v2\/users\/1"}],"replies":[{"embeddable":true,"href":"https:\/\/www.leonardo-da-vinci-gymnasium.de\/index.php?rest_route=%2Fwp%2Fv2%2Fcomments&post=2034"}],"version-history":[{"count":24,"href":"https:\/\/www.leonardo-da-vinci-gymnasium.de\/index.php?rest_route=\/wp\/v2\/posts\/2034\/revisions"}],"predecessor-version":[{"id":8078,"href":"https:\/\/www.leonardo-da-vinci-gymnasium.de\/index.php?rest_route=\/wp\/v2\/posts\/2034\/revisions\/8078"}],"wp:featuredmedia":[{"embeddable":true,"href":"https:\/\/www.leonardo-da-vinci-gymnasium.de\/index.php?rest_route=\/wp\/v2\/media\/4127"}],"wp:attachment":[{"href":"https:\/\/www.leonardo-da-vinci-gymnasium.de\/index.php?rest_route=%2Fwp%2Fv2%2Fmedia&parent=2034"}],"wp:term":[{"taxonomy":"category","embeddable":true,"href":"https:\/\/www.leonardo-da-vinci-gymnasium.de\/index.php?rest_route=%2Fwp%2Fv2%2Fcategories&post=2034"},{"taxonomy":"post_tag","embeddable":true,"href":"https:\/\/www.leonardo-da-vinci-gymnasium.de\/index.php?rest_route=%2Fwp%2Fv2%2Ftags&post=2034"}],"curies":[{"name":"wp","href":"https:\/\/api.w.org\/{rel}","templated":true}]}}