{"id":2052,"date":"2020-05-25T10:09:15","date_gmt":"2020-05-25T08:09:15","guid":{"rendered":"http:\/\/www.claudio-bechinie.de\/Wordpress-Test\/?p=2052"},"modified":"2023-10-07T14:22:04","modified_gmt":"2023-10-07T12:22:04","slug":"schulveranstaltungen-unter-beteiligung-oder-verantwortung-des-fb-musik","status":"publish","type":"post","link":"https:\/\/www.leonardo-da-vinci-gymnasium.de\/?p=2052","title":{"rendered":"Veranstaltungen"},"content":{"rendered":"\n<p><strong>Schulveranstaltungen unter Beteiligung oder Verantwortung&nbsp;des FB&nbsp;Musik<\/strong><\/p>\n\n\n\n<p>(stets mit semiprofessioneller Unterst\u00fctzung unserer Technik-AG)<\/p>\n\n\n\nngg_shortcode_0_placeholder\n\n\n\n<hr class=\"wp-block-separator has-alpha-channel-opacity is-style-wide\"\/>\n\n\n\n<p><strong>Hier noch einige Audiobeispiele aus Gruppenarbeiten (von 2021: Minimalmusic mit Varianten)<\/strong><\/p>\n\n\n\n<figure class=\"wp-block-audio\"><audio controls src=\"https:\/\/www.leonardo-da-vinci-gymnasium.de\/wp-content\/uploads\/2023\/01\/2021-Gk-Minimalmusic-mit-Varianten-Conga-usw.mp3\"><\/audio><\/figure>\n\n\n\n<figure class=\"wp-block-audio\"><audio controls src=\"https:\/\/www.leonardo-da-vinci-gymnasium.de\/wp-content\/uploads\/2023\/01\/2021-Gk-Minimalmusic-mit-Varianten-Keyb_Orgel-usw.mp3\"><\/audio><\/figure>\n\n\n\n<figure class=\"wp-block-audio\"><audio controls src=\"https:\/\/www.leonardo-da-vinci-gymnasium.de\/wp-content\/uploads\/2023\/01\/2021-Gk-Minimalmusic-mit-Varianten-Strings-usw.mp3\"><\/audio><\/figure>\n\n\n\n<hr class=\"wp-block-separator has-alpha-channel-opacity is-style-wide\"\/>\n\n\n\n<ol class=\"wp-block-list\">\n<li><strong>\u201ediggin&#8216; 4 talents (d4t)\u201c<\/strong>&nbsp; (<em>im Herbst ab 18 Uhr<\/em>)<br>als Bew\u00e4hrungsfeld bzw. M\u00f6glichkeit zur Selbstverwirklichung einzelner Sch\u00fcler durch freiwillige B\u00fchnenpr\u00e4sentation individueller k\u00fcnstlerischer o.\u00e4. Begabungen<\/li>\n\n\n\n<li>\u201e<strong>Weihnachtssingen<\/strong>\u201c (<em>Vormittag vor den Weihnachtsferien<\/em>)<br>vom&nbsp;Schulchor&nbsp;in der Aula&nbsp;pr\u00e4sentiertes&nbsp;weihnachtliches&nbsp;Liedgut&nbsp;zum Zuh\u00f6ren\/Mitsingen&nbsp;angemeldeter&nbsp;Klassen\/Kurse&nbsp;+ Lehrkr\u00e4fte&nbsp;<br><\/li>\n\n\n\n<li>\u201e<strong>Tag der Offenen T\u00fcr<\/strong>\u201c&nbsp; (<em>i.d.R.&nbsp;an einem Tag im Januar&nbsp;von 11-13&nbsp;Uhr<\/em>)<br>Vorstellung der FB-Arbeit (Unterrichtsangebot, Lehrmaterialien, Instrumente, R\u00e4ume, einiger Arbeitsergebnisse etc.) und Musizierm\u00f6glichkeit f\u00fcr Interessierte&nbsp;<br><\/li>\n\n\n\n<li>\u201e<strong>Fr\u00fchlingskonzert<\/strong>\u201c (<em><em>i.d.R.&nbsp;<\/em><\/em>im <em>M\u00e4rz ab 18 Uhr) <\/em>\n<ul class=\"wp-block-list\">\n<li>v.a.&nbsp;Pr\u00e4sentation von&nbsp;Unterrichtsergebnissen&nbsp;aus\n<ul class=\"wp-block-list\">\n<li>Musikkursen<\/li>\n\n\n\n<li>Chor<\/li>\n\n\n\n<li>evtl. AG\u2019s, Klassen<\/li>\n<\/ul>\n<\/li>\n\n\n\n<li>als Motivation f\u00fcr m\u00f6glichst&nbsp;alle&nbsp;Teilnehmer, in kreativer und \u00fcberwiegend&nbsp;eigenst\u00e4ndiger Weise zu vielerlei Fortschritten auf&nbsp;musikal. Gebiet zu gelangen<\/li>\n\n\n\n<li>unter&nbsp;j\u00e4hrlich wechselndem&nbsp;Motto<br><\/li>\n<\/ul>\n<\/li>\n\n\n\n<li>\u201e<strong>Abitur-Zeugnisverleihung<\/strong>\u201c (<em>vor Sommerferien<\/em>)<br>Umrahmung der feierlichen Zeugnis\u00fcbergabe f\u00fcr d. Abiturienten im Beisein deren Lehrkr\u00e4fte, Eltern, Angeh\u00f6rige&#8230; durch den Schulchor u.a.&nbsp;<br><\/li>\n\n\n\n<li><strong>Musikalisch Diverses<\/strong><br>Ausgestaltung\u00a0diverser Schulfeste und Mitwirkung im Rahmen von\u00a0Musikprojekten,\u00a0Auff\u00fchrungen des Wahlpflichtfaches \u201eKulturwerkstatt\u201c, au\u00dferschulischen Anl\u00e4ssen (in der Region, Wettbewerben, Konzerten&#8230;) usw.\u00a0<\/li>\n<\/ol>\n\n\n\n<h5 class=\"wp-block-heading\"><strong>Angebote in Berlin f\u00fcr Schulen &#8211; Wir sind dabei!<\/strong><\/h5>\n\n\n\n<p>Meist ist das <em>direkte Erleben<\/em> von Musikprofis bei ihrer Arbeit vor Ort f\u00fcr unsere Sch\u00fcler das <em>erste<\/em> Mal und sehr beeindruckend, wenn sie z.B. in der <strong>festlichen Philharmonie<\/strong> einem gro\u00dfen Symphonieorchester, anderen Ensembles oder Solisten mit abendf\u00fcllendem Programm live zuh\u00f6ren k\u00f6nnen oder in einem <strong>Opern-Workshop<\/strong> selber in eine B\u00fchnenrolle schl\u00fcpfen sollen oder hinter die Kulissen weltbekannter Berliner B\u00fchnen schauen d\u00fcrfen (z.B. in den Opern-Requisitenfundus oder Orchestergraben bei einer <strong>F\u00fchrung durch die Komische Oper<\/strong>) oder beim Besuch des <strong>Musikinstrumenten-Museums<\/strong> am Potsdamer Platz an uralten Instrumenten die Tonentstehung erkunden k\u00f6nnen oder in unserer Aula (bis heute weltweit aufgef\u00fchrte) <strong>Kunstlieder <\/strong>der Romantik nicht nur in einer <strong>Livedarbietung<\/strong>, sondern auch noch deren moderierte Interpretationen bez\u00fcglich Dichtung und Musik genie\u00dfen k\u00f6nnen oder in kleineren Arbeitsgruppen Gelegenheit in Museen oder Botschaften erhalten, sich in Workshops an echten Gongs und weiteren <strong>Gamelan-Instrumenten<\/strong> S\u00fcdostasiens auszuprobieren.<\/p>\n\n\n\n<p>Deshalb organisieren Lehrkr\u00e4fte des Musik-Fachbereiches &#8211; abh\u00e4ngig von den aktuellen Angeboten f\u00fcr Schulen &#8211; den Besuch ausgew\u00e4hlter Berliner <strong>Kultureinrichtungen<\/strong> bzw. die Teilnahme an (meist au\u00dferschulischen und f\u00fcr Sch\u00fcler sehr preisreduzierten) <strong>Musikveranstaltungen<\/strong>, also z.B.<\/p>\n\n\n\n<p>&nbsp;&nbsp;&nbsp;&nbsp;&nbsp;&nbsp;&nbsp;&nbsp;&nbsp;&nbsp;&nbsp; &#8211; f\u00fcr ganze Klassen, Musikkurse sowie besonders interessierte Einzelpersonen<\/p>\n\n\n\n<p>&nbsp;&nbsp;&nbsp;&nbsp;&nbsp;&nbsp;&nbsp;&nbsp;&nbsp;&nbsp;&nbsp; &#8211; F\u00fchrungen durch Konzert- bzw. Opernh\u00e4user,<\/p>\n\n\n\n<p>&nbsp;&nbsp;&nbsp;&nbsp;&nbsp;&nbsp;&nbsp;&nbsp;&nbsp;&nbsp;&nbsp; &#8211; Proben-\/Konzertbesuche in gro\u00dfen Konzerts\u00e4len bzw. Musiktheatern,<\/p>\n\n\n\n<p>&nbsp;&nbsp;&nbsp;&nbsp;&nbsp;&nbsp;&nbsp;&nbsp;&nbsp;&nbsp;&nbsp; &#8211; Teilnahme an Workshops, didaktisch aufbereiteten Konzertprojekten, Wettbewerben.<\/p>\n\n\n\n<p>Unter anderem wurde 2016 live im Radio ein von einer Klasse (im Rahmen eines Projekts mit dem DSO) f\u00fcr eine Konzertpause selbst erstellter und eingesprochener Infobeitrag gesendet.<\/p>\n","protected":false},"excerpt":{"rendered":"<p>Schulveranstaltungen unter Beteiligung oder Verantwortung des FB Musik.<\/p>\n","protected":false},"author":1,"featured_media":4127,"comment_status":"closed","ping_status":"closed","sticky":false,"template":"","format":"standard","meta":{"_uag_custom_page_level_css":"","ngg_post_thumbnail":0,"footnotes":""},"categories":[132],"tags":[],"class_list":["post-2052","post","type-post","status-publish","format-standard","has-post-thumbnail","hentry","category-musik-organisation"],"featured_image_urls_v2":{"full":["https:\/\/www.leonardo-da-vinci-gymnasium.de\/wp-content\/uploads\/2020\/09\/Weisser-Punkt-1.jpg",10,2,false],"thumbnail":["https:\/\/www.leonardo-da-vinci-gymnasium.de\/wp-content\/uploads\/2020\/09\/Weisser-Punkt-1.jpg",10,2,false],"medium":["https:\/\/www.leonardo-da-vinci-gymnasium.de\/wp-content\/uploads\/2020\/09\/Weisser-Punkt-1.jpg",10,2,false],"medium_large":["https:\/\/www.leonardo-da-vinci-gymnasium.de\/wp-content\/uploads\/2020\/09\/Weisser-Punkt-1.jpg",10,2,false],"large":["https:\/\/www.leonardo-da-vinci-gymnasium.de\/wp-content\/uploads\/2020\/09\/Weisser-Punkt-1.jpg",10,2,false],"1536x1536":["https:\/\/www.leonardo-da-vinci-gymnasium.de\/wp-content\/uploads\/2020\/09\/Weisser-Punkt-1.jpg",10,2,false],"2048x2048":["https:\/\/www.leonardo-da-vinci-gymnasium.de\/wp-content\/uploads\/2020\/09\/Weisser-Punkt-1.jpg",10,2,false],"post-thumbnail":["https:\/\/www.leonardo-da-vinci-gymnasium.de\/wp-content\/uploads\/2020\/09\/Weisser-Punkt-1.jpg",10,2,false],"gambit-header-image":["https:\/\/www.leonardo-da-vinci-gymnasium.de\/wp-content\/uploads\/2020\/09\/Weisser-Punkt-1.jpg",10,2,false],"gambit-thumbnail-archive":["https:\/\/www.leonardo-da-vinci-gymnasium.de\/wp-content\/uploads\/2020\/09\/Weisser-Punkt-1.jpg",10,2,false],"gambit-thumbnail-small":["https:\/\/www.leonardo-da-vinci-gymnasium.de\/wp-content\/uploads\/2020\/09\/Weisser-Punkt-1.jpg",10,2,false],"gambit-thumbnail-medium":["https:\/\/www.leonardo-da-vinci-gymnasium.de\/wp-content\/uploads\/2020\/09\/Weisser-Punkt-1.jpg",10,2,false],"gambit-thumbnail-large":["https:\/\/www.leonardo-da-vinci-gymnasium.de\/wp-content\/uploads\/2020\/09\/Weisser-Punkt-1.jpg",10,2,false],"tzwb-thumbnail":["https:\/\/www.leonardo-da-vinci-gymnasium.de\/wp-content\/uploads\/2020\/09\/Weisser-Punkt-1.jpg",10,2,false]},"post_excerpt_stackable_v2":"<p>Schulveranstaltungen unter Beteiligung oder Verantwortung des FB Musik.<\/p>\n","category_list_v2":"<a href=\"https:\/\/www.leonardo-da-vinci-gymnasium.de\/?cat=132\" rel=\"category\">Musik - Organisation<\/a>","author_info_v2":{"name":"cbechinie","url":"https:\/\/www.leonardo-da-vinci-gymnasium.de\/?author=1"},"comments_num_v2":"0 comments","uagb_featured_image_src":{"full":["https:\/\/www.leonardo-da-vinci-gymnasium.de\/wp-content\/uploads\/2020\/09\/Weisser-Punkt-1.jpg",10,2,false],"thumbnail":["https:\/\/www.leonardo-da-vinci-gymnasium.de\/wp-content\/uploads\/2020\/09\/Weisser-Punkt-1.jpg",10,2,false],"medium":["https:\/\/www.leonardo-da-vinci-gymnasium.de\/wp-content\/uploads\/2020\/09\/Weisser-Punkt-1.jpg",10,2,false],"medium_large":["https:\/\/www.leonardo-da-vinci-gymnasium.de\/wp-content\/uploads\/2020\/09\/Weisser-Punkt-1.jpg",10,2,false],"large":["https:\/\/www.leonardo-da-vinci-gymnasium.de\/wp-content\/uploads\/2020\/09\/Weisser-Punkt-1.jpg",10,2,false],"1536x1536":["https:\/\/www.leonardo-da-vinci-gymnasium.de\/wp-content\/uploads\/2020\/09\/Weisser-Punkt-1.jpg",10,2,false],"2048x2048":["https:\/\/www.leonardo-da-vinci-gymnasium.de\/wp-content\/uploads\/2020\/09\/Weisser-Punkt-1.jpg",10,2,false],"post-thumbnail":["https:\/\/www.leonardo-da-vinci-gymnasium.de\/wp-content\/uploads\/2020\/09\/Weisser-Punkt-1.jpg",10,2,false],"gambit-header-image":["https:\/\/www.leonardo-da-vinci-gymnasium.de\/wp-content\/uploads\/2020\/09\/Weisser-Punkt-1.jpg",10,2,false],"gambit-thumbnail-archive":["https:\/\/www.leonardo-da-vinci-gymnasium.de\/wp-content\/uploads\/2020\/09\/Weisser-Punkt-1.jpg",10,2,false],"gambit-thumbnail-small":["https:\/\/www.leonardo-da-vinci-gymnasium.de\/wp-content\/uploads\/2020\/09\/Weisser-Punkt-1.jpg",10,2,false],"gambit-thumbnail-medium":["https:\/\/www.leonardo-da-vinci-gymnasium.de\/wp-content\/uploads\/2020\/09\/Weisser-Punkt-1.jpg",10,2,false],"gambit-thumbnail-large":["https:\/\/www.leonardo-da-vinci-gymnasium.de\/wp-content\/uploads\/2020\/09\/Weisser-Punkt-1.jpg",10,2,false],"tzwb-thumbnail":["https:\/\/www.leonardo-da-vinci-gymnasium.de\/wp-content\/uploads\/2020\/09\/Weisser-Punkt-1.jpg",10,2,false]},"uagb_author_info":{"display_name":"cbechinie","author_link":"https:\/\/www.leonardo-da-vinci-gymnasium.de\/?author=1"},"uagb_comment_info":0,"uagb_excerpt":"Schulveranstaltungen unter Beteiligung oder Verantwortung des FB Musik.","_links":{"self":[{"href":"https:\/\/www.leonardo-da-vinci-gymnasium.de\/index.php?rest_route=\/wp\/v2\/posts\/2052","targetHints":{"allow":["GET"]}}],"collection":[{"href":"https:\/\/www.leonardo-da-vinci-gymnasium.de\/index.php?rest_route=\/wp\/v2\/posts"}],"about":[{"href":"https:\/\/www.leonardo-da-vinci-gymnasium.de\/index.php?rest_route=\/wp\/v2\/types\/post"}],"author":[{"embeddable":true,"href":"https:\/\/www.leonardo-da-vinci-gymnasium.de\/index.php?rest_route=\/wp\/v2\/users\/1"}],"replies":[{"embeddable":true,"href":"https:\/\/www.leonardo-da-vinci-gymnasium.de\/index.php?rest_route=%2Fwp%2Fv2%2Fcomments&post=2052"}],"version-history":[{"count":18,"href":"https:\/\/www.leonardo-da-vinci-gymnasium.de\/index.php?rest_route=\/wp\/v2\/posts\/2052\/revisions"}],"predecessor-version":[{"id":8080,"href":"https:\/\/www.leonardo-da-vinci-gymnasium.de\/index.php?rest_route=\/wp\/v2\/posts\/2052\/revisions\/8080"}],"wp:featuredmedia":[{"embeddable":true,"href":"https:\/\/www.leonardo-da-vinci-gymnasium.de\/index.php?rest_route=\/wp\/v2\/media\/4127"}],"wp:attachment":[{"href":"https:\/\/www.leonardo-da-vinci-gymnasium.de\/index.php?rest_route=%2Fwp%2Fv2%2Fmedia&parent=2052"}],"wp:term":[{"taxonomy":"category","embeddable":true,"href":"https:\/\/www.leonardo-da-vinci-gymnasium.de\/index.php?rest_route=%2Fwp%2Fv2%2Fcategories&post=2052"},{"taxonomy":"post_tag","embeddable":true,"href":"https:\/\/www.leonardo-da-vinci-gymnasium.de\/index.php?rest_route=%2Fwp%2Fv2%2Ftags&post=2052"}],"curies":[{"name":"wp","href":"https:\/\/api.w.org\/{rel}","templated":true}]}}