{"id":2111,"date":"2020-06-02T13:58:30","date_gmt":"2020-06-02T11:58:30","guid":{"rendered":"http:\/\/www.claudio-bechinie.de\/Wordpress-Test\/?p=2111"},"modified":"2024-01-27T21:15:09","modified_gmt":"2024-01-27T20:15:09","slug":"arbeitsgruppe-sprachbildung","status":"publish","type":"post","link":"https:\/\/www.leonardo-da-vinci-gymnasium.de\/?p=2111","title":{"rendered":"Arbeitsgruppe Sprachbildung"},"content":{"rendered":"\n<p>Seit Februar 2018 erarbeitet die Gruppe das neue&nbsp;<em>Konzept der Durchg\u00e4ngigen Sprachbildung<\/em>, das auf die sprachlichen Besonderheiten der Sch\u00fclerinnen und Sch\u00fcler des Gymnasiums zugeschnitten ist.<\/p>\n\n\n\n<div class=\"wp-block-image\"><figure class=\"alignright size-large is-resized\"><img loading=\"lazy\" decoding=\"async\" src=\"https:\/\/www.claudio-bechinie.de\/Wordpress-Test\/wp-content\/uploads\/2020\/06\/Deckblatt-535x1024.jpg\" alt=\"Deckblatt\" class=\"wp-image-2113\" width=\"309\" height=\"591\" srcset=\"https:\/\/www.leonardo-da-vinci-gymnasium.de\/wp-content\/uploads\/2020\/06\/Deckblatt-535x1024.jpg 535w, https:\/\/www.leonardo-da-vinci-gymnasium.de\/wp-content\/uploads\/2020\/06\/Deckblatt-157x300.jpg 157w, https:\/\/www.leonardo-da-vinci-gymnasium.de\/wp-content\/uploads\/2020\/06\/Deckblatt.jpg 682w\" sizes=\"auto, (max-width: 309px) 100vw, 309px\" \/><\/figure><\/div>\n\n\n\n<p>Die Arbeitsgruppe setzt sich aus Vertreterinnen und Vertretern aller Fachbereiche und dem Schulleiter zusammen, wodurch gew\u00e4hrleistet ist, dass sowohl die fachsprachlichen als auch die logistischen Elemente direkt in die jeweiligen Fachbereiche getragen werden.<\/p>\n\n\n\n<p>Im Sommer 2018 wurde das erste Operatorenheft an die Sch\u00fclerschaft verteilt, das darauf fokussiert ist, die fach\u00fcbergreifenden Arbeitsanweisungen zu verstehen. Au\u00dferdem werden im Operatorenheft beispielhafte Redemittel aufgef\u00fchrt, um den Lernenden eine differenzierte Lexik an die Hand zu geben.<\/p>\n\n\n\n<p>Das&nbsp;<em>Konzept der Durchg\u00e4ngigen Sprachbildung<\/em>&nbsp;wurde zusammen mit dem schulinternen Curriculum im Dezember 2019 durch die Schulkonferenz verabschiedet. Auch in Zukunft wird sich die Arbeitsgruppe Sprachbildung auf eine breite Implementierung der Bildungssprache an unserem Gymnasium konzentrieren.<\/p>\n\n\n\n<figure class=\"wp-block-image size-large\"><img loading=\"lazy\" decoding=\"async\" width=\"1024\" height=\"883\" src=\"https:\/\/www.claudio-bechinie.de\/Wordpress-Test\/wp-content\/uploads\/2020\/06\/Inhalt-1024x883.jpg\" alt=\"Inhalt\" class=\"wp-image-2114\" srcset=\"https:\/\/www.leonardo-da-vinci-gymnasium.de\/wp-content\/uploads\/2020\/06\/Inhalt-1024x883.jpg 1024w, https:\/\/www.leonardo-da-vinci-gymnasium.de\/wp-content\/uploads\/2020\/06\/Inhalt-300x259.jpg 300w, https:\/\/www.leonardo-da-vinci-gymnasium.de\/wp-content\/uploads\/2020\/06\/Inhalt-768x662.jpg 768w, https:\/\/www.leonardo-da-vinci-gymnasium.de\/wp-content\/uploads\/2020\/06\/Inhalt.jpg 1492w\" sizes=\"auto, (max-width: 1024px) 100vw, 1024px\" \/><figcaption>Beispiele f\u00fcr Inhalte<\/figcaption><\/figure>\n\n\n\n<h5 class=\"wp-block-heading\">Mitglieder der Arbeitsgruppe<\/h5>\n\n\n\n<ul class=\"wp-block-list\"><li>Hr. Finke: Deutsch, Ethik, Philosophie (Leiter der AG)<\/li><li>Fr. Reiter-Ost: Deutsch, Sport<\/li><li>Fr. Trieloff-Wunderlich: Deutsch, Moderne Fremdsprachen<\/li><li>Fr. Mai: Mathematik, Physik<\/li><li>Birgit Ridder: Latein, Geschichte, Politische Bildung, Ethik<\/li><li>Oliver Wilhelm: Geographie, Informatik<\/li><li>Fr. Kalkbrenner: Deutsch\/Latein<\/li><li>Fr. Gro\u00df: Kunst<\/li><li>Fr. Hunke: Musik<\/li><li>Fr. K\u00fcllmey: Biologie, Chemie<\/li><\/ul>\n\n\n\n<p><\/p>\n","protected":false},"excerpt":{"rendered":"<p>Seit Februar 2018 erarbeitet die Gruppe das neue Konzept der Durchg\u00e4ngigen Sprachbildung, das auf die sprachlichen Besonderheiten der Sch\u00fclerinnen und Sch\u00fcler des Gymnasiums zugeschnitten ist. <\/p>\n","protected":false},"author":1,"featured_media":0,"comment_status":"closed","ping_status":"closed","sticky":false,"template":"","format":"standard","meta":{"_uag_custom_page_level_css":"","ngg_post_thumbnail":0,"footnotes":""},"categories":[41,18,46],"tags":[47,136],"class_list":["post-2111","post","type-post","status-publish","format-standard","hentry","category-infos-fuer-eltern","category-schule","category-gremien","tag-gremien","tag-sprachbildung"],"featured_image_urls_v2":{"full":"","thumbnail":"","medium":"","medium_large":"","large":"","1536x1536":"","2048x2048":"","post-thumbnail":"","gambit-header-image":"","gambit-thumbnail-archive":"","gambit-thumbnail-small":"","gambit-thumbnail-medium":"","gambit-thumbnail-large":"","tzwb-thumbnail":""},"post_excerpt_stackable_v2":"<p>Seit Februar 2018 erarbeitet die Gruppe das neue Konzept der Durchg\u00e4ngigen Sprachbildung, das auf die sprachlichen Besonderheiten der Sch\u00fclerinnen und Sch\u00fcler des Gymnasiums zugeschnitten ist. <\/p>\n","category_list_v2":"<a href=\"https:\/\/www.leonardo-da-vinci-gymnasium.de\/?cat=41\" rel=\"category\">Infos f\u00fcr Eltern<\/a>, <a href=\"https:\/\/www.leonardo-da-vinci-gymnasium.de\/?cat=18\" rel=\"category\">Unsere Schule<\/a>, <a href=\"https:\/\/www.leonardo-da-vinci-gymnasium.de\/?cat=46\" rel=\"category\">Gremien<\/a>","author_info_v2":{"name":"cbechinie","url":"https:\/\/www.leonardo-da-vinci-gymnasium.de\/?author=1"},"comments_num_v2":"0 comments","uagb_featured_image_src":{"full":false,"thumbnail":false,"medium":false,"medium_large":false,"large":false,"1536x1536":false,"2048x2048":false,"post-thumbnail":false,"gambit-header-image":false,"gambit-thumbnail-archive":false,"gambit-thumbnail-small":false,"gambit-thumbnail-medium":false,"gambit-thumbnail-large":false,"tzwb-thumbnail":false},"uagb_author_info":{"display_name":"cbechinie","author_link":"https:\/\/www.leonardo-da-vinci-gymnasium.de\/?author=1"},"uagb_comment_info":0,"uagb_excerpt":"Seit Februar 2018 erarbeitet die Gruppe das neue Konzept der Durchg\u00e4ngigen Sprachbildung, das auf die sprachlichen Besonderheiten der Sch\u00fclerinnen und Sch\u00fcler des Gymnasiums zugeschnitten ist.","_links":{"self":[{"href":"https:\/\/www.leonardo-da-vinci-gymnasium.de\/index.php?rest_route=\/wp\/v2\/posts\/2111","targetHints":{"allow":["GET"]}}],"collection":[{"href":"https:\/\/www.leonardo-da-vinci-gymnasium.de\/index.php?rest_route=\/wp\/v2\/posts"}],"about":[{"href":"https:\/\/www.leonardo-da-vinci-gymnasium.de\/index.php?rest_route=\/wp\/v2\/types\/post"}],"author":[{"embeddable":true,"href":"https:\/\/www.leonardo-da-vinci-gymnasium.de\/index.php?rest_route=\/wp\/v2\/users\/1"}],"replies":[{"embeddable":true,"href":"https:\/\/www.leonardo-da-vinci-gymnasium.de\/index.php?rest_route=%2Fwp%2Fv2%2Fcomments&post=2111"}],"version-history":[{"count":9,"href":"https:\/\/www.leonardo-da-vinci-gymnasium.de\/index.php?rest_route=\/wp\/v2\/posts\/2111\/revisions"}],"predecessor-version":[{"id":5916,"href":"https:\/\/www.leonardo-da-vinci-gymnasium.de\/index.php?rest_route=\/wp\/v2\/posts\/2111\/revisions\/5916"}],"wp:attachment":[{"href":"https:\/\/www.leonardo-da-vinci-gymnasium.de\/index.php?rest_route=%2Fwp%2Fv2%2Fmedia&parent=2111"}],"wp:term":[{"taxonomy":"category","embeddable":true,"href":"https:\/\/www.leonardo-da-vinci-gymnasium.de\/index.php?rest_route=%2Fwp%2Fv2%2Fcategories&post=2111"},{"taxonomy":"post_tag","embeddable":true,"href":"https:\/\/www.leonardo-da-vinci-gymnasium.de\/index.php?rest_route=%2Fwp%2Fv2%2Ftags&post=2111"}],"curies":[{"name":"wp","href":"https:\/\/api.w.org\/{rel}","templated":true}]}}