{"id":286,"date":"2021-05-27T19:03:58","date_gmt":"2021-05-27T17:03:58","guid":{"rendered":"http:www.claudio-bechinie.de\/Wordpress\/?p=286"},"modified":"2022-03-04T14:06:51","modified_gmt":"2022-03-04T13:06:51","slug":"schulleiterin-frau-reiter-ost","status":"publish","type":"post","link":"https:\/\/www.leonardo-da-vinci-gymnasium.de\/?p=286","title":{"rendered":"Schulleiterin Frau Reiter-Ost"},"content":{"rendered":"\n<p>Am 27. Mai 2021 f\u00fchrten wir (Hanin und Sydney der mona-Redaktion) ein Interview mit unserer Schulleiterin durch, um sie ein wenig n\u00e4her kennenzulernen.<\/p>\n\n\n\n<h5 class=\"wp-block-heading\">Vorstellung<\/h5>\n\n\n\n<div class=\"wp-block-image\"><figure class=\"alignright size-medium\"><img loading=\"lazy\" decoding=\"async\" width=\"200\" height=\"300\" src=\"https:\/\/www.leonardo-da-vinci-gymnasium.de\/wp-content\/uploads\/2022\/03\/Reiter-Ost-Foto-200x300.jpg\" alt=\"\" class=\"wp-image-6359\" srcset=\"https:\/\/www.leonardo-da-vinci-gymnasium.de\/wp-content\/uploads\/2022\/03\/Reiter-Ost-Foto-200x300.jpg 200w, https:\/\/www.leonardo-da-vinci-gymnasium.de\/wp-content\/uploads\/2022\/03\/Reiter-Ost-Foto-683x1024.jpg 683w, https:\/\/www.leonardo-da-vinci-gymnasium.de\/wp-content\/uploads\/2022\/03\/Reiter-Ost-Foto-768x1152.jpg 768w, https:\/\/www.leonardo-da-vinci-gymnasium.de\/wp-content\/uploads\/2022\/03\/Reiter-Ost-Foto-1024x1536.jpg 1024w, https:\/\/www.leonardo-da-vinci-gymnasium.de\/wp-content\/uploads\/2022\/03\/Reiter-Ost-Foto-1366x2048.jpg 1366w, https:\/\/www.leonardo-da-vinci-gymnasium.de\/wp-content\/uploads\/2022\/03\/Reiter-Ost-Foto-scaled.jpg 1707w\" sizes=\"auto, (max-width: 200px) 100vw, 200px\" \/><figcaption>Frau Reiter-Ost<\/figcaption><\/figure><\/div>\n\n\n\n<p><strong>Wie hei\u00dfen sie mit vollst\u00e4ndigen Namen?<\/strong><\/p>\n\n\n\n<p>Mein Name ist Anja Reiter-Ost und ich bin seit Februar eure neue Schulleiterin.<\/p>\n\n\n\n<p><strong>Wie w\u00fcrden Sie sich selbst beschreiben, welche Eigensc<\/strong><strong>haften sind f\u00fcr Sie als Schulleiterin wichtig?<\/strong><strong>&nbsp;<\/strong><strong><\/strong><\/p>\n\n\n\n<p>Als Schulleiterin ist es mir sehr wichtig,&nbsp;f\u00fcr die Schulgemeinschaft gut erreichbar zu sein&nbsp;und&nbsp;ein&nbsp;\u201eoffenes Ohr\u201c&nbsp;zu haben, mit&nbsp;euch und den&nbsp;Lehrer:innen&nbsp;und euren Eltern&nbsp;ins Gespr\u00e4ch zu&nbsp;kommen und&nbsp;die Schulgemeinschaft&nbsp;zu unterst\u00fctzen.&nbsp;&nbsp;<\/p>\n\n\n\n<p>Geduld und Gelassenheit sind Eigenschaften, die ich&nbsp;in meinem Arbeitsalltag und auch au\u00dferhalb der Schule&nbsp;sehr sch\u00e4tze.&nbsp;<\/p>\n\n\n\n<p><strong>Wann wussten Sie, dass Sie Lehrerin werden m\u00f6chten?<\/strong><strong>&nbsp;<\/strong><strong><\/strong><\/p>\n\n\n\n<p>Ich hatte mir erstmals Gedanken in der Oberstufe gemacht &#8211; meine Interessen gingen damals weit auseinander. Erst \u00fcberlegte ich Tanzlehrerin bzw. professionelle T\u00e4nzerin zu werden, entschied mich dann aber doch dazu, Deutsch und Sport auf Lehramt zu studieren.<\/p>\n\n\n\n<p>Meine eigene Schulzeit&nbsp;habe ich auch&nbsp;als einen sehr positiven&nbsp;Lebensabschnitt und meine Schule als einen sch\u00f6nen und angenehmen Ort erlebt, so dass ich mir&nbsp;Schule&nbsp;als Arbeitsplatz gut vorstellen konnte.&nbsp;&nbsp;<\/p>\n\n\n\n<h5 class=\"wp-block-heading\">Berufliche Fragen<\/h5>\n\n\n\n<div class=\"wp-block-image\"><figure class=\"alignright size-medium is-resized\"><img loading=\"lazy\" decoding=\"async\" src=\"https:\/\/www.leonardo-da-vinci-gymnasium.de\/wp-content\/uploads\/2021\/08\/Reiter-Ost-In-Beitrag-300x277.jpg\" alt=\"Frau Reiter-Ost im Interview\" class=\"wp-image-5764\" width=\"315\" height=\"291\" srcset=\"https:\/\/www.leonardo-da-vinci-gymnasium.de\/wp-content\/uploads\/2021\/08\/Reiter-Ost-In-Beitrag-300x277.jpg 300w, https:\/\/www.leonardo-da-vinci-gymnasium.de\/wp-content\/uploads\/2021\/08\/Reiter-Ost-In-Beitrag-768x709.jpg 768w, https:\/\/www.leonardo-da-vinci-gymnasium.de\/wp-content\/uploads\/2021\/08\/Reiter-Ost-In-Beitrag.jpg 1000w\" sizes=\"auto, (max-width: 315px) 100vw, 315px\" \/><\/figure><\/div>\n\n\n\n<p><strong>Was war Ihr erster Eindruck, als Sie angefangen haben hier zu arbeiten?<\/strong><strong>&nbsp;<\/strong><strong><\/strong><\/p>\n\n\n\n<p>Im Februar wirkte&nbsp;unsere Schule sehr verlassen, da&nbsp;alle&nbsp;Sch\u00fcler:innen noch im&nbsp;Homeschooling&nbsp;unterrichtet wurden.&nbsp;Unser&nbsp;Schulgeb\u00e4ude war leer, die G\u00e4nge und R\u00e4ume wirkten sehr hell.&nbsp;Der&nbsp;erste Kontakt&nbsp;mit&nbsp;Sch\u00fcler:innen&nbsp;und Lehrkr\u00e4ften&nbsp;fand&nbsp;\u00fcber unsere Lernplattform, durch Videokonferenzen und vereinzelt auch hier in der Schule&nbsp;pers\u00f6nlich&nbsp;statt.&nbsp;Das war spannend!&nbsp;<\/p>\n\n\n\n<p>Mit&nbsp;eurer&nbsp;R\u00fcckkehr&nbsp;in den Pr\u00e4senzunterricht&nbsp;-zun\u00e4chst&nbsp;im Wechselmodell-&nbsp;habe ich erste&nbsp;echte Eindr\u00fccke bekommen und ich freue mich sehr \u00fcber das&nbsp;freundliche&nbsp;Miteinander. Das&nbsp;spricht f\u00fcr eine tolle Schule!&nbsp;&nbsp;<\/p>\n\n\n\n<p><strong>Was w\u00fcnschen Sie sich f\u00fcr das erste Jahr?<\/strong><strong>&nbsp;<\/strong><strong><\/strong><\/p>\n\n\n\n<p>Ich freue mich darauf, im Unterricht, auf dem Pausenhof, bei schulischen Veranstaltungen zu erfahren, wie unsere Schule&nbsp;\u201etickt\u201c und&nbsp;unsere&nbsp;aktuellen und&nbsp;anstehenden Projekte&nbsp;(z.B. Ganztagsschule) gemeinsam mit euch, den&nbsp;Lehrer:innen&nbsp;und Eltern voranzubringen.&nbsp;<\/p>\n\n\n\n<p><strong>Was&nbsp;m\u00f6gen Sie an unserer Schule besonders gern?<\/strong><strong>&nbsp;<\/strong><strong><\/strong><\/p>\n\n\n\n<p>Schule als \u201eLebensraum\u201c und nicht nur&nbsp;als&nbsp;\u201eLernraum\u201c&nbsp;zu erfahren, ist mir sehr wichtig. Wenn ich durch unser Schulhaus gehe,&nbsp;begegnen mir viele liebevoll gestaltete Ecken, Fl\u00e4chen und R\u00e4ume; st\u00e4ndig entdeckt man neue Details. Die T\u00fcren der Kurs- und Klassenr\u00e4ume stehen offen und ich erlebe insgesamt eine sehr angenehme und wertsch\u00e4tzende Atmosph\u00e4re in unserem Haus.&nbsp;<\/p>\n\n\n\n<h5 class=\"wp-block-heading\">Hobby und Freizeit<\/h5>\n\n\n\n<p><strong>Was machen Sie gern in Ihrer Freizeit?<\/strong><strong>&nbsp;<\/strong><strong><\/strong><\/p>\n\n\n\n<p>Ich habe schon fr\u00fch angefangen zu tanzen und dann in einem Tanzverein erst Standard Latein und Garde- und Showtanz getanzt.<\/p>\n\n\n\n<p>Ebenso bin ich gerne im Wald und am See, schaue meiner Tochter am Wochenende bei Regatten zu,&nbsp;skate, jogge, klettere und lese&nbsp;gern.&nbsp;&nbsp;&nbsp;<\/p>\n\n\n\n<p><strong>Nehmen Sie aktiv am kulturellen Leben teil?<\/strong><\/p>\n\n\n\n<p>Ich gehe gerne ins Kino und Theater und auch in Museen und hoffe auch, dass dies bald wieder m\u00f6glich ist.<\/p>\n\n\n\n<p>Vielen Dank f\u00fcr das Gespr\u00e4ch!<\/p>\n\n\n\n<blockquote class=\"wp-block-quote is-layout-flow wp-block-quote-is-layout-flow\"><p>Hanin und Sydney<br>Berlin, den 27. Mai 2021<\/p><\/blockquote>\n","protected":false},"excerpt":{"rendered":"<p>Seit Februar 2021 ist Frau Reiter-Ost unsere neue Schulleiterin. Im Interview mit Sch\u00fclerinnen stellt sie sich vor.<\/p>\n","protected":false},"author":1,"featured_media":5774,"comment_status":"closed","ping_status":"closed","sticky":false,"template":"","format":"standard","meta":{"_uag_custom_page_level_css":"","ngg_post_thumbnail":0,"footnotes":""},"categories":[8],"tags":[55,21],"class_list":["post-286","post","type-post","status-publish","format-standard","has-post-thumbnail","hentry","category-ansprechpartner","tag-ansprechpartner","tag-personal"],"featured_image_urls_v2":{"full":["https:\/\/www.leonardo-da-vinci-gymnasium.de\/wp-content\/uploads\/2021\/08\/Reiter-Ost-Beitragsbild-e1630323565237.jpg",1000,434,false],"thumbnail":["https:\/\/www.leonardo-da-vinci-gymnasium.de\/wp-content\/uploads\/2021\/08\/Reiter-Ost-Beitragsbild-e1630323565237-150x150.jpg",150,150,true],"medium":["https:\/\/www.leonardo-da-vinci-gymnasium.de\/wp-content\/uploads\/2021\/08\/Reiter-Ost-Beitragsbild-e1630323565237-300x130.jpg",300,130,true],"medium_large":["https:\/\/www.leonardo-da-vinci-gymnasium.de\/wp-content\/uploads\/2021\/08\/Reiter-Ost-Beitragsbild-e1630323565237-768x333.jpg",750,325,true],"large":["https:\/\/www.leonardo-da-vinci-gymnasium.de\/wp-content\/uploads\/2021\/08\/Reiter-Ost-Beitragsbild-e1630323565237.jpg",750,326,false],"1536x1536":["https:\/\/www.leonardo-da-vinci-gymnasium.de\/wp-content\/uploads\/2021\/08\/Reiter-Ost-Beitragsbild-e1630323565237.jpg",1000,434,false],"2048x2048":["https:\/\/www.leonardo-da-vinci-gymnasium.de\/wp-content\/uploads\/2021\/08\/Reiter-Ost-Beitragsbild-e1630323565237.jpg",1000,434,false],"post-thumbnail":["https:\/\/www.leonardo-da-vinci-gymnasium.de\/wp-content\/uploads\/2021\/08\/Reiter-Ost-Beitragsbild-e1630323565237-750x434.jpg",750,434,true],"gambit-header-image":["https:\/\/www.leonardo-da-vinci-gymnasium.de\/wp-content\/uploads\/2021\/08\/Reiter-Ost-Beitragsbild-e1630323565237-1000x420.jpg",1000,420,true],"gambit-thumbnail-archive":["https:\/\/www.leonardo-da-vinci-gymnasium.de\/wp-content\/uploads\/2021\/08\/Reiter-Ost-Beitragsbild-e1630323565237-300x240.jpg",300,240,true],"gambit-thumbnail-small":["https:\/\/www.leonardo-da-vinci-gymnasium.de\/wp-content\/uploads\/2021\/08\/Reiter-Ost-Beitragsbild-e1630323565237-100x75.jpg",100,75,true],"gambit-thumbnail-medium":["https:\/\/www.leonardo-da-vinci-gymnasium.de\/wp-content\/uploads\/2021\/08\/Reiter-Ost-Beitragsbild-e1630323565237-300x200.jpg",300,200,true],"gambit-thumbnail-large":["https:\/\/www.leonardo-da-vinci-gymnasium.de\/wp-content\/uploads\/2021\/08\/Reiter-Ost-Beitragsbild-e1630323565237-420x280.jpg",420,280,true],"tzwb-thumbnail":["https:\/\/www.leonardo-da-vinci-gymnasium.de\/wp-content\/uploads\/2021\/08\/Reiter-Ost-Beitragsbild-e1630323565237-80x64.jpg",80,64,true]},"post_excerpt_stackable_v2":"<p>Seit Februar 2021 ist Frau Reiter-Ost unsere neue Schulleiterin. Im Interview mit Sch\u00fclerinnen stellt sie sich vor.<\/p>\n","category_list_v2":"<a href=\"https:\/\/www.leonardo-da-vinci-gymnasium.de\/?cat=8\" rel=\"category\">Ansprechpartner<\/a>","author_info_v2":{"name":"cbechinie","url":"https:\/\/www.leonardo-da-vinci-gymnasium.de\/?author=1"},"comments_num_v2":"0 comments","uagb_featured_image_src":{"full":["https:\/\/www.leonardo-da-vinci-gymnasium.de\/wp-content\/uploads\/2021\/08\/Reiter-Ost-Beitragsbild-e1630323565237.jpg",1000,434,false],"thumbnail":["https:\/\/www.leonardo-da-vinci-gymnasium.de\/wp-content\/uploads\/2021\/08\/Reiter-Ost-Beitragsbild-e1630323565237-150x150.jpg",150,150,true],"medium":["https:\/\/www.leonardo-da-vinci-gymnasium.de\/wp-content\/uploads\/2021\/08\/Reiter-Ost-Beitragsbild-e1630323565237-300x130.jpg",300,130,true],"medium_large":["https:\/\/www.leonardo-da-vinci-gymnasium.de\/wp-content\/uploads\/2021\/08\/Reiter-Ost-Beitragsbild-e1630323565237-768x333.jpg",750,325,true],"large":["https:\/\/www.leonardo-da-vinci-gymnasium.de\/wp-content\/uploads\/2021\/08\/Reiter-Ost-Beitragsbild-e1630323565237.jpg",750,326,false],"1536x1536":["https:\/\/www.leonardo-da-vinci-gymnasium.de\/wp-content\/uploads\/2021\/08\/Reiter-Ost-Beitragsbild-e1630323565237.jpg",1000,434,false],"2048x2048":["https:\/\/www.leonardo-da-vinci-gymnasium.de\/wp-content\/uploads\/2021\/08\/Reiter-Ost-Beitragsbild-e1630323565237.jpg",1000,434,false],"post-thumbnail":["https:\/\/www.leonardo-da-vinci-gymnasium.de\/wp-content\/uploads\/2021\/08\/Reiter-Ost-Beitragsbild-e1630323565237-750x434.jpg",750,434,true],"gambit-header-image":["https:\/\/www.leonardo-da-vinci-gymnasium.de\/wp-content\/uploads\/2021\/08\/Reiter-Ost-Beitragsbild-e1630323565237-1000x420.jpg",1000,420,true],"gambit-thumbnail-archive":["https:\/\/www.leonardo-da-vinci-gymnasium.de\/wp-content\/uploads\/2021\/08\/Reiter-Ost-Beitragsbild-e1630323565237-300x240.jpg",300,240,true],"gambit-thumbnail-small":["https:\/\/www.leonardo-da-vinci-gymnasium.de\/wp-content\/uploads\/2021\/08\/Reiter-Ost-Beitragsbild-e1630323565237-100x75.jpg",100,75,true],"gambit-thumbnail-medium":["https:\/\/www.leonardo-da-vinci-gymnasium.de\/wp-content\/uploads\/2021\/08\/Reiter-Ost-Beitragsbild-e1630323565237-300x200.jpg",300,200,true],"gambit-thumbnail-large":["https:\/\/www.leonardo-da-vinci-gymnasium.de\/wp-content\/uploads\/2021\/08\/Reiter-Ost-Beitragsbild-e1630323565237-420x280.jpg",420,280,true],"tzwb-thumbnail":["https:\/\/www.leonardo-da-vinci-gymnasium.de\/wp-content\/uploads\/2021\/08\/Reiter-Ost-Beitragsbild-e1630323565237-80x64.jpg",80,64,true]},"uagb_author_info":{"display_name":"cbechinie","author_link":"https:\/\/www.leonardo-da-vinci-gymnasium.de\/?author=1"},"uagb_comment_info":0,"uagb_excerpt":"Seit Februar 2021 ist Frau Reiter-Ost unsere neue Schulleiterin. Im Interview mit Sch\u00fclerinnen stellt sie sich vor.","_links":{"self":[{"href":"https:\/\/www.leonardo-da-vinci-gymnasium.de\/index.php?rest_route=\/wp\/v2\/posts\/286","targetHints":{"allow":["GET"]}}],"collection":[{"href":"https:\/\/www.leonardo-da-vinci-gymnasium.de\/index.php?rest_route=\/wp\/v2\/posts"}],"about":[{"href":"https:\/\/www.leonardo-da-vinci-gymnasium.de\/index.php?rest_route=\/wp\/v2\/types\/post"}],"author":[{"embeddable":true,"href":"https:\/\/www.leonardo-da-vinci-gymnasium.de\/index.php?rest_route=\/wp\/v2\/users\/1"}],"replies":[{"embeddable":true,"href":"https:\/\/www.leonardo-da-vinci-gymnasium.de\/index.php?rest_route=%2Fwp%2Fv2%2Fcomments&post=286"}],"version-history":[{"count":23,"href":"https:\/\/www.leonardo-da-vinci-gymnasium.de\/index.php?rest_route=\/wp\/v2\/posts\/286\/revisions"}],"predecessor-version":[{"id":6366,"href":"https:\/\/www.leonardo-da-vinci-gymnasium.de\/index.php?rest_route=\/wp\/v2\/posts\/286\/revisions\/6366"}],"wp:featuredmedia":[{"embeddable":true,"href":"https:\/\/www.leonardo-da-vinci-gymnasium.de\/index.php?rest_route=\/wp\/v2\/media\/5774"}],"wp:attachment":[{"href":"https:\/\/www.leonardo-da-vinci-gymnasium.de\/index.php?rest_route=%2Fwp%2Fv2%2Fmedia&parent=286"}],"wp:term":[{"taxonomy":"category","embeddable":true,"href":"https:\/\/www.leonardo-da-vinci-gymnasium.de\/index.php?rest_route=%2Fwp%2Fv2%2Fcategories&post=286"},{"taxonomy":"post_tag","embeddable":true,"href":"https:\/\/www.leonardo-da-vinci-gymnasium.de\/index.php?rest_route=%2Fwp%2Fv2%2Ftags&post=286"}],"curies":[{"name":"wp","href":"https:\/\/api.w.org\/{rel}","templated":true}]}}