{"id":2948,"date":"2021-07-03T12:01:00","date_gmt":"2021-07-03T10:01:00","guid":{"rendered":"http:\/\/www.claudio-bechinie.de\/Wordpress-Test\/?p=2948"},"modified":"2026-01-14T13:45:00","modified_gmt":"2026-01-14T12:45:00","slug":"was-unterstuetzen-wir","status":"publish","type":"post","link":"https:\/\/www.leonardo-da-vinci-gymnasium.de\/?p=2948","title":{"rendered":"Was unterst\u00fctzen wir?"},"content":{"rendered":"\n<h5 class=\"wp-block-heading\"><strong>Was hat der F\u00f6rderverein in den vergangenen Jahren so alles finanziert?<\/strong><\/h5>\n\n\n<div class=\"wp-block-image\">\n<figure class=\"alignright size-large is-resized\"><img loading=\"lazy\" decoding=\"async\" width=\"1024\" height=\"332\" src=\"https:\/\/www.leonardo-da-vinci-gymnasium.de\/wp-content\/uploads\/2021\/07\/Logo-LdV-Foerderverein-1024x332.jpg\" alt=\"Logo-LdV-Fo\u0308rderverein\" class=\"wp-image-9277\" style=\"aspect-ratio:3.0844854070660523;width:308px;height:auto\" srcset=\"https:\/\/www.leonardo-da-vinci-gymnasium.de\/wp-content\/uploads\/2021\/07\/Logo-LdV-Foerderverein-1024x332.jpg 1024w, https:\/\/www.leonardo-da-vinci-gymnasium.de\/wp-content\/uploads\/2021\/07\/Logo-LdV-Foerderverein-300x97.jpg 300w, https:\/\/www.leonardo-da-vinci-gymnasium.de\/wp-content\/uploads\/2021\/07\/Logo-LdV-Foerderverein-768x249.jpg 768w, https:\/\/www.leonardo-da-vinci-gymnasium.de\/wp-content\/uploads\/2021\/07\/Logo-LdV-Foerderverein-1536x498.jpg 1536w, https:\/\/www.leonardo-da-vinci-gymnasium.de\/wp-content\/uploads\/2021\/07\/Logo-LdV-Foerderverein-2048x664.jpg 2048w\" sizes=\"auto, (max-width: 1024px) 100vw, 1024px\" \/><\/figure>\n<\/div>\n\n\n<p>Der F\u00f6rdervereinsvorstand wird ja immer wieder mal gefragt, was er eigentlich mit seinen finanziellen Mitteln so alles f\u00fcr die Schule anschafft, bzw. wo und wie&nbsp; er die Schule unterst\u00fctzt.<\/p>\n\n\n\n<p>Die folgenden \u00dcbersichten aus den Jahren&nbsp;<strong>2013-2020<\/strong>&nbsp;listen alle wesentlichen Ausgaben auf, in denen der F\u00f6rderverein die Schule, bzw. die Sch\u00fclerinnen und Sch\u00fcler unterst\u00fctzt hat.<\/p>\n\n\n\n<p><strong>Dies alles w\u00fcrde nicht mehr m\u00f6glich sein, wenn es den F\u00f6rderverein nicht mehr geben w\u00fcrde!<\/strong><\/p>\n\n\n\n<h3 class=\"wp-block-heading\">2013:<\/h3>\n\n\n\n<figure class=\"wp-block-table is-style-stripes\"><table class=\"has-fixed-layout\"><tbody><tr><td>Weihnachtsschmuck Schule<\/td><td>Datensicherung Schulhomepage<\/td><\/tr><tr><td>Sprachreise <br>(Unterst\u00fctzung f\u00fcr Sch\u00fcler)<\/td><td>Sprachzertifikat DELF<\/td><\/tr><tr><td>Schulrenovierung mitfinanziert<\/td><td>Musik-AG<\/td><\/tr><tr><td>Grillbedarf (Lehrergrillen)*<\/td><td>Reptilien-AG<\/td><\/tr><tr><td>Ausgaben f\u00fcr MAE-Kr\u00e4fte<\/td><td><\/td><\/tr><\/tbody><\/table><\/figure>\n\n\n\n<h3 class=\"wp-block-heading\">2014:<\/h3>\n\n\n\n<figure class=\"wp-block-table is-style-stripes\"><table class=\"has-fixed-layout\"><tbody><tr><td>Klassenreisen <br>(Unterst\u00fctzung f\u00fcr Sch\u00fcler)<\/td><td>Schulische Veranstaltungen<\/td><\/tr><tr><td>Studientag<\/td><td>T-Shirts<\/td><\/tr><tr><td>Schulrenovierung mitfinanziert<\/td><td>Medien-AG<\/td><\/tr><tr><td>Grillbedarf (Lehrergrillen)*<\/td><td>&nbsp;Musik-AG<\/td><\/tr><tr><td>Reptilien-AG<\/td><td>&nbsp;Ausgaben MAE-Kr\u00e4fte<\/td><\/tr><\/tbody><\/table><\/figure>\n\n\n\n<h3 class=\"wp-block-heading\">2015:<\/h3>\n\n\n\n<figure class=\"wp-block-table is-style-stripes\"><table class=\"has-fixed-layout\"><tbody><tr><td>Weihnachtsb\u00e4ume f. d. Schule <br>(2014 + 2015)<\/td><td>Sch\u00fclerzeitung<\/td><\/tr><tr><td>EDV-Kosten Schulhomepage<\/td><td>AG R\u00f6misch Kochen<\/td><\/tr><tr><td>Zeitzeugenhonorar<\/td><td>Beitrag f\u00fcr chinesische Gastsch\u00fcler<\/td><\/tr><tr><td>Grillbedarf (Lehrergrillen)*<\/td><td>Druckerzeugnisse<\/td><\/tr><tr><td>Reptilien-AG<\/td><td>&nbsp;<\/td><\/tr><\/tbody><\/table><\/figure>\n\n\n\n<h3 class=\"wp-block-heading\">2016:<\/h3>\n\n\n\n<figure class=\"wp-block-table is-style-stripes\"><table class=\"has-fixed-layout\"><tbody><tr><td>Klassenreisen <br>(Unterst\u00fctzung f\u00fcr Sch\u00fcler)<\/td><td>Schulfest<\/td><\/tr><tr><td>Schulhomepage<\/td><td>Theaterprojekt<\/td><\/tr><tr><td>Unterst\u00fctzung der Aktion<br>\u201eSt\u00e4rkung des Gemeinschaftsgef\u00fchls\u201c<\/td><td>Au\u00dfenanlage der Schule<\/td><\/tr><tr><td>Grillbedarf (Lehrergrillen)*<\/td><td>Druckerzeugnisse<\/td><\/tr><tr><td>Weihnachtsbaum<\/td><td>&nbsp;<\/td><\/tr><\/tbody><\/table><\/figure>\n\n\n\n<h3 class=\"wp-block-heading\">2017:<\/h3>\n\n\n\n<figure class=\"wp-block-table is-style-stripes\"><table class=\"has-fixed-layout\"><tbody><tr><td>Klassenreisen <br>(Unterst\u00fctzung f\u00fcr Sch\u00fcler)<\/td><td>T-Shirts f. Reptilien-AG<\/td><\/tr><tr><td>Sch\u00fcleraustausch<\/td><td>T-Shirts f\u00fcr Basketball-Team<\/td><\/tr><tr><td>Reptilien-AG (Kauf neuer Fische)<\/td><td>Jugendbibliothek<\/td><\/tr><tr><td>Grillbedarf (Lehrergrillen)*<\/td><td>Druckkostenanteil mona<\/td><\/tr><tr><td>Weihnachtsbaum<\/td><td>Bett im Beton (Kunstprojekt)<\/td><\/tr><\/tbody><\/table><\/figure>\n\n\n\n<h3 class=\"wp-block-heading\">2018<\/h3>\n\n\n\n<figure class=\"wp-block-table is-style-stripes\"><table class=\"has-fixed-layout\"><tbody><tr><td>Edelstahlgrill f\u00fcr die Schule<\/td><td>Unterst\u00fctzung Klassenfahrten<\/td><\/tr><tr><td>Spende Weltfriedensdienst<\/td><td>Getr\u00e4nke f. Sponsorenlauf<\/td><\/tr><tr><td>Finanzierung einer Reiser\u00fccktrittsversicherung<\/td><td>Eintritt Little Big City (Preise Sommerfest)<\/td><\/tr><tr><td>Grillbedarf (Lehrergrillen)*<\/td><td>W-Lan Ausbau im Pavillon<\/td><\/tr><tr><td>Grundsteinlegung \u2013 Getr\u00e4nke<\/td><td>Anschaffung eines Fu\u00dfballs<\/td><\/tr><tr><td>Talentwettbewerb, Getr\u00e4nke und Preise<\/td><td>Druckereiunterst\u00fctzung<\/td><\/tr><tr><td>Anschaffung v. 2 Notebookwagen und Beamern (sog. Medienwagen)<\/td><td>Finanzierung des Workshops \u201eHomophobie\u201c<\/td><\/tr><tr><td>Weihnachtsbaum f\u00fcr die Schule<\/td><td>Weihnachtspr\u00e4sent Herr Dithmer<\/td><\/tr><tr><td>Blumen und Pr\u00e4sente<\/td><td><\/td><\/tr><\/tbody><\/table><\/figure>\n\n\n\n<h3 class=\"wp-block-heading\">2019<\/h3>\n\n\n\n<figure class=\"wp-block-table is-style-stripes\"><table><tbody><tr><td>Unterst\u00fctzung Klassenfahrten<\/td><td>Spende Weltfriedensdienst<\/td><\/tr><tr><td>Anschaffungen f. Sponsorenlauf<\/td><td>Richtfest-Neubau (Buffet)<\/td><\/tr><tr><td>Einweihung \u201eTafel der Vielfalt\u201c u.a Getr\u00e4nke<\/td><td>Lehrergrillen*<\/td><\/tr><tr><td>Preis Sommerfest<\/td><td>div. Anschaffungen<\/td><\/tr><tr><td>T-Shirts f\u00fcr Technik-AG<\/td><td>Vortrag Herr Christians<\/td><\/tr><tr><td>Unterst\u00fctzung Fahrt zur Gedenkst\u00e4tte Berliner Mauer<\/td><td>Unterst\u00fctzung div. Weihnachtsaktivit\u00e4ten<\/td><\/tr><tr><td>Weihnachtsbaum f\u00fcr die Schule<\/td><td>Weihnachtspr\u00e4sent + Geburtstagsgeschenk Herr Dithmer<\/td><\/tr><tr><td>Blumen und Pr\u00e4sente<\/td><td>Standbeteiligung Weihnachtsmarkt<\/td><\/tr><\/tbody><\/table><\/figure>\n\n\n\n<h3 class=\"wp-block-heading\">2020<\/h3>\n\n\n\n<figure class=\"wp-block-table is-style-stripes\"><table class=\"has-fixed-layout\"><tbody><tr><td>F\u00f6rderung Schulrudern<\/td><td>Eintritt Computerspielmuseum<\/td><\/tr><tr><td>The Big Challenge<\/td><td>Lehrergrillen*<\/td><\/tr><tr><td>Gl\u00fchweinkocher<\/td><td>Weihnachtsm\u00e4nner f\u00fcr das Kollegium<\/td><\/tr><tr><td>Weihnachtsbaum f\u00fcr die Schule<\/td><td>Weihnachtspr\u00e4sent f\u00fcr Herrn Dithmer<\/td><\/tr><tr><td>Blumen und Pr\u00e4sente allg.<\/td><td><\/td><\/tr><\/tbody><\/table><\/figure>\n\n\n\n<p>*&nbsp;Das Lehrergrillen wird traditionell zum Beginn eines jeden Schuljahres vom F\u00f6rderverein f\u00fcr die Lehrer durchgef\u00fchrt.<\/p>\n\n\n\n<hr class=\"wp-block-separator has-css-opacity is-style-wide\"\/>\n\n\n\n<p>Dar\u00fcber hinaus hat der F\u00f6rderverein die&nbsp;<strong>B\u00e4nke f\u00fcr die Schulstra\u00dfe<\/strong>&nbsp;angeschafft.<\/p>\n\n\n\n<p><strong>Dies alles w\u00fcrde nicht m\u00f6glich sein, wenn es den F\u00f6rderverein nicht mehr geben w\u00fcrde!<\/strong><\/p>\n\n\n\n<p>F\u00fcr R\u00fcckfragen stehen wir Ihnen gerne zur Verf\u00fcgung.<\/p>\n\n\n\n<blockquote class=\"wp-block-quote is-layout-flow wp-block-quote-is-layout-flow\">\n<p>J\u00f6rg Engel (Vorsitzender des F\u00f6rdervereins)<\/p>\n<\/blockquote>\n\n\n\n<p>(Vorsitzender des F\u00f6rdervereins)<\/p>\n\n\n\n<hr class=\"wp-block-separator has-css-opacity is-style-wide\"\/>\n\n\n\n<div class=\"wp-block-uagb-info-box uagb-block-3394aa6a uagb-infobox__content-wrap  uagb-infobox-icon-left uagb-infobox-left uagb-infobox-stacked-tablet uagb-infobox-image-valign-top uagb-infobox__outer-wrap\"><div class=\"uagb-ifb-content\"><div class=\"uagb-ifb-title-wrap\"><h5 class=\"uagb-ifb-title\">Unsere Unterlagen zum Download <\/h5><\/div><p class=\"uagb-ifb-desc\"><a href=\"http:\/\/www.leonardo-da-vinci-gymnasium.de\/?page_id=641#UnsereSchule\" target=\"_blank\" rel=\"noreferrer noopener\">Satzung<\/a><a href=\"http:\/\/www.leonardo-da-vinci-gymnasium.de\/?page_id=641#UnsereSchule\">, <\/a><a href=\"https:\/\/www.leonardo-da-vinci-gymnasium.de\/wp-content\/uploads\/2026\/01\/Beitragsordnung-2026.pdf\" target=\"_blank\" rel=\"noreferrer noopener\">Beitragsordnung<\/a><a href=\"http:\/\/www.leonardo-da-vinci-gymnasium.de\/?page_id=641#UnsereSchule\">, <\/a><a href=\"https:\/\/www.leonardo-da-vinci-gymnasium.de\/wp-content\/uploads\/2026\/01\/Beitrittserklaerung-2026.pdf\" target=\"_blank\" rel=\"noreferrer noopener\">Beitrittserkl\u00e4rung<\/a><a href=\"http:\/\/www.leonardo-da-vinci-gymnasium.de\/?page_id=641#UnsereSchule\">, <\/a><a href=\"https:\/\/www.leonardo-da-vinci-gymnasium.de\/wp-content\/uploads\/2026\/01\/Spendenformular-2026.pdf\" target=\"_blank\" rel=\"noreferrer noopener\">Spendenformular<\/a>  <\/p><\/div><\/div>\n\n\n\n<p><strong>Freunde des Leonardo-da-Vinci Gymnasiums e.V.<\/strong><br><br>Christoph-Ruden-Str. 3,<br>12349 Berlin<br>Mail: foerderverein-ldv@web.de<\/p>\n","protected":false},"excerpt":{"rendered":"<p>Der F\u00f6rderverein informiert, welche Projekte in den vergangenen Jahren mitfinanziert wurden.<\/p>\n","protected":false},"author":1,"featured_media":0,"comment_status":"closed","ping_status":"closed","sticky":false,"template":"","format":"standard","meta":{"_uag_custom_page_level_css":"","ngg_post_thumbnail":0,"footnotes":""},"categories":[16],"tags":[],"class_list":["post-2948","post","type-post","status-publish","format-standard","hentry","category-foerderverein"],"featured_image_urls_v2":{"full":"","thumbnail":"","medium":"","medium_large":"","large":"","1536x1536":"","2048x2048":"","post-thumbnail":"","gambit-header-image":"","gambit-thumbnail-archive":"","gambit-thumbnail-small":"","gambit-thumbnail-medium":"","gambit-thumbnail-large":"","tzwb-thumbnail":""},"post_excerpt_stackable_v2":"<p>Der F\u00f6rderverein informiert, welche Projekte in den vergangenen Jahren mitfinanziert wurden.<\/p>\n","category_list_v2":"<a href=\"https:\/\/www.leonardo-da-vinci-gymnasium.de\/?cat=16\" rel=\"category\">F\u00f6rderverein<\/a>","author_info_v2":{"name":"cbechinie","url":"https:\/\/www.leonardo-da-vinci-gymnasium.de\/?author=1"},"comments_num_v2":"0 comments","uagb_featured_image_src":{"full":false,"thumbnail":false,"medium":false,"medium_large":false,"large":false,"1536x1536":false,"2048x2048":false,"post-thumbnail":false,"gambit-header-image":false,"gambit-thumbnail-archive":false,"gambit-thumbnail-small":false,"gambit-thumbnail-medium":false,"gambit-thumbnail-large":false,"tzwb-thumbnail":false},"uagb_author_info":{"display_name":"cbechinie","author_link":"https:\/\/www.leonardo-da-vinci-gymnasium.de\/?author=1"},"uagb_comment_info":0,"uagb_excerpt":"Der F\u00f6rderverein informiert, welche Projekte in den vergangenen Jahren mitfinanziert wurden.","_links":{"self":[{"href":"https:\/\/www.leonardo-da-vinci-gymnasium.de\/index.php?rest_route=\/wp\/v2\/posts\/2948","targetHints":{"allow":["GET"]}}],"collection":[{"href":"https:\/\/www.leonardo-da-vinci-gymnasium.de\/index.php?rest_route=\/wp\/v2\/posts"}],"about":[{"href":"https:\/\/www.leonardo-da-vinci-gymnasium.de\/index.php?rest_route=\/wp\/v2\/types\/post"}],"author":[{"embeddable":true,"href":"https:\/\/www.leonardo-da-vinci-gymnasium.de\/index.php?rest_route=\/wp\/v2\/users\/1"}],"replies":[{"embeddable":true,"href":"https:\/\/www.leonardo-da-vinci-gymnasium.de\/index.php?rest_route=%2Fwp%2Fv2%2Fcomments&post=2948"}],"version-history":[{"count":10,"href":"https:\/\/www.leonardo-da-vinci-gymnasium.de\/index.php?rest_route=\/wp\/v2\/posts\/2948\/revisions"}],"predecessor-version":[{"id":9308,"href":"https:\/\/www.leonardo-da-vinci-gymnasium.de\/index.php?rest_route=\/wp\/v2\/posts\/2948\/revisions\/9308"}],"wp:attachment":[{"href":"https:\/\/www.leonardo-da-vinci-gymnasium.de\/index.php?rest_route=%2Fwp%2Fv2%2Fmedia&parent=2948"}],"wp:term":[{"taxonomy":"category","embeddable":true,"href":"https:\/\/www.leonardo-da-vinci-gymnasium.de\/index.php?rest_route=%2Fwp%2Fv2%2Fcategories&post=2948"},{"taxonomy":"post_tag","embeddable":true,"href":"https:\/\/www.leonardo-da-vinci-gymnasium.de\/index.php?rest_route=%2Fwp%2Fv2%2Ftags&post=2948"}],"curies":[{"name":"wp","href":"https:\/\/api.w.org\/{rel}","templated":true}]}}