{"id":2957,"date":"2020-06-29T19:01:25","date_gmt":"2020-06-29T17:01:25","guid":{"rendered":"http:\/\/www.claudio-bechinie.de\/Wordpress-Test\/?p=2957"},"modified":"2022-11-23T14:59:04","modified_gmt":"2022-11-23T13:59:04","slug":"mona-vorstellung","status":"publish","type":"post","link":"https:\/\/www.leonardo-da-vinci-gymnasium.de\/?p=2957","title":{"rendered":"mona \u2013 Vorstellung"},"content":{"rendered":"\n<p>Herzlich Willkommen liebe Leserinnen und Leser!<\/p>\n\n\n\n<div class=\"wp-block-image is-style-default\"><figure class=\"alignright size-large is-resized\"><img loading=\"lazy\" decoding=\"async\" src=\"https:\/\/www.claudio-bechinie.de\/Wordpress-Test\/wp-content\/uploads\/2020\/06\/mona-Startseite-neutral.jpg\" alt=\"\" class=\"wp-image-2962\" width=\"320\" height=\"240\" srcset=\"https:\/\/www.leonardo-da-vinci-gymnasium.de\/wp-content\/uploads\/2020\/06\/mona-Startseite-neutral.jpg 400w, https:\/\/www.leonardo-da-vinci-gymnasium.de\/wp-content\/uploads\/2020\/06\/mona-Startseite-neutral-300x225.jpg 300w, https:\/\/www.leonardo-da-vinci-gymnasium.de\/wp-content\/uploads\/2020\/06\/mona-Startseite-neutral-100x75.jpg 100w\" sizes=\"auto, (max-width: 320px) 100vw, 320px\" \/><\/figure><\/div>\n\n\n\n<p>Wir sind die Sch\u00fclerzeitungsredaktion des Leonardo-da-Vinci Gymnasiums. Bereits seit M\u00e4rz 2014 treffen sich eine handvoll kreativer K\u00f6pfe, die die&nbsp;<strong>mona<\/strong>&nbsp;ins Leben gerufen haben. Im September 2014 bildete sich daraus eine offizielle Redaktion. Geleitet wird unsere Gruppe von Sch\u00fclern selbst, sodass keine Lehrperson Einfluss auf die Zeitung aus\u00fcben kann.<\/p>\n\n\n\n<p>Warum es uns eigentlich gibt? Naja, das ist leicht zu beantworten:<\/p>\n\n\n\n<p>Die Sch\u00fclerzeitung stellt als von Sch\u00fclern gestaltetes informatives Medium eine unverzichtbare Rolle im Schulleben dar. Wir berichten \u00fcber aktuelle Geschehnisse unserer Schule und alles, was rund um unsere Schule passiert. Denn wir wollen \u00fcber den gew\u00f6hnlichen Tellerrand blicken. Mit kreativer Vermittlung wollen wir den Sch\u00fclern erm\u00f6glichen, einander besser kennenzulernen und Toleranz zu schaffen. Unser Gemeinschaftsgef\u00fchl, Engagement, Wissen, aber auch unsere Vielfalt soll durch die mona abgebildet werden. Die Schule lebt durch uns!<\/p>\n\n\n\n<p>Auch wagen wir uns an gesellschaftskritische Themen heran, um unseren Horizont zu erweitern und einen differenzierten Blick auf die Gesellschaft zu erm\u00f6glichen.<\/p>\n\n\n\n<p>Wir wollen&nbsp;<strong>M<\/strong>odernit\u00e4t,&nbsp;<strong>O<\/strong>ffenheit,&nbsp;<strong>N<\/strong>euheit und&nbsp;<strong>A<\/strong>uthentizit\u00e4t verk\u00f6rpern.<\/p>\n\n\n\n<p>Du f\u00fchlst dich angesprochen und bist fasziniert von der&nbsp;<strong>mona<\/strong>? Dein Kopf sprudelt schon vor kreativen Ideen? Dann bist Du bei uns richtig! Den Kontakt zu uns kann man \u00fcber die Schulleitung herstellen &#8211; einfach nach der <strong>mona <\/strong>fragen (sp\u00e4ter geht das vermutlich per Teams auch direkt).<\/p>\n\n\n\n<p>Wir freuen uns auf Dich!<\/p>\n\n\n\n<p>Gro\u00dfer Dank geb\u00fchrt vor allem unserer ehemaligen stellvertretenden Schulleiterin Frau Mischon-Vosselmann und unserem ehemaligen Schulleiter Herrn Frank, die unsere Gr\u00fcndung unterst\u00fctzt haben, sowie unserer aktuellen&nbsp;stellvertretenden Schulleiterin Frau Tamme und unserem Schulleiter Herrn Steinke, die uns tatkr\u00e4ftig unterst\u00fctzen.<\/p>\n","protected":false},"excerpt":{"rendered":"<p>Im September 2014 bildete sich die offizielle Redaktion f\u00fcr die Sch\u00fclerzeitung mona.<\/p>\n","protected":false},"author":1,"featured_media":0,"comment_status":"closed","ping_status":"closed","sticky":false,"template":"","format":"standard","meta":{"_uag_custom_page_level_css":"","ngg_post_thumbnail":0,"footnotes":""},"categories":[1],"tags":[150],"class_list":["post-2957","post","type-post","status-publish","format-standard","hentry","category-allgemein","tag-schuelerzeitung"],"featured_image_urls_v2":{"full":"","thumbnail":"","medium":"","medium_large":"","large":"","1536x1536":"","2048x2048":"","post-thumbnail":"","gambit-header-image":"","gambit-thumbnail-archive":"","gambit-thumbnail-small":"","gambit-thumbnail-medium":"","gambit-thumbnail-large":"","tzwb-thumbnail":""},"post_excerpt_stackable_v2":"<p>Im September 2014 bildete sich die offizielle Redaktion f\u00fcr die Sch\u00fclerzeitung mona.<\/p>\n","category_list_v2":"<a href=\"https:\/\/www.leonardo-da-vinci-gymnasium.de\/?cat=1\" rel=\"category\">Allgemein<\/a>","author_info_v2":{"name":"cbechinie","url":"https:\/\/www.leonardo-da-vinci-gymnasium.de\/?author=1"},"comments_num_v2":"0 comments","uagb_featured_image_src":{"full":false,"thumbnail":false,"medium":false,"medium_large":false,"large":false,"1536x1536":false,"2048x2048":false,"post-thumbnail":false,"gambit-header-image":false,"gambit-thumbnail-archive":false,"gambit-thumbnail-small":false,"gambit-thumbnail-medium":false,"gambit-thumbnail-large":false,"tzwb-thumbnail":false},"uagb_author_info":{"display_name":"cbechinie","author_link":"https:\/\/www.leonardo-da-vinci-gymnasium.de\/?author=1"},"uagb_comment_info":0,"uagb_excerpt":"Im September 2014 bildete sich die offizielle Redaktion f\u00fcr die Sch\u00fclerzeitung mona.","_links":{"self":[{"href":"https:\/\/www.leonardo-da-vinci-gymnasium.de\/index.php?rest_route=\/wp\/v2\/posts\/2957","targetHints":{"allow":["GET"]}}],"collection":[{"href":"https:\/\/www.leonardo-da-vinci-gymnasium.de\/index.php?rest_route=\/wp\/v2\/posts"}],"about":[{"href":"https:\/\/www.leonardo-da-vinci-gymnasium.de\/index.php?rest_route=\/wp\/v2\/types\/post"}],"author":[{"embeddable":true,"href":"https:\/\/www.leonardo-da-vinci-gymnasium.de\/index.php?rest_route=\/wp\/v2\/users\/1"}],"replies":[{"embeddable":true,"href":"https:\/\/www.leonardo-da-vinci-gymnasium.de\/index.php?rest_route=%2Fwp%2Fv2%2Fcomments&post=2957"}],"version-history":[{"count":4,"href":"https:\/\/www.leonardo-da-vinci-gymnasium.de\/index.php?rest_route=\/wp\/v2\/posts\/2957\/revisions"}],"predecessor-version":[{"id":2964,"href":"https:\/\/www.leonardo-da-vinci-gymnasium.de\/index.php?rest_route=\/wp\/v2\/posts\/2957\/revisions\/2964"}],"wp:attachment":[{"href":"https:\/\/www.leonardo-da-vinci-gymnasium.de\/index.php?rest_route=%2Fwp%2Fv2%2Fmedia&parent=2957"}],"wp:term":[{"taxonomy":"category","embeddable":true,"href":"https:\/\/www.leonardo-da-vinci-gymnasium.de\/index.php?rest_route=%2Fwp%2Fv2%2Fcategories&post=2957"},{"taxonomy":"post_tag","embeddable":true,"href":"https:\/\/www.leonardo-da-vinci-gymnasium.de\/index.php?rest_route=%2Fwp%2Fv2%2Ftags&post=2957"}],"curies":[{"name":"wp","href":"https:\/\/api.w.org\/{rel}","templated":true}]}}