{"id":3166,"date":"2018-10-04T14:25:00","date_gmt":"2018-10-04T12:25:00","guid":{"rendered":"http:\/\/www.claudio-bechinie.de\/Wordpress-Test\/?p=3166"},"modified":"2021-09-04T12:01:49","modified_gmt":"2021-09-04T10:01:49","slug":"grundsteinlegung-unseres-neubaus-am-4-oktober","status":"publish","type":"post","link":"https:\/\/www.leonardo-da-vinci-gymnasium.de\/?p=3166","title":{"rendered":"Grundsteinlegung unseres Neubaus am 4. Oktober 2018"},"content":{"rendered":"\n<p>Die Grundsteinlegung unseres Neubaus am 4. Oktober war eine bewegende Feier, die die gesamte Schulgemeinschaft erlebt und mitgestaltet hat.<\/p>\n\n\n\n<figure class=\"wp-block-image size-large\"><img loading=\"lazy\" decoding=\"async\" width=\"1000\" height=\"750\" src=\"https:\/\/www.claudio-bechinie.de\/Wordpress-Test\/wp-content\/uploads\/2020\/07\/IMG_1566.jpg\" alt=\"\" class=\"wp-image-3167\" srcset=\"https:\/\/www.leonardo-da-vinci-gymnasium.de\/wp-content\/uploads\/2020\/07\/IMG_1566.jpg 1000w, https:\/\/www.leonardo-da-vinci-gymnasium.de\/wp-content\/uploads\/2020\/07\/IMG_1566-300x225.jpg 300w, https:\/\/www.leonardo-da-vinci-gymnasium.de\/wp-content\/uploads\/2020\/07\/IMG_1566-768x576.jpg 768w, https:\/\/www.leonardo-da-vinci-gymnasium.de\/wp-content\/uploads\/2020\/07\/IMG_1566-100x75.jpg 100w\" sizes=\"auto, (max-width: 1000px) 100vw, 1000px\" \/><\/figure>\n\n\n\n<p>Auf der Baustelle versammelten sich ab 13 Uhr alle Sch\u00fclerinnen und Sch\u00fcler sowie Lehrkr\u00e4fte zusammen mit dem Bezirksb\u00fcrgermeister Herrn Martin Hikel, der Bildungsstadtr\u00e4tin Frau Karin Korte, dem Architekten Herrn Joachim Staudt und vielen weiteren Vertreterinnen und Vertretern der Politik und des Bezirksamts.<\/p>\n\n\n\nngg_shortcode_0_placeholder\n\n\n\n<p>Unser Chor unter Leitung von Frau Beck-Schnitker er\u00f6ffnete feierlich die Veranstaltung. B\u00fcrgermeister, Stadtr\u00e4tin und Schulleiter w\u00fcnschten in ihren Reden dem Bauprojekt Gl\u00fcck und Erfolg, dann f\u00fcllte Herr Steinke die kupferne Zeitkapsel traditionsgem\u00e4\u00df mit Baupl\u00e4nen, einer Tageszeitung und mit einigen M\u00fcnzen, zus\u00e4tzlich wurden die Gl\u00fcckw\u00fcnsche der Sch\u00fcler*innen und Lehrkr\u00e4fte in Form der gro\u00dfen Unterschriftensammlung in die Zeitkapsel gegeben. Diese wurde daraufhin gemeinsam in den Beton des k\u00fcnftigen Aulafu\u00dfbodens versenkt und einzementiert.<\/p>\n\n\n\nngg_shortcode_1_placeholder\n\n\n\n<p>Unser F\u00f6rderverein sorgte w\u00e4hrend und nach der Veranstaltung f\u00fcr die Versorgung mit Getr\u00e4nken, die dankenswerterweise von EDEKA Fromm gesponsert worden waren.<\/p>\n\n\n\nngg_shortcode_2_placeholder\n\n\n\n<p>Wir freuen uns auf weitere Baufortschritte und auf ein modernes, helles und lichtdurchflutetes neues Schulgeb\u00e4ude, in dem Lernen und Lehren einfach nur Spa\u00df machen kann!<\/p>\n\n\n\n<blockquote class=\"wp-block-quote is-layout-flow wp-block-quote-is-layout-flow\"><p>Hans Steinke<\/p><\/blockquote>\n","protected":false},"excerpt":{"rendered":"<p>Es kamen alle Sch\u00fclerinnen und Sch\u00fcler, Lehrkr\u00e4fte sowie Vertreterinnen und Vertreter der Politik und des Bezirksamts.<\/p>\n","protected":false},"author":1,"featured_media":0,"comment_status":"closed","ping_status":"closed","sticky":false,"template":"","format":"standard","meta":{"_uag_custom_page_level_css":"","ngg_post_thumbnail":0,"footnotes":""},"categories":[37],"tags":[38],"class_list":["post-3166","post","type-post","status-publish","format-standard","hentry","category-neubau","tag-neubau"],"featured_image_urls_v2":{"full":"","thumbnail":"","medium":"","medium_large":"","large":"","1536x1536":"","2048x2048":"","post-thumbnail":"","gambit-header-image":"","gambit-thumbnail-archive":"","gambit-thumbnail-small":"","gambit-thumbnail-medium":"","gambit-thumbnail-large":"","tzwb-thumbnail":""},"post_excerpt_stackable_v2":"<p>Es kamen alle Sch\u00fclerinnen und Sch\u00fcler, Lehrkr\u00e4fte sowie Vertreterinnen und Vertreter der Politik und des Bezirksamts.<\/p>\n","category_list_v2":"<a href=\"https:\/\/www.leonardo-da-vinci-gymnasium.de\/?cat=37\" rel=\"category\">Neubau<\/a>","author_info_v2":{"name":"cbechinie","url":"https:\/\/www.leonardo-da-vinci-gymnasium.de\/?author=1"},"comments_num_v2":"0 comments","uagb_featured_image_src":{"full":false,"thumbnail":false,"medium":false,"medium_large":false,"large":false,"1536x1536":false,"2048x2048":false,"post-thumbnail":false,"gambit-header-image":false,"gambit-thumbnail-archive":false,"gambit-thumbnail-small":false,"gambit-thumbnail-medium":false,"gambit-thumbnail-large":false,"tzwb-thumbnail":false},"uagb_author_info":{"display_name":"cbechinie","author_link":"https:\/\/www.leonardo-da-vinci-gymnasium.de\/?author=1"},"uagb_comment_info":0,"uagb_excerpt":"Es kamen alle Sch\u00fclerinnen und Sch\u00fcler, Lehrkr\u00e4fte sowie Vertreterinnen und Vertreter der Politik und des Bezirksamts.","_links":{"self":[{"href":"https:\/\/www.leonardo-da-vinci-gymnasium.de\/index.php?rest_route=\/wp\/v2\/posts\/3166","targetHints":{"allow":["GET"]}}],"collection":[{"href":"https:\/\/www.leonardo-da-vinci-gymnasium.de\/index.php?rest_route=\/wp\/v2\/posts"}],"about":[{"href":"https:\/\/www.leonardo-da-vinci-gymnasium.de\/index.php?rest_route=\/wp\/v2\/types\/post"}],"author":[{"embeddable":true,"href":"https:\/\/www.leonardo-da-vinci-gymnasium.de\/index.php?rest_route=\/wp\/v2\/users\/1"}],"replies":[{"embeddable":true,"href":"https:\/\/www.leonardo-da-vinci-gymnasium.de\/index.php?rest_route=%2Fwp%2Fv2%2Fcomments&post=3166"}],"version-history":[{"count":9,"href":"https:\/\/www.leonardo-da-vinci-gymnasium.de\/index.php?rest_route=\/wp\/v2\/posts\/3166\/revisions"}],"predecessor-version":[{"id":5802,"href":"https:\/\/www.leonardo-da-vinci-gymnasium.de\/index.php?rest_route=\/wp\/v2\/posts\/3166\/revisions\/5802"}],"wp:attachment":[{"href":"https:\/\/www.leonardo-da-vinci-gymnasium.de\/index.php?rest_route=%2Fwp%2Fv2%2Fmedia&parent=3166"}],"wp:term":[{"taxonomy":"category","embeddable":true,"href":"https:\/\/www.leonardo-da-vinci-gymnasium.de\/index.php?rest_route=%2Fwp%2Fv2%2Fcategories&post=3166"},{"taxonomy":"post_tag","embeddable":true,"href":"https:\/\/www.leonardo-da-vinci-gymnasium.de\/index.php?rest_route=%2Fwp%2Fv2%2Ftags&post=3166"}],"curies":[{"name":"wp","href":"https:\/\/api.w.org\/{rel}","templated":true}]}}