{"id":3228,"date":"2010-10-27T13:31:00","date_gmt":"2010-10-27T11:31:00","guid":{"rendered":"https:\/\/www.leonardo-da-vinci-gymnasium.de\/?p=3228"},"modified":"2022-11-23T14:38:50","modified_gmt":"2022-11-23T13:38:50","slug":"wir-sind-friedensschule","status":"publish","type":"post","link":"https:\/\/www.leonardo-da-vinci-gymnasium.de\/?p=3228","title":{"rendered":"Wir sind Friedensschule"},"content":{"rendered":"<div class=\"wp-block-image\">\n<figure class=\"alignright size-large\"><img loading=\"lazy\" decoding=\"async\" width=\"387\" height=\"250\" src=\"https:\/\/www.leonardo-da-vinci-gymnasium.de\/wp-content\/uploads\/2020\/07\/Friedensschule.jpg\" alt=\"\" class=\"wp-image-3229\" srcset=\"https:\/\/www.leonardo-da-vinci-gymnasium.de\/wp-content\/uploads\/2020\/07\/Friedensschule.jpg 387w, https:\/\/www.leonardo-da-vinci-gymnasium.de\/wp-content\/uploads\/2020\/07\/Friedensschule-300x194.jpg 300w\" sizes=\"auto, (max-width: 387px) 100vw, 387px\" \/><\/figure>\n<\/div>\n\n\n<p>Seit vier Jahren nimmt unsere Schule an der Aktion \u201eTag f\u00fcr Afrika\u201c teil, den der Weltfriedensdienst e.V. veranstaltet. In der pr\u00fcfungsintensiven Zeit im Mai bietet sich das an, da sonst die Sch\u00fcler unterrichtsfrei h\u00e4tten. Alle Sch\u00fcler der Mittelstufe (die Oberstufensch\u00fcler schreiben vierst\u00fcndige Klausuren) suchen sich einen Arbeitsplatz f\u00fcr einen Tag und die Spende, die sie dabei erwirtschaften, flie\u00dft in Jugendprojekte in Afrika.<\/p>\n\n\n\n<p>Da unsere Sch\u00fcler jeweils ein sehr hohes Spendenaufkommen erzielten, im Mai dieses Jahres sogar \u00fcber 10.000 \u20ac, hat der Weltfriedensdienst vorgeschlagen, uns f\u00fcr dieses Engagement den Titel \u201eFriedensschule\u201c zu verleihen. Die Sch\u00fcler von sechs Klassen haben ihre Arbeit an diesem Tag dokumentiert und Plakate gestaltet. Diese Klassen nahmen am 27. Oktober 2010 an der Ehrung teil.<\/p>\n\n\n\n<p>Hier ein kurzer Auszug aus der Rede von Frau Mischon-Vosselmann:<\/p>\n\n\n\n<blockquote class=\"wp-block-quote is-layout-flow wp-block-quote-is-layout-flow\">\n<p>Dass nicht alle dieses Projekt freudig und engagiert mittragen, wei\u00df ich wohl, und dass manche denken, warum f\u00fcr Afrika arbeiten, wo es doch so viele Probleme vor unserer Haust\u00fcr gibt, ist mir auch bekannt. Dazu kann ich nur sagen, dass wir als Schule nat\u00fcrlich nicht die Welt retten k\u00f6nnen. Wir k\u00f6nnen sie an manchen Stellen aber f\u00fcr einige Menschen etwas freundlicher gestalten und das ist sehr viel. Wir zeigen, dass wir es sch\u00e4tzen k\u00f6nnen, dass es uns im Vergleich zu vielen Menschen auf der Welt sehr gut geht. In diesem Sinne soll der Titel \u201eFriedensschule\u201c f\u00fcr uns Ansporn und Verpflichtung f\u00fcr die Zukunft sein.<\/p>\n<\/blockquote>\n","protected":false},"excerpt":{"rendered":"<p>Am 27. Oktober 2010 wurde uns der Titel \u201eFriedensschule\u201c verliehen.<\/p>\n","protected":false},"author":1,"featured_media":3240,"comment_status":"closed","ping_status":"closed","sticky":false,"template":"","format":"standard","meta":{"_uag_custom_page_level_css":"","ngg_post_thumbnail":0,"footnotes":""},"categories":[31,25],"tags":[],"class_list":["post-3228","post","type-post","status-publish","format-standard","has-post-thumbnail","hentry","category-engagement","category-schulleben"],"featured_image_urls_v2":{"full":["https:\/\/www.leonardo-da-vinci-gymnasium.de\/wp-content\/uploads\/2020\/07\/cropped-Friedensschule.jpg",1340,865,false],"thumbnail":["https:\/\/www.leonardo-da-vinci-gymnasium.de\/wp-content\/uploads\/2020\/07\/cropped-Friedensschule-150x150.jpg",150,150,true],"medium":["https:\/\/www.leonardo-da-vinci-gymnasium.de\/wp-content\/uploads\/2020\/07\/cropped-Friedensschule-300x194.jpg",300,194,true],"medium_large":["https:\/\/www.leonardo-da-vinci-gymnasium.de\/wp-content\/uploads\/2020\/07\/cropped-Friedensschule-768x496.jpg",750,484,true],"large":["https:\/\/www.leonardo-da-vinci-gymnasium.de\/wp-content\/uploads\/2020\/07\/cropped-Friedensschule-1024x661.jpg",750,484,true],"1536x1536":["https:\/\/www.leonardo-da-vinci-gymnasium.de\/wp-content\/uploads\/2020\/07\/cropped-Friedensschule.jpg",1340,865,false],"2048x2048":["https:\/\/www.leonardo-da-vinci-gymnasium.de\/wp-content\/uploads\/2020\/07\/cropped-Friedensschule.jpg",1340,865,false],"post-thumbnail":["https:\/\/www.leonardo-da-vinci-gymnasium.de\/wp-content\/uploads\/2020\/07\/cropped-Friedensschule-750x450.jpg",750,450,true],"gambit-header-image":["https:\/\/www.leonardo-da-vinci-gymnasium.de\/wp-content\/uploads\/2020\/07\/cropped-Friedensschule-1340x420.jpg",1340,420,true],"gambit-thumbnail-archive":["https:\/\/www.leonardo-da-vinci-gymnasium.de\/wp-content\/uploads\/2020\/07\/cropped-Friedensschule-300x240.jpg",300,240,true],"gambit-thumbnail-small":["https:\/\/www.leonardo-da-vinci-gymnasium.de\/wp-content\/uploads\/2020\/07\/cropped-Friedensschule-100x75.jpg",100,75,true],"gambit-thumbnail-medium":["https:\/\/www.leonardo-da-vinci-gymnasium.de\/wp-content\/uploads\/2020\/07\/cropped-Friedensschule-300x200.jpg",300,200,true],"gambit-thumbnail-large":["https:\/\/www.leonardo-da-vinci-gymnasium.de\/wp-content\/uploads\/2020\/07\/cropped-Friedensschule-420x280.jpg",420,280,true],"tzwb-thumbnail":["https:\/\/www.leonardo-da-vinci-gymnasium.de\/wp-content\/uploads\/2020\/07\/cropped-Friedensschule-80x64.jpg",80,64,true]},"post_excerpt_stackable_v2":"<p>Am 27. Oktober 2010 wurde uns der Titel \u201eFriedensschule\u201c verliehen.<\/p>\n","category_list_v2":"<a href=\"https:\/\/www.leonardo-da-vinci-gymnasium.de\/?cat=31\" rel=\"category\">Engagement<\/a>, <a href=\"https:\/\/www.leonardo-da-vinci-gymnasium.de\/?cat=25\" rel=\"category\">Schulleben<\/a>","author_info_v2":{"name":"cbechinie","url":"https:\/\/www.leonardo-da-vinci-gymnasium.de\/?author=1"},"comments_num_v2":"0 comments","uagb_featured_image_src":{"full":["https:\/\/www.leonardo-da-vinci-gymnasium.de\/wp-content\/uploads\/2020\/07\/cropped-Friedensschule.jpg",1340,865,false],"thumbnail":["https:\/\/www.leonardo-da-vinci-gymnasium.de\/wp-content\/uploads\/2020\/07\/cropped-Friedensschule-150x150.jpg",150,150,true],"medium":["https:\/\/www.leonardo-da-vinci-gymnasium.de\/wp-content\/uploads\/2020\/07\/cropped-Friedensschule-300x194.jpg",300,194,true],"medium_large":["https:\/\/www.leonardo-da-vinci-gymnasium.de\/wp-content\/uploads\/2020\/07\/cropped-Friedensschule-768x496.jpg",750,484,true],"large":["https:\/\/www.leonardo-da-vinci-gymnasium.de\/wp-content\/uploads\/2020\/07\/cropped-Friedensschule-1024x661.jpg",750,484,true],"1536x1536":["https:\/\/www.leonardo-da-vinci-gymnasium.de\/wp-content\/uploads\/2020\/07\/cropped-Friedensschule.jpg",1340,865,false],"2048x2048":["https:\/\/www.leonardo-da-vinci-gymnasium.de\/wp-content\/uploads\/2020\/07\/cropped-Friedensschule.jpg",1340,865,false],"post-thumbnail":["https:\/\/www.leonardo-da-vinci-gymnasium.de\/wp-content\/uploads\/2020\/07\/cropped-Friedensschule-750x450.jpg",750,450,true],"gambit-header-image":["https:\/\/www.leonardo-da-vinci-gymnasium.de\/wp-content\/uploads\/2020\/07\/cropped-Friedensschule-1340x420.jpg",1340,420,true],"gambit-thumbnail-archive":["https:\/\/www.leonardo-da-vinci-gymnasium.de\/wp-content\/uploads\/2020\/07\/cropped-Friedensschule-300x240.jpg",300,240,true],"gambit-thumbnail-small":["https:\/\/www.leonardo-da-vinci-gymnasium.de\/wp-content\/uploads\/2020\/07\/cropped-Friedensschule-100x75.jpg",100,75,true],"gambit-thumbnail-medium":["https:\/\/www.leonardo-da-vinci-gymnasium.de\/wp-content\/uploads\/2020\/07\/cropped-Friedensschule-300x200.jpg",300,200,true],"gambit-thumbnail-large":["https:\/\/www.leonardo-da-vinci-gymnasium.de\/wp-content\/uploads\/2020\/07\/cropped-Friedensschule-420x280.jpg",420,280,true],"tzwb-thumbnail":["https:\/\/www.leonardo-da-vinci-gymnasium.de\/wp-content\/uploads\/2020\/07\/cropped-Friedensschule-80x64.jpg",80,64,true]},"uagb_author_info":{"display_name":"cbechinie","author_link":"https:\/\/www.leonardo-da-vinci-gymnasium.de\/?author=1"},"uagb_comment_info":0,"uagb_excerpt":"Am 27. Oktober 2010 wurde uns der Titel \u201eFriedensschule\u201c verliehen.","_links":{"self":[{"href":"https:\/\/www.leonardo-da-vinci-gymnasium.de\/index.php?rest_route=\/wp\/v2\/posts\/3228","targetHints":{"allow":["GET"]}}],"collection":[{"href":"https:\/\/www.leonardo-da-vinci-gymnasium.de\/index.php?rest_route=\/wp\/v2\/posts"}],"about":[{"href":"https:\/\/www.leonardo-da-vinci-gymnasium.de\/index.php?rest_route=\/wp\/v2\/types\/post"}],"author":[{"embeddable":true,"href":"https:\/\/www.leonardo-da-vinci-gymnasium.de\/index.php?rest_route=\/wp\/v2\/users\/1"}],"replies":[{"embeddable":true,"href":"https:\/\/www.leonardo-da-vinci-gymnasium.de\/index.php?rest_route=%2Fwp%2Fv2%2Fcomments&post=3228"}],"version-history":[{"count":2,"href":"https:\/\/www.leonardo-da-vinci-gymnasium.de\/index.php?rest_route=\/wp\/v2\/posts\/3228\/revisions"}],"predecessor-version":[{"id":7224,"href":"https:\/\/www.leonardo-da-vinci-gymnasium.de\/index.php?rest_route=\/wp\/v2\/posts\/3228\/revisions\/7224"}],"wp:featuredmedia":[{"embeddable":true,"href":"https:\/\/www.leonardo-da-vinci-gymnasium.de\/index.php?rest_route=\/wp\/v2\/media\/3240"}],"wp:attachment":[{"href":"https:\/\/www.leonardo-da-vinci-gymnasium.de\/index.php?rest_route=%2Fwp%2Fv2%2Fmedia&parent=3228"}],"wp:term":[{"taxonomy":"category","embeddable":true,"href":"https:\/\/www.leonardo-da-vinci-gymnasium.de\/index.php?rest_route=%2Fwp%2Fv2%2Fcategories&post=3228"},{"taxonomy":"post_tag","embeddable":true,"href":"https:\/\/www.leonardo-da-vinci-gymnasium.de\/index.php?rest_route=%2Fwp%2Fv2%2Ftags&post=3228"}],"curies":[{"name":"wp","href":"https:\/\/api.w.org\/{rel}","templated":true}]}}