{"id":428,"date":"2019-05-09T12:24:35","date_gmt":"2019-05-09T10:24:35","guid":{"rendered":"http:www.claudio-bechinie.de\/Wordpress\/?p=428"},"modified":"2026-01-14T13:41:04","modified_gmt":"2026-01-14T12:41:04","slug":"richtfest-der-foerderverein-war-dabei","status":"publish","type":"post","link":"https:\/\/www.leonardo-da-vinci-gymnasium.de\/?p=428","title":{"rendered":"Richtfest \u2013 der F\u00f6rderverein war dabei!"},"content":{"rendered":"<div class=\"wp-block-image\">\n<figure class=\"alignright size-large\"><img loading=\"lazy\" decoding=\"async\" width=\"387\" height=\"250\" src=\"https:\/\/www.claudio-bechinie.de\/Wordpress-Test\/wp-content\/uploads\/2020\/06\/Beitragsbild.jpg\" alt=\"\" class=\"wp-image-2397\" srcset=\"https:\/\/www.leonardo-da-vinci-gymnasium.de\/wp-content\/uploads\/2020\/06\/Beitragsbild.jpg 387w, https:\/\/www.leonardo-da-vinci-gymnasium.de\/wp-content\/uploads\/2020\/06\/Beitragsbild-300x194.jpg 300w\" sizes=\"auto, (max-width: 387px) 100vw, 387px\" \/><\/figure>\n<\/div>\n\n\n<p>Am 9. Mai 2019 war es endlich so weit. Die Richtkrone schwebte \u00fcber  unseren Neubau. Wie immer bei solchen schulischen Anl\u00e4ssen war der F\u00f6rderverein mittendrin, statt nur dabei! <\/p>\n\n\n\n<p>Im Vorfeld hatten wir beschlossen, uns an den Kosten des sich anschlie\u00dfenden Empfangs der geladenen G\u00e4ste zu beteiligen, um dem Richtfest einen w\u00fcrdigen Rahmen zu geben. Gemeinsam mit dem Bezirksamt Neuk\u00f6lln, dass sich zu 2\/3 an den Kosten beteiligte, konnte so ein gelungenes Richtfest organisiert werden.<\/p>\n\n\n\n<p>Wir als F\u00f6rderverein freuen uns, dass wir unseren Beitrag zu dem  Richtfest leisten konnten. Nun hoffen wir, dass der Schulneubau zu dem avisierten Termin fertiggestellt wird. <\/p>\n\n\n\n<p>J\u00f6rg Engel<br><br>Vorsitzender des F\u00f6rdervereins <\/p>\n\n\n\n<hr class=\"wp-block-separator has-css-opacity is-style-wide\"\/>\n\n\n\n<div class=\"wp-block-uagb-info-box uagb-block-3394aa6a uagb-infobox__content-wrap  uagb-infobox-icon-left uagb-infobox-left uagb-infobox-stacked-tablet uagb-infobox-image-valign-top uagb-infobox__outer-wrap\"><div class=\"uagb-ifb-content\"><div class=\"uagb-ifb-title-wrap\"><h5 class=\"uagb-ifb-title\">Unsere Unterlagen zum Download <\/h5><\/div><p class=\"uagb-ifb-desc\"><a href=\"http:\/\/www.leonardo-da-vinci-gymnasium.de\/?page_id=641#UnsereSchule\" target=\"_blank\" rel=\"noreferrer noopener\">Satzung<\/a><a href=\"http:\/\/www.leonardo-da-vinci-gymnasium.de\/?page_id=641#UnsereSchule\">, <\/a><a href=\"https:\/\/www.leonardo-da-vinci-gymnasium.de\/wp-content\/uploads\/2026\/01\/Beitragsordnung-2026.pdf\" target=\"_blank\" rel=\"noreferrer noopener\">Beitragsordnung<\/a><a href=\"http:\/\/www.leonardo-da-vinci-gymnasium.de\/?page_id=641#UnsereSchule\">, <\/a><a href=\"https:\/\/www.leonardo-da-vinci-gymnasium.de\/wp-content\/uploads\/2026\/01\/Beitrittserklaerung-2026.pdf\" target=\"_blank\" rel=\"noreferrer noopener\">Beitrittserkl\u00e4rung<\/a><a href=\"http:\/\/www.leonardo-da-vinci-gymnasium.de\/?page_id=641#UnsereSchule\">, <\/a><a href=\"https:\/\/www.leonardo-da-vinci-gymnasium.de\/wp-content\/uploads\/2026\/01\/Spendenformular-2026.pdf\" target=\"_blank\" rel=\"noreferrer noopener\">Spendenformular<\/a>  <\/p><\/div><\/div>\n\n\n\n<p><strong>Freunde des Leonardo-da-Vinci Gymnasiums e.V.<\/strong><br><br>Christoph-Ruden-Str. 3,<br>12349 Berlin<br>Mail: foerderverein-ldv@web.de<\/p>\n\n\n\n<p><\/p>\n","protected":false},"excerpt":{"rendered":"<p>Am 9. Mai 2019 war es endlich so weit. Die Richtkrone schwebte \u00fcber  unseren Neubau. Wie immer bei solchen schulischen Anl\u00e4ssen war der F\u00f6rderverein mittendrin, statt nur dabei! <\/p>\n","protected":false},"author":1,"featured_media":0,"comment_status":"closed","ping_status":"closed","sticky":false,"template":"","format":"standard","meta":{"_uag_custom_page_level_css":"","ngg_post_thumbnail":0,"footnotes":""},"categories":[16,35,37],"tags":[],"class_list":["post-428","post","type-post","status-publish","format-standard","hentry","category-foerderverein","category-schulgebaeude","category-neubau"],"featured_image_urls_v2":{"full":"","thumbnail":"","medium":"","medium_large":"","large":"","1536x1536":"","2048x2048":"","post-thumbnail":"","gambit-header-image":"","gambit-thumbnail-archive":"","gambit-thumbnail-small":"","gambit-thumbnail-medium":"","gambit-thumbnail-large":"","tzwb-thumbnail":""},"post_excerpt_stackable_v2":"<p>Am 9. Mai 2019 war es endlich so weit. Die Richtkrone schwebte \u00fcber  unseren Neubau. Wie immer bei solchen schulischen Anl\u00e4ssen war der F\u00f6rderverein mittendrin, statt nur dabei! <\/p>\n","category_list_v2":"<a href=\"https:\/\/www.leonardo-da-vinci-gymnasium.de\/?cat=16\" rel=\"category\">F\u00f6rderverein<\/a>, <a href=\"https:\/\/www.leonardo-da-vinci-gymnasium.de\/?cat=35\" rel=\"category\">Schulgeb\u00e4ude<\/a>, <a href=\"https:\/\/www.leonardo-da-vinci-gymnasium.de\/?cat=37\" rel=\"category\">Neubau<\/a>","author_info_v2":{"name":"cbechinie","url":"https:\/\/www.leonardo-da-vinci-gymnasium.de\/?author=1"},"comments_num_v2":"0 comments","uagb_featured_image_src":{"full":false,"thumbnail":false,"medium":false,"medium_large":false,"large":false,"1536x1536":false,"2048x2048":false,"post-thumbnail":false,"gambit-header-image":false,"gambit-thumbnail-archive":false,"gambit-thumbnail-small":false,"gambit-thumbnail-medium":false,"gambit-thumbnail-large":false,"tzwb-thumbnail":false},"uagb_author_info":{"display_name":"cbechinie","author_link":"https:\/\/www.leonardo-da-vinci-gymnasium.de\/?author=1"},"uagb_comment_info":0,"uagb_excerpt":"Am 9. Mai 2019 war es endlich so weit. Die Richtkrone schwebte \u00fcber unseren Neubau. Wie immer bei solchen schulischen Anl\u00e4ssen war der F\u00f6rderverein mittendrin, statt nur dabei!","_links":{"self":[{"href":"https:\/\/www.leonardo-da-vinci-gymnasium.de\/index.php?rest_route=\/wp\/v2\/posts\/428","targetHints":{"allow":["GET"]}}],"collection":[{"href":"https:\/\/www.leonardo-da-vinci-gymnasium.de\/index.php?rest_route=\/wp\/v2\/posts"}],"about":[{"href":"https:\/\/www.leonardo-da-vinci-gymnasium.de\/index.php?rest_route=\/wp\/v2\/types\/post"}],"author":[{"embeddable":true,"href":"https:\/\/www.leonardo-da-vinci-gymnasium.de\/index.php?rest_route=\/wp\/v2\/users\/1"}],"replies":[{"embeddable":true,"href":"https:\/\/www.leonardo-da-vinci-gymnasium.de\/index.php?rest_route=%2Fwp%2Fv2%2Fcomments&post=428"}],"version-history":[{"count":16,"href":"https:\/\/www.leonardo-da-vinci-gymnasium.de\/index.php?rest_route=\/wp\/v2\/posts\/428\/revisions"}],"predecessor-version":[{"id":9303,"href":"https:\/\/www.leonardo-da-vinci-gymnasium.de\/index.php?rest_route=\/wp\/v2\/posts\/428\/revisions\/9303"}],"wp:attachment":[{"href":"https:\/\/www.leonardo-da-vinci-gymnasium.de\/index.php?rest_route=%2Fwp%2Fv2%2Fmedia&parent=428"}],"wp:term":[{"taxonomy":"category","embeddable":true,"href":"https:\/\/www.leonardo-da-vinci-gymnasium.de\/index.php?rest_route=%2Fwp%2Fv2%2Fcategories&post=428"},{"taxonomy":"post_tag","embeddable":true,"href":"https:\/\/www.leonardo-da-vinci-gymnasium.de\/index.php?rest_route=%2Fwp%2Fv2%2Ftags&post=428"}],"curies":[{"name":"wp","href":"https:\/\/api.w.org\/{rel}","templated":true}]}}