{"id":4368,"date":"2023-03-10T15:15:05","date_gmt":"2023-03-10T14:15:05","guid":{"rendered":"https:\/\/www.leonardo-da-vinci-gymnasium.de\/?p=4368"},"modified":"2023-06-05T10:30:23","modified_gmt":"2023-06-05T08:30:23","slug":"ag-ganztag","status":"publish","type":"post","link":"https:\/\/www.leonardo-da-vinci-gymnasium.de\/?p=4368","title":{"rendered":"Studientag: LdV goes Ganztag"},"content":{"rendered":"\n<h5 class=\"wp-block-heading\">Ideen und Visionen erlaubt!<\/h5>\n\n\n\n<p>Der Studientag am 24. Februar 2023 des LdV-Kollegiums galt ganz und gar der Entwicklung des Ganztagskonzeptes und setzte bei den Chancen f\u00fcr Sch\u00fcler*innen und Kolleg*innen sowie f\u00fcr Eltern an, die ein Ganztagsangebot bereithalten k\u00f6nnte.<\/p>\n\n\n\n<p>In Kleingruppen berieten dann die Kolleg*innen und 8 Sch\u00fcler*innen welchen Bedarf unsere Sch\u00fclerschaft bezogen auf Themenfeldern, wie AGs, Begabungs- und Gesundheitsf\u00f6rderung, Verpflegung \/ Mittagessen sowie selbstst\u00e4ndiges Arbeiten hat und mit welchen Angeboten dieser gedeckt werden kann.<\/p>\n\n\n\n<p>Im Rahmen einer Ganztagsschule sollte, so das Ergebnis, der Fokus klar auf ein breites AG-Angebot gelegt werden, wie z.B. Koch-AG, Werkstatt-AGs, Schulgarten, k\u00fcnstlerische und musische Angebote. Weiterhin ging es um die St\u00e4rkung von projektorientiertem Unterricht, Meditation- und Entspannungsangeboten sowie Workshops zu Lernmethoden, um das Lernen unsere Sch\u00fcler*innen positiv zu unterst\u00fctzen.<\/p>\n\n\n\n<p>Damit dies keine Visionen bleiben, wird ein vorl\u00e4ufiges Konzept des Ganztagsangebotes im Mai 2023 dem Kollegium zur Beratung vorgelegt und zu Beginn des kommenden Schuljahres in den einzelnen Gremien abgestimmt, um es bis September der Schulbeh\u00f6rde vorzulegen und bestenfalls im Schuljahr 2023\/24 an unserer Schule umzusetzen.<\/p>\n\n\n\n<blockquote class=\"wp-block-quote is-layout-flow wp-block-quote-is-layout-flow\">\n<p>Mlb<\/p>\n<\/blockquote>\n\n\n\nngg_shortcode_0_placeholder\n\n\n\n<hr class=\"wp-block-separator has-alpha-channel-opacity is-style-wide\"\/>\n\n\n\n<h5 class=\"wp-block-heading\">Die Arbeitsgruppe<\/h5>\n\n\n\n<p>Der Neubau unserer Schule bietet uns erstmals die Voraussetzungen \u00fcber Formen der Ganztagsschule am Leonardo-da-Vinci-Gymnasium nachzudenken. Deshalb hat sich im Sommer 2020 aus dem Kollegium heraus eine Arbeitsgruppe gebildet, die es sich zur Aufgabe gemacht hat, Ideen und Vorschl\u00e4ge f\u00fcr ein m\u00f6gliches Ganztagskonzept zu sammeln und zu entwickeln. Zur Ideensammlung&nbsp; sollen dabei alle am Schulleben beteiligten Gruppen (Sch\u00fcler*innen, Eltern, Lehrer*innen) beitragen k\u00f6nnen.<\/p>\n\n\n\n<p>Hilfe und Anregungen bekommt die Arbeitsgruppe von der Serviceagentur \u201eGanzt\u00e4gig lernen\u201c Berlin, die seit 2010 bei der Deutschen Kinder- und Jugendstiftung angesiedelt ist. Sie ber\u00e4t Schulen in Bezug auf Ganztagsschulentwicklung und ist als Unterst\u00fctzungssystem gedacht.<\/p>\n\n\n\n<p>Gemeinsam wollen wir ein Ganztagskonzept entwickeln, das dem Schulleben am Leonardo-da-Vinci-Gymnasium im Neubau neue Impulse verleiht.<\/p>\n\n\n\n<p>Die Arbeitsgruppe tagt mehrmals im Schuljahr und freut sich \u00fcber Anregungen!<\/p>\n\n\n\n<p>Schreibt\/Schreiben Sie eine Mail an <strong>miko@08y05.schule.berlin.de<\/strong>, wenn ihr\/Sie Ideen oder W\u00fcnsche habt\/haben. Ich werde die Anregungen an die Arbeitsgruppe weiterleiten.<\/p>\n\n\n\n<blockquote class=\"wp-block-quote is-layout-flow wp-block-quote-is-layout-flow\">\n<p>J. Maroski<br>(kommissarische Mittelstufenkoordinatorin)<\/p>\n<\/blockquote>\n","protected":false},"excerpt":{"rendered":"<p>Der Studientag galt der Entwicklung des Ganztagskonzeptes und setzte bei den Chancen f\u00fcr Sch\u00fcler*innen und Kolleg*innen sowie f\u00fcr Eltern an.<\/p>\n","protected":false},"author":1,"featured_media":7597,"comment_status":"closed","ping_status":"closed","sticky":false,"template":"","format":"standard","meta":{"_uag_custom_page_level_css":"","ngg_post_thumbnail":0,"footnotes":""},"categories":[18,46],"tags":[47],"class_list":["post-4368","post","type-post","status-publish","format-standard","has-post-thumbnail","hentry","category-schule","category-gremien","tag-gremien"],"featured_image_urls_v2":{"full":["https:\/\/www.leonardo-da-vinci-gymnasium.de\/wp-content\/uploads\/2023\/03\/Beitragsbild-schmal-3.jpg",1163,686,false],"thumbnail":["https:\/\/www.leonardo-da-vinci-gymnasium.de\/wp-content\/uploads\/2023\/03\/Beitragsbild-schmal-3-150x150.jpg",150,150,true],"medium":["https:\/\/www.leonardo-da-vinci-gymnasium.de\/wp-content\/uploads\/2023\/03\/Beitragsbild-schmal-3-300x177.jpg",300,177,true],"medium_large":["https:\/\/www.leonardo-da-vinci-gymnasium.de\/wp-content\/uploads\/2023\/03\/Beitragsbild-schmal-3-768x453.jpg",750,442,true],"large":["https:\/\/www.leonardo-da-vinci-gymnasium.de\/wp-content\/uploads\/2023\/03\/Beitragsbild-schmal-3-1024x604.jpg",750,442,true],"1536x1536":["https:\/\/www.leonardo-da-vinci-gymnasium.de\/wp-content\/uploads\/2023\/03\/Beitragsbild-schmal-3.jpg",1163,686,false],"2048x2048":["https:\/\/www.leonardo-da-vinci-gymnasium.de\/wp-content\/uploads\/2023\/03\/Beitragsbild-schmal-3.jpg",1163,686,false],"post-thumbnail":["https:\/\/www.leonardo-da-vinci-gymnasium.de\/wp-content\/uploads\/2023\/03\/Beitragsbild-schmal-3-750x450.jpg",750,450,true],"gambit-header-image":["https:\/\/www.leonardo-da-vinci-gymnasium.de\/wp-content\/uploads\/2023\/03\/Beitragsbild-schmal-3-1163x420.jpg",1163,420,true],"gambit-thumbnail-archive":["https:\/\/www.leonardo-da-vinci-gymnasium.de\/wp-content\/uploads\/2023\/03\/Beitragsbild-schmal-3-300x240.jpg",300,240,true],"gambit-thumbnail-small":["https:\/\/www.leonardo-da-vinci-gymnasium.de\/wp-content\/uploads\/2023\/03\/Beitragsbild-schmal-3-100x75.jpg",100,75,true],"gambit-thumbnail-medium":["https:\/\/www.leonardo-da-vinci-gymnasium.de\/wp-content\/uploads\/2023\/03\/Beitragsbild-schmal-3-300x200.jpg",300,200,true],"gambit-thumbnail-large":["https:\/\/www.leonardo-da-vinci-gymnasium.de\/wp-content\/uploads\/2023\/03\/Beitragsbild-schmal-3-420x280.jpg",420,280,true],"tzwb-thumbnail":["https:\/\/www.leonardo-da-vinci-gymnasium.de\/wp-content\/uploads\/2023\/03\/Beitragsbild-schmal-3-80x64.jpg",80,64,true]},"post_excerpt_stackable_v2":"<p>Der Studientag galt der Entwicklung des Ganztagskonzeptes und setzte bei den Chancen f\u00fcr Sch\u00fcler*innen und Kolleg*innen sowie f\u00fcr Eltern an.<\/p>\n","category_list_v2":"<a href=\"https:\/\/www.leonardo-da-vinci-gymnasium.de\/?cat=18\" rel=\"category\">Unsere Schule<\/a>, <a href=\"https:\/\/www.leonardo-da-vinci-gymnasium.de\/?cat=46\" rel=\"category\">Gremien<\/a>","author_info_v2":{"name":"cbechinie","url":"https:\/\/www.leonardo-da-vinci-gymnasium.de\/?author=1"},"comments_num_v2":"0 comments","uagb_featured_image_src":{"full":["https:\/\/www.leonardo-da-vinci-gymnasium.de\/wp-content\/uploads\/2023\/03\/Beitragsbild-schmal-3.jpg",1163,686,false],"thumbnail":["https:\/\/www.leonardo-da-vinci-gymnasium.de\/wp-content\/uploads\/2023\/03\/Beitragsbild-schmal-3-150x150.jpg",150,150,true],"medium":["https:\/\/www.leonardo-da-vinci-gymnasium.de\/wp-content\/uploads\/2023\/03\/Beitragsbild-schmal-3-300x177.jpg",300,177,true],"medium_large":["https:\/\/www.leonardo-da-vinci-gymnasium.de\/wp-content\/uploads\/2023\/03\/Beitragsbild-schmal-3-768x453.jpg",750,442,true],"large":["https:\/\/www.leonardo-da-vinci-gymnasium.de\/wp-content\/uploads\/2023\/03\/Beitragsbild-schmal-3-1024x604.jpg",750,442,true],"1536x1536":["https:\/\/www.leonardo-da-vinci-gymnasium.de\/wp-content\/uploads\/2023\/03\/Beitragsbild-schmal-3.jpg",1163,686,false],"2048x2048":["https:\/\/www.leonardo-da-vinci-gymnasium.de\/wp-content\/uploads\/2023\/03\/Beitragsbild-schmal-3.jpg",1163,686,false],"post-thumbnail":["https:\/\/www.leonardo-da-vinci-gymnasium.de\/wp-content\/uploads\/2023\/03\/Beitragsbild-schmal-3-750x450.jpg",750,450,true],"gambit-header-image":["https:\/\/www.leonardo-da-vinci-gymnasium.de\/wp-content\/uploads\/2023\/03\/Beitragsbild-schmal-3-1163x420.jpg",1163,420,true],"gambit-thumbnail-archive":["https:\/\/www.leonardo-da-vinci-gymnasium.de\/wp-content\/uploads\/2023\/03\/Beitragsbild-schmal-3-300x240.jpg",300,240,true],"gambit-thumbnail-small":["https:\/\/www.leonardo-da-vinci-gymnasium.de\/wp-content\/uploads\/2023\/03\/Beitragsbild-schmal-3-100x75.jpg",100,75,true],"gambit-thumbnail-medium":["https:\/\/www.leonardo-da-vinci-gymnasium.de\/wp-content\/uploads\/2023\/03\/Beitragsbild-schmal-3-300x200.jpg",300,200,true],"gambit-thumbnail-large":["https:\/\/www.leonardo-da-vinci-gymnasium.de\/wp-content\/uploads\/2023\/03\/Beitragsbild-schmal-3-420x280.jpg",420,280,true],"tzwb-thumbnail":["https:\/\/www.leonardo-da-vinci-gymnasium.de\/wp-content\/uploads\/2023\/03\/Beitragsbild-schmal-3-80x64.jpg",80,64,true]},"uagb_author_info":{"display_name":"cbechinie","author_link":"https:\/\/www.leonardo-da-vinci-gymnasium.de\/?author=1"},"uagb_comment_info":0,"uagb_excerpt":"Der Studientag galt der Entwicklung des Ganztagskonzeptes und setzte bei den Chancen f\u00fcr Sch\u00fcler*innen und Kolleg*innen sowie f\u00fcr Eltern an.","_links":{"self":[{"href":"https:\/\/www.leonardo-da-vinci-gymnasium.de\/index.php?rest_route=\/wp\/v2\/posts\/4368","targetHints":{"allow":["GET"]}}],"collection":[{"href":"https:\/\/www.leonardo-da-vinci-gymnasium.de\/index.php?rest_route=\/wp\/v2\/posts"}],"about":[{"href":"https:\/\/www.leonardo-da-vinci-gymnasium.de\/index.php?rest_route=\/wp\/v2\/types\/post"}],"author":[{"embeddable":true,"href":"https:\/\/www.leonardo-da-vinci-gymnasium.de\/index.php?rest_route=\/wp\/v2\/users\/1"}],"replies":[{"embeddable":true,"href":"https:\/\/www.leonardo-da-vinci-gymnasium.de\/index.php?rest_route=%2Fwp%2Fv2%2Fcomments&post=4368"}],"version-history":[{"count":15,"href":"https:\/\/www.leonardo-da-vinci-gymnasium.de\/index.php?rest_route=\/wp\/v2\/posts\/4368\/revisions"}],"predecessor-version":[{"id":7610,"href":"https:\/\/www.leonardo-da-vinci-gymnasium.de\/index.php?rest_route=\/wp\/v2\/posts\/4368\/revisions\/7610"}],"wp:featuredmedia":[{"embeddable":true,"href":"https:\/\/www.leonardo-da-vinci-gymnasium.de\/index.php?rest_route=\/wp\/v2\/media\/7597"}],"wp:attachment":[{"href":"https:\/\/www.leonardo-da-vinci-gymnasium.de\/index.php?rest_route=%2Fwp%2Fv2%2Fmedia&parent=4368"}],"wp:term":[{"taxonomy":"category","embeddable":true,"href":"https:\/\/www.leonardo-da-vinci-gymnasium.de\/index.php?rest_route=%2Fwp%2Fv2%2Fcategories&post=4368"},{"taxonomy":"post_tag","embeddable":true,"href":"https:\/\/www.leonardo-da-vinci-gymnasium.de\/index.php?rest_route=%2Fwp%2Fv2%2Ftags&post=4368"}],"curies":[{"name":"wp","href":"https:\/\/api.w.org\/{rel}","templated":true}]}}