{"id":446,"date":"2019-03-19T13:15:17","date_gmt":"2019-03-19T12:15:17","guid":{"rendered":"http:www.claudio-bechinie.de\/Wordpress\/?p=446"},"modified":"2022-11-23T15:15:15","modified_gmt":"2022-11-23T14:15:15","slug":"schule-der-vielfalt","status":"publish","type":"post","link":"https:\/\/www.leonardo-da-vinci-gymnasium.de\/?p=446","title":{"rendered":"Schule der Vielfalt &#8211; \u201eCome in&#8220;"},"content":{"rendered":"<div class=\"wp-block-image\">\n<figure class=\"alignright size-medium\"><img loading=\"lazy\" decoding=\"async\" width=\"300\" height=\"194\" src=\"https:\/\/www.claudio-bechinie.de\/Wordpress-Test\/wp-content\/uploads\/2019\/08\/Beitragsbild-300x194.jpg\" alt=\"\" class=\"wp-image-549\" srcset=\"https:\/\/www.leonardo-da-vinci-gymnasium.de\/wp-content\/uploads\/2019\/08\/Beitragsbild-300x194.jpg 300w, https:\/\/www.leonardo-da-vinci-gymnasium.de\/wp-content\/uploads\/2019\/08\/Beitragsbild.jpg 387w\" sizes=\"auto, (max-width: 300px) 100vw, 300px\" \/><\/figure>\n<\/div>\n\n\n<p>\u201eCome in \u2013 Wir sind offen: lesbisch, schwul, bi, hetero, trans*,   inter*, cis, queer\u201c: Dieses Schild wurde im Fr\u00fchjahr 2019 am Leonardo-da-Vinci-Gymnasium am Schulgeb\u00e4ude im Beisein von Bildungsstadtr\u00e4tin Karin Korte, dem Schulleiter Hans Steinke sowie den Mitarbeiterinnen der Fachstelle Queere Bildung des Landes Berlins, Yan Feuge und Kerstin Florkiw   enth\u00fcllt.   <\/p>\n\n\n\n<p>Damit ist unser Gymnasium nach der Fritz-Karsen-Schule in  Britz die  zweite Schule in Berlin, die sich dem Netzwerk \u201eSchule der  Vielfalt\u201c anschlie\u00dft. Die beiden Neuk\u00f6llner Schulen signalisieren damit, dass sie sich verbindlich gegen Diskriminierungen einsetzen, besonders  aufgrund  der sexuellen Orientierung und des Geschlechts bzw. der Geschlechtsidentit\u00e4t. Im Rahmen der Tafelenth\u00fcllung werden musikalische   und k\u00fcnstlerische Darbietungen von Sch\u00fcler*innen pr\u00e4sentiert.   <\/p>\n\n\n\n<p>Original-Text: <a rel=\"noreferrer noopener\" href=\"https:\/\/www.berlin.de\/ba-neukoelln\/aktuelles\/pressemitteilungen\/2019\/pressemitteilung.797344.php\" target=\"_blank\">Pressemitteilung Senat von Berlin<\/a><\/p>\n\n\n\n<hr class=\"wp-block-separator has-css-opacity is-style-wide\"\/>\n\n\n\nngg_shortcode_0_placeholder\n","protected":false},"excerpt":{"rendered":"<p>Unser Gymnasium ist die zweite Schule in Berlin, die sich dem Netzwerk \u201eSchule der  Vielfalt\u201c anschlie\u00dft. <\/p>\n","protected":false},"author":1,"featured_media":7246,"comment_status":"closed","ping_status":"closed","sticky":false,"template":"","format":"standard","meta":{"_uag_custom_page_level_css":"","ngg_post_thumbnail":0,"footnotes":""},"categories":[31,25],"tags":[],"class_list":["post-446","post","type-post","status-publish","format-standard","has-post-thumbnail","hentry","category-engagement","category-schulleben"],"featured_image_urls_v2":{"full":["https:\/\/www.leonardo-da-vinci-gymnasium.de\/wp-content\/uploads\/2019\/03\/19.jpg",1000,667,false],"thumbnail":["https:\/\/www.leonardo-da-vinci-gymnasium.de\/wp-content\/uploads\/2019\/03\/19-150x150.jpg",150,150,true],"medium":["https:\/\/www.leonardo-da-vinci-gymnasium.de\/wp-content\/uploads\/2019\/03\/19-300x200.jpg",300,200,true],"medium_large":["https:\/\/www.leonardo-da-vinci-gymnasium.de\/wp-content\/uploads\/2019\/03\/19-768x512.jpg",750,500,true],"large":["https:\/\/www.leonardo-da-vinci-gymnasium.de\/wp-content\/uploads\/2019\/03\/19.jpg",750,500,false],"1536x1536":["https:\/\/www.leonardo-da-vinci-gymnasium.de\/wp-content\/uploads\/2019\/03\/19.jpg",1000,667,false],"2048x2048":["https:\/\/www.leonardo-da-vinci-gymnasium.de\/wp-content\/uploads\/2019\/03\/19.jpg",1000,667,false],"post-thumbnail":["https:\/\/www.leonardo-da-vinci-gymnasium.de\/wp-content\/uploads\/2019\/03\/19-750x450.jpg",750,450,true],"gambit-header-image":["https:\/\/www.leonardo-da-vinci-gymnasium.de\/wp-content\/uploads\/2019\/03\/19-1000x420.jpg",1000,420,true],"gambit-thumbnail-archive":["https:\/\/www.leonardo-da-vinci-gymnasium.de\/wp-content\/uploads\/2019\/03\/19-300x240.jpg",300,240,true],"gambit-thumbnail-small":["https:\/\/www.leonardo-da-vinci-gymnasium.de\/wp-content\/uploads\/2019\/03\/19-100x75.jpg",100,75,true],"gambit-thumbnail-medium":["https:\/\/www.leonardo-da-vinci-gymnasium.de\/wp-content\/uploads\/2019\/03\/19-300x200.jpg",300,200,true],"gambit-thumbnail-large":["https:\/\/www.leonardo-da-vinci-gymnasium.de\/wp-content\/uploads\/2019\/03\/19-420x280.jpg",420,280,true],"tzwb-thumbnail":["https:\/\/www.leonardo-da-vinci-gymnasium.de\/wp-content\/uploads\/2019\/03\/19-80x64.jpg",80,64,true]},"post_excerpt_stackable_v2":"<p>Unser Gymnasium ist die zweite Schule in Berlin, die sich dem Netzwerk \u201eSchule der  Vielfalt\u201c anschlie\u00dft. <\/p>\n","category_list_v2":"<a href=\"https:\/\/www.leonardo-da-vinci-gymnasium.de\/?cat=31\" rel=\"category\">Engagement<\/a>, <a href=\"https:\/\/www.leonardo-da-vinci-gymnasium.de\/?cat=25\" rel=\"category\">Schulleben<\/a>","author_info_v2":{"name":"cbechinie","url":"https:\/\/www.leonardo-da-vinci-gymnasium.de\/?author=1"},"comments_num_v2":"0 comments","uagb_featured_image_src":{"full":["https:\/\/www.leonardo-da-vinci-gymnasium.de\/wp-content\/uploads\/2019\/03\/19.jpg",1000,667,false],"thumbnail":["https:\/\/www.leonardo-da-vinci-gymnasium.de\/wp-content\/uploads\/2019\/03\/19-150x150.jpg",150,150,true],"medium":["https:\/\/www.leonardo-da-vinci-gymnasium.de\/wp-content\/uploads\/2019\/03\/19-300x200.jpg",300,200,true],"medium_large":["https:\/\/www.leonardo-da-vinci-gymnasium.de\/wp-content\/uploads\/2019\/03\/19-768x512.jpg",750,500,true],"large":["https:\/\/www.leonardo-da-vinci-gymnasium.de\/wp-content\/uploads\/2019\/03\/19.jpg",750,500,false],"1536x1536":["https:\/\/www.leonardo-da-vinci-gymnasium.de\/wp-content\/uploads\/2019\/03\/19.jpg",1000,667,false],"2048x2048":["https:\/\/www.leonardo-da-vinci-gymnasium.de\/wp-content\/uploads\/2019\/03\/19.jpg",1000,667,false],"post-thumbnail":["https:\/\/www.leonardo-da-vinci-gymnasium.de\/wp-content\/uploads\/2019\/03\/19-750x450.jpg",750,450,true],"gambit-header-image":["https:\/\/www.leonardo-da-vinci-gymnasium.de\/wp-content\/uploads\/2019\/03\/19-1000x420.jpg",1000,420,true],"gambit-thumbnail-archive":["https:\/\/www.leonardo-da-vinci-gymnasium.de\/wp-content\/uploads\/2019\/03\/19-300x240.jpg",300,240,true],"gambit-thumbnail-small":["https:\/\/www.leonardo-da-vinci-gymnasium.de\/wp-content\/uploads\/2019\/03\/19-100x75.jpg",100,75,true],"gambit-thumbnail-medium":["https:\/\/www.leonardo-da-vinci-gymnasium.de\/wp-content\/uploads\/2019\/03\/19-300x200.jpg",300,200,true],"gambit-thumbnail-large":["https:\/\/www.leonardo-da-vinci-gymnasium.de\/wp-content\/uploads\/2019\/03\/19-420x280.jpg",420,280,true],"tzwb-thumbnail":["https:\/\/www.leonardo-da-vinci-gymnasium.de\/wp-content\/uploads\/2019\/03\/19-80x64.jpg",80,64,true]},"uagb_author_info":{"display_name":"cbechinie","author_link":"https:\/\/www.leonardo-da-vinci-gymnasium.de\/?author=1"},"uagb_comment_info":0,"uagb_excerpt":"Unser Gymnasium ist die zweite Schule in Berlin, die sich dem Netzwerk \u201eSchule der Vielfalt\u201c anschlie\u00dft.","_links":{"self":[{"href":"https:\/\/www.leonardo-da-vinci-gymnasium.de\/index.php?rest_route=\/wp\/v2\/posts\/446","targetHints":{"allow":["GET"]}}],"collection":[{"href":"https:\/\/www.leonardo-da-vinci-gymnasium.de\/index.php?rest_route=\/wp\/v2\/posts"}],"about":[{"href":"https:\/\/www.leonardo-da-vinci-gymnasium.de\/index.php?rest_route=\/wp\/v2\/types\/post"}],"author":[{"embeddable":true,"href":"https:\/\/www.leonardo-da-vinci-gymnasium.de\/index.php?rest_route=\/wp\/v2\/users\/1"}],"replies":[{"embeddable":true,"href":"https:\/\/www.leonardo-da-vinci-gymnasium.de\/index.php?rest_route=%2Fwp%2Fv2%2Fcomments&post=446"}],"version-history":[{"count":14,"href":"https:\/\/www.leonardo-da-vinci-gymnasium.de\/index.php?rest_route=\/wp\/v2\/posts\/446\/revisions"}],"predecessor-version":[{"id":7245,"href":"https:\/\/www.leonardo-da-vinci-gymnasium.de\/index.php?rest_route=\/wp\/v2\/posts\/446\/revisions\/7245"}],"wp:featuredmedia":[{"embeddable":true,"href":"https:\/\/www.leonardo-da-vinci-gymnasium.de\/index.php?rest_route=\/wp\/v2\/media\/7246"}],"wp:attachment":[{"href":"https:\/\/www.leonardo-da-vinci-gymnasium.de\/index.php?rest_route=%2Fwp%2Fv2%2Fmedia&parent=446"}],"wp:term":[{"taxonomy":"category","embeddable":true,"href":"https:\/\/www.leonardo-da-vinci-gymnasium.de\/index.php?rest_route=%2Fwp%2Fv2%2Fcategories&post=446"},{"taxonomy":"post_tag","embeddable":true,"href":"https:\/\/www.leonardo-da-vinci-gymnasium.de\/index.php?rest_route=%2Fwp%2Fv2%2Ftags&post=446"}],"curies":[{"name":"wp","href":"https:\/\/api.w.org\/{rel}","templated":true}]}}