{"id":4737,"date":"2020-12-14T12:39:50","date_gmt":"2020-12-14T11:39:50","guid":{"rendered":"https:\/\/www.leonardo-da-vinci-gymnasium.de\/?p=4737"},"modified":"2022-11-16T12:50:07","modified_gmt":"2022-11-16T11:50:07","slug":"kontinent-auf-der-suche-nach-europa","status":"publish","type":"post","link":"https:\/\/www.leonardo-da-vinci-gymnasium.de\/?p=4737","title":{"rendered":"Ausstellung \u201eKontinent \u2013 Auf der Suche nach Europa\u201c"},"content":{"rendered":"\n<p>Die Kunst Leistungskurse Q1 von Frau Jan\u00dfen und Frau M\u00fchlbach haben im Zusammenhang mit dem Semesterthema Kommunikation in k\u00fcnstlerischen und medialen Welten am 07. Oktober 2020 die Ausstellung \u201eKontinent \u2013 Auf der Suche nach Europa\u201c in der Akademie der K\u00fcnste besucht. Bei dieser Ausstellung handelt es sich um verschiedene Positionen von 23 Fotografen und Fotografinnen&nbsp; sowie um pers\u00f6nliche, gesellschaftliche und politische Ph\u00e4nomene in Europa.<\/p>\n\n\n\n<p><em>Mitgenommen habe ich aus der Ausstellung, dass die Fotografen und Fotografinnen sehr viele unterschiedliche Punkte und Aspekte mit Europa in Verbindung bringen. Besonders sind mir die eher tr\u00fcben und tristen Fotografien im Ged\u00e4chtnis geblieben, die die negativen Seiten Europas widerspiegeln.<\/em><\/p>\n\n\n\n<blockquote class=\"wp-block-quote is-layout-flow wp-block-quote-is-layout-flow\">\n<p><strong><em>Maja Klimpel<\/em><\/strong><\/p>\n<\/blockquote>\n\n\n\n<p><em>Ich fand die Ausstellung sehr interessant, da ich aus den Fotos zahlreiche Informationen herausziehen konnte sowie Emotionen deutlich wurden.<\/em><\/p>\n\n\n\n<blockquote class=\"wp-block-quote is-layout-flow wp-block-quote-is-layout-flow\">\n<p><strong><em>Valeria Sabov<\/em><\/strong><\/p>\n<\/blockquote>\n\n\n\n<p><em>Aus der Ausstellung habe ich mitgenommen, dass der Kreativit\u00e4t keinerlei Grenzen gesetzt sind.<\/em><\/p>\n\n\n\n<blockquote class=\"wp-block-quote is-layout-flow wp-block-quote-is-layout-flow\">\n<p><strong><em>Victoria Pawlowska<\/em><\/strong><\/p>\n<\/blockquote>\n\n\n\n<p><em>Die Ausstellung bot eine gute Gelegenheit das Leben in verschiedenen Teilen Europas aus anderen Blickwinkeln zu sehen.<\/em><\/p>\n\n\n\n<blockquote class=\"wp-block-quote is-layout-flow wp-block-quote-is-layout-flow\">\n<p><strong><em>Laura Trottner<\/em><\/strong><\/p>\n<\/blockquote>\n\n\n\nngg_shortcode_0_placeholder\n","protected":false},"excerpt":{"rendered":"<p>Die Leistungskurse Q1 haben im Zusammenhang mit dem Thema Kommunikation in k\u00fcnstlerischen und medialen Welten die Ausstellung \u201eKontinent \u2013 Auf der Suche nach Europa\u201c besucht. <\/p>\n","protected":false},"author":1,"featured_media":5298,"comment_status":"closed","ping_status":"closed","sticky":false,"template":"","format":"standard","meta":{"_uag_custom_page_level_css":"","ngg_post_thumbnail":0,"footnotes":""},"categories":[135],"tags":[],"class_list":["post-4737","post","type-post","status-publish","format-standard","has-post-thumbnail","hentry","category-kunst-beitraege"],"featured_image_urls_v2":{"full":["https:\/\/www.leonardo-da-vinci-gymnasium.de\/wp-content\/uploads\/2020\/12\/Ausstellungsbesuch-1.jpg",1000,750,false],"thumbnail":["https:\/\/www.leonardo-da-vinci-gymnasium.de\/wp-content\/uploads\/2020\/12\/Ausstellungsbesuch-1-150x150.jpg",150,150,true],"medium":["https:\/\/www.leonardo-da-vinci-gymnasium.de\/wp-content\/uploads\/2020\/12\/Ausstellungsbesuch-1-300x225.jpg",300,225,true],"medium_large":["https:\/\/www.leonardo-da-vinci-gymnasium.de\/wp-content\/uploads\/2020\/12\/Ausstellungsbesuch-1-768x576.jpg",750,563,true],"large":["https:\/\/www.leonardo-da-vinci-gymnasium.de\/wp-content\/uploads\/2020\/12\/Ausstellungsbesuch-1.jpg",750,563,false],"1536x1536":["https:\/\/www.leonardo-da-vinci-gymnasium.de\/wp-content\/uploads\/2020\/12\/Ausstellungsbesuch-1.jpg",1000,750,false],"2048x2048":["https:\/\/www.leonardo-da-vinci-gymnasium.de\/wp-content\/uploads\/2020\/12\/Ausstellungsbesuch-1.jpg",1000,750,false],"post-thumbnail":["https:\/\/www.leonardo-da-vinci-gymnasium.de\/wp-content\/uploads\/2020\/12\/Ausstellungsbesuch-1-750x450.jpg",750,450,true],"gambit-header-image":["https:\/\/www.leonardo-da-vinci-gymnasium.de\/wp-content\/uploads\/2020\/12\/Ausstellungsbesuch-1-1000x420.jpg",1000,420,true],"gambit-thumbnail-archive":["https:\/\/www.leonardo-da-vinci-gymnasium.de\/wp-content\/uploads\/2020\/12\/Ausstellungsbesuch-1-300x240.jpg",300,240,true],"gambit-thumbnail-small":["https:\/\/www.leonardo-da-vinci-gymnasium.de\/wp-content\/uploads\/2020\/12\/Ausstellungsbesuch-1-100x75.jpg",100,75,true],"gambit-thumbnail-medium":["https:\/\/www.leonardo-da-vinci-gymnasium.de\/wp-content\/uploads\/2020\/12\/Ausstellungsbesuch-1-300x200.jpg",300,200,true],"gambit-thumbnail-large":["https:\/\/www.leonardo-da-vinci-gymnasium.de\/wp-content\/uploads\/2020\/12\/Ausstellungsbesuch-1-420x280.jpg",420,280,true],"tzwb-thumbnail":["https:\/\/www.leonardo-da-vinci-gymnasium.de\/wp-content\/uploads\/2020\/12\/Ausstellungsbesuch-1-80x64.jpg",80,64,true]},"post_excerpt_stackable_v2":"<p>Die Leistungskurse Q1 haben im Zusammenhang mit dem Thema Kommunikation in k\u00fcnstlerischen und medialen Welten die Ausstellung \u201eKontinent \u2013 Auf der Suche nach Europa\u201c besucht. <\/p>\n","category_list_v2":"<a href=\"https:\/\/www.leonardo-da-vinci-gymnasium.de\/?cat=135\" rel=\"category\">Kunst - Beitr\u00e4ge<\/a>","author_info_v2":{"name":"cbechinie","url":"https:\/\/www.leonardo-da-vinci-gymnasium.de\/?author=1"},"comments_num_v2":"0 comments","uagb_featured_image_src":{"full":["https:\/\/www.leonardo-da-vinci-gymnasium.de\/wp-content\/uploads\/2020\/12\/Ausstellungsbesuch-1.jpg",1000,750,false],"thumbnail":["https:\/\/www.leonardo-da-vinci-gymnasium.de\/wp-content\/uploads\/2020\/12\/Ausstellungsbesuch-1-150x150.jpg",150,150,true],"medium":["https:\/\/www.leonardo-da-vinci-gymnasium.de\/wp-content\/uploads\/2020\/12\/Ausstellungsbesuch-1-300x225.jpg",300,225,true],"medium_large":["https:\/\/www.leonardo-da-vinci-gymnasium.de\/wp-content\/uploads\/2020\/12\/Ausstellungsbesuch-1-768x576.jpg",750,563,true],"large":["https:\/\/www.leonardo-da-vinci-gymnasium.de\/wp-content\/uploads\/2020\/12\/Ausstellungsbesuch-1.jpg",750,563,false],"1536x1536":["https:\/\/www.leonardo-da-vinci-gymnasium.de\/wp-content\/uploads\/2020\/12\/Ausstellungsbesuch-1.jpg",1000,750,false],"2048x2048":["https:\/\/www.leonardo-da-vinci-gymnasium.de\/wp-content\/uploads\/2020\/12\/Ausstellungsbesuch-1.jpg",1000,750,false],"post-thumbnail":["https:\/\/www.leonardo-da-vinci-gymnasium.de\/wp-content\/uploads\/2020\/12\/Ausstellungsbesuch-1-750x450.jpg",750,450,true],"gambit-header-image":["https:\/\/www.leonardo-da-vinci-gymnasium.de\/wp-content\/uploads\/2020\/12\/Ausstellungsbesuch-1-1000x420.jpg",1000,420,true],"gambit-thumbnail-archive":["https:\/\/www.leonardo-da-vinci-gymnasium.de\/wp-content\/uploads\/2020\/12\/Ausstellungsbesuch-1-300x240.jpg",300,240,true],"gambit-thumbnail-small":["https:\/\/www.leonardo-da-vinci-gymnasium.de\/wp-content\/uploads\/2020\/12\/Ausstellungsbesuch-1-100x75.jpg",100,75,true],"gambit-thumbnail-medium":["https:\/\/www.leonardo-da-vinci-gymnasium.de\/wp-content\/uploads\/2020\/12\/Ausstellungsbesuch-1-300x200.jpg",300,200,true],"gambit-thumbnail-large":["https:\/\/www.leonardo-da-vinci-gymnasium.de\/wp-content\/uploads\/2020\/12\/Ausstellungsbesuch-1-420x280.jpg",420,280,true],"tzwb-thumbnail":["https:\/\/www.leonardo-da-vinci-gymnasium.de\/wp-content\/uploads\/2020\/12\/Ausstellungsbesuch-1-80x64.jpg",80,64,true]},"uagb_author_info":{"display_name":"cbechinie","author_link":"https:\/\/www.leonardo-da-vinci-gymnasium.de\/?author=1"},"uagb_comment_info":0,"uagb_excerpt":"Die Leistungskurse Q1 haben im Zusammenhang mit dem Thema Kommunikation in k\u00fcnstlerischen und medialen Welten die Ausstellung \u201eKontinent \u2013 Auf der Suche nach Europa\u201c besucht.","_links":{"self":[{"href":"https:\/\/www.leonardo-da-vinci-gymnasium.de\/index.php?rest_route=\/wp\/v2\/posts\/4737","targetHints":{"allow":["GET"]}}],"collection":[{"href":"https:\/\/www.leonardo-da-vinci-gymnasium.de\/index.php?rest_route=\/wp\/v2\/posts"}],"about":[{"href":"https:\/\/www.leonardo-da-vinci-gymnasium.de\/index.php?rest_route=\/wp\/v2\/types\/post"}],"author":[{"embeddable":true,"href":"https:\/\/www.leonardo-da-vinci-gymnasium.de\/index.php?rest_route=\/wp\/v2\/users\/1"}],"replies":[{"embeddable":true,"href":"https:\/\/www.leonardo-da-vinci-gymnasium.de\/index.php?rest_route=%2Fwp%2Fv2%2Fcomments&post=4737"}],"version-history":[{"count":12,"href":"https:\/\/www.leonardo-da-vinci-gymnasium.de\/index.php?rest_route=\/wp\/v2\/posts\/4737\/revisions"}],"predecessor-version":[{"id":7145,"href":"https:\/\/www.leonardo-da-vinci-gymnasium.de\/index.php?rest_route=\/wp\/v2\/posts\/4737\/revisions\/7145"}],"wp:featuredmedia":[{"embeddable":true,"href":"https:\/\/www.leonardo-da-vinci-gymnasium.de\/index.php?rest_route=\/wp\/v2\/media\/5298"}],"wp:attachment":[{"href":"https:\/\/www.leonardo-da-vinci-gymnasium.de\/index.php?rest_route=%2Fwp%2Fv2%2Fmedia&parent=4737"}],"wp:term":[{"taxonomy":"category","embeddable":true,"href":"https:\/\/www.leonardo-da-vinci-gymnasium.de\/index.php?rest_route=%2Fwp%2Fv2%2Fcategories&post=4737"},{"taxonomy":"post_tag","embeddable":true,"href":"https:\/\/www.leonardo-da-vinci-gymnasium.de\/index.php?rest_route=%2Fwp%2Fv2%2Ftags&post=4737"}],"curies":[{"name":"wp","href":"https:\/\/api.w.org\/{rel}","templated":true}]}}