{"id":5290,"date":"2021-03-13T10:27:11","date_gmt":"2021-03-13T09:27:11","guid":{"rendered":"https:\/\/www.leonardo-da-vinci-gymnasium.de\/?p=5290"},"modified":"2023-09-15T13:00:08","modified_gmt":"2023-09-15T11:00:08","slug":"zwischen-hoelle-und-himmel-eine-kursfahrt-nach-polen","status":"publish","type":"post","link":"https:\/\/www.leonardo-da-vinci-gymnasium.de\/?p=5290","title":{"rendered":"Zwischen H\u00f6lle und Himmel \u2013 Eine Kursfahrt nach Polen"},"content":{"rendered":"\n<p>Ende August 2020 passierte etwas f\u00fcr dieses Jahr sehr Ungew\u00f6hnliches. Pl\u00f6tzlich \u00f6ffnete sich ein kleines Fenster. Eine erhoffte, aber kaum noch f\u00fcr m\u00f6glich gehaltene Reise durfte stattfinden. Die schon im Schubfach verschwundenen Planungen wurden eilig reaktiviert und innerhalb von wenigen Tagen hatten wir alles beisammen. Zw\u00f6lf Sch\u00fclerinnen und acht Sch\u00fcler aus verschiedenen Geschichtskursen des dritten Semesters, zwei Lehrkr\u00e4fte, Bustickets, Unterk\u00fcnfte und Programmplanung. Die M\u00f6glichkeiten zu inhaltlicher Vorbereitung waren pandemiebedingt viel zu klein. Dennoch d\u00e4mpfte die obligatorische Maske am Samstagmorgen im Flixbus nur den Atem aber kaum die Vorfreude!<\/p>\n\n\n<div class=\"wp-block-image\">\n<figure class=\"alignright size-large is-resized\"><img loading=\"lazy\" decoding=\"async\" src=\"https:\/\/www.leonardo-da-vinci-gymnasium.de\/wp-content\/uploads\/2021\/03\/Bild1.jpg\" alt=\"Geschichtsfahrt des dritten Semesters - Q3\" class=\"wp-image-5291\" style=\"width:348px;height:318px\" width=\"348\" height=\"318\" srcset=\"https:\/\/www.leonardo-da-vinci-gymnasium.de\/wp-content\/uploads\/2021\/03\/Bild1.jpg 972w, https:\/\/www.leonardo-da-vinci-gymnasium.de\/wp-content\/uploads\/2021\/03\/Bild1-300x275.jpg 300w, https:\/\/www.leonardo-da-vinci-gymnasium.de\/wp-content\/uploads\/2021\/03\/Bild1-768x704.jpg 768w\" sizes=\"auto, (max-width: 348px) 100vw, 348px\" \/><figcaption class=\"wp-element-caption\">Geschichtsfahrt des dritten Semesters &#8211; Q3<\/figcaption><\/figure>\n<\/div>\n\n\n<p>In Krakau erwartete uns au\u00dfer einem schicken Hostel eine tolle Altstadt, die \u2013 zumindest was die Geb\u00e4ude angeht \u2013 von den Schrecken des Krieges verschont blieb. Eine hervorragende Stadtf\u00fchrung brachte uns die wechselhafte Geschichte der \u201eheimlichen Hauptstadt Polens\u201c n\u00e4her und die Besuche der \u201eAlten Synagoge\u201c und des \u201eMuseums der Juden Galiziens\u201c gaben uns einen tiefen Einblick in die jahrhundertealte j\u00fcdische Kultur dieser Region. Die Erkl\u00e4rung einiger Riten und Br\u00e4uche offenbarte die N\u00e4he zu Christentum und Islam, die Namen und Begriffe die alte Verwandtschaft des Jiddischen zum Deutschen. Am Abend sahen wir erg\u00e4nzend noch \u201eSchindler Liste\u201c und diese ersten Einblicke in das Schicksal der polnischen Juden hinterlie\u00df bei allen ein beklemmendes Gef\u00fchl, wussten wir doch, dass der n\u00e4chste Tag uns zum Hauptziel der Reise bringen sollte.<\/p>\n\n\n\n<figure class=\"wp-block-image size-large\"><img loading=\"lazy\" decoding=\"async\" width=\"1024\" height=\"420\" src=\"https:\/\/www.leonardo-da-vinci-gymnasium.de\/wp-content\/uploads\/2021\/03\/Bild2-1024x420.jpg\" alt=\"Das alte Tuchhaus auf dem Krakauer Markt\" class=\"wp-image-5292\" srcset=\"https:\/\/www.leonardo-da-vinci-gymnasium.de\/wp-content\/uploads\/2021\/03\/Bild2-1024x420.jpg 1024w, https:\/\/www.leonardo-da-vinci-gymnasium.de\/wp-content\/uploads\/2021\/03\/Bild2-300x123.jpg 300w, https:\/\/www.leonardo-da-vinci-gymnasium.de\/wp-content\/uploads\/2021\/03\/Bild2-768x315.jpg 768w, https:\/\/www.leonardo-da-vinci-gymnasium.de\/wp-content\/uploads\/2021\/03\/Bild2.jpg 1355w\" sizes=\"auto, (max-width: 1024px) 100vw, 1024px\" \/><figcaption class=\"wp-element-caption\">Das alte Tuchhaus auf dem Krakauer Markt<\/figcaption><\/figure>\n\n\n\n<blockquote class=\"wp-block-quote is-layout-flow wp-block-quote-is-layout-flow\">\n<p><strong>\u201eDie Forderung, dass Auschwitz nicht noch einmal sei, ist die allererste an Erziehung.\u201c<\/strong><\/p>\n<cite><strong>Theodor W. Adorno<\/strong><\/cite><\/blockquote>\n\n\n<div class=\"wp-block-image\">\n<figure class=\"alignright size-large is-resized\"><img loading=\"lazy\" decoding=\"async\" src=\"https:\/\/www.leonardo-da-vinci-gymnasium.de\/wp-content\/uploads\/2021\/03\/Bild3.jpg\" alt=\"Mit Steinen markieren Juden ihre Gr\u00e4ber \u2026und Wanderer die Wege.\" class=\"wp-image-5293\" style=\"width:310px;height:257px\" width=\"310\" height=\"257\" srcset=\"https:\/\/www.leonardo-da-vinci-gymnasium.de\/wp-content\/uploads\/2021\/03\/Bild3.jpg 690w, https:\/\/www.leonardo-da-vinci-gymnasium.de\/wp-content\/uploads\/2021\/03\/Bild3-300x249.jpg 300w\" sizes=\"auto, (max-width: 310px) 100vw, 310px\" \/><figcaption class=\"wp-element-caption\">Mit Steinen markieren Juden ihre Gr\u00e4ber \u2026 und Wanderer die Wege<\/figcaption><\/figure>\n<\/div>\n\n\n<p>Der Besuch des Stammlagers in Auschwitz und des KZs Birkenau l\u00e4sst einen erahnen, was die hier eingesperrten und ermordeten Menschen erleben mussten. Auch wenn die Hygienema\u00dfnahmen nur ein schnelles Durchschleusen durch die Geb\u00e4ude und R\u00e4ume zulie\u00dfen und die Erl\u00e4uterungen technik- und wetterbedingt teils schwer verst\u00e4ndlich waren, so erschl\u00e4gt einen doch die Gr\u00f6\u00dfe der Anlagen und die Masse der \u00dcberbleibsel, vor allem aber die kurzen Einblicke in die Einzelschicksale. Anhand der Fotos und Kofferbeschriftungen werden aus den Zahlen Menschen. Der kalte und starke Wind, der durch Birkenau fegte, verst\u00e4rkte das Gef\u00fchl f\u00fcr die eisige H\u00e4rte und die Unbarmherzigkeit, die hier geherrscht hatten. Leider war es pandemiebedingt nicht m\u00f6glich, mit einem der wenigen noch lebenden Zeitzeugen zu sprechen. Dennoch war auf der R\u00fcckfahrt sp\u00fcrbar, dass diese Eindr\u00fccke dauerhaft sein w\u00fcrden und auch noch tiefer als zum Beispiel nach einem Besuch in Sachsenhausen.<\/p>\n\n\n\n<h5 class=\"wp-block-heading\"><strong>In Vielfalt geeint, auf nach Zakapone<\/strong><\/h5>\n\n\n\n<p>Nun begann der zweite Teil der Reise. In bewusster Abgrenzung zum mahnenden und die Toten ehrenden Charakter der ersten Tage sollte es hier darum gehen, das eigene Leben und<\/p>\n\n\n\n<p>die Vorteile von Vielfalt und Zusammenhalt bewusster wahrzunehmen. In Zakopane am Fu\u00dfe der Hohen Tatra begaben wir uns quasi in Gruppenquarant\u00e4ne. Ein Haus f\u00fcr uns, Selbstverpflegung und die Berge vor der T\u00fcr lie\u00dfen uns Raum und Zeit f\u00fcr gemeinsames Kochen (was als Wettkampf zwischen den Zimmern zu kulinarischen H\u00f6chstleistungen inspirierte), Gespr\u00e4che in gro\u00dfen und kleinen Runden, Achtsamkeits\u00fcbungen im Garten vor dem Fr\u00fchst\u00fcck, vor allem aber f\u00fcr viel Bewegung in der Natur.<\/p>\n\n\n\n<p>Die Wanderungen waren f\u00fcr viele herausfordernd, aber der Stolz auf die bew\u00e4ltigten H\u00f6henmeter und die Anblicke von Wasserf\u00e4llen und in Bergseen gespiegelten Gipfeln belohnte alle reichlich.<\/p>\n\n\n\n<p>Die lange Nachtfahrt zur\u00fcck sah eine eingeschworene Gruppe, die durch ein Wechselbad der Gef\u00fchle gegangen war. Wir haben gesehen, wohin Nationalismus und Rassismus f\u00fchren k\u00f6nnen, und haben erlebt, wie bereichernd und freudvoll die Vielfalt unserer Schule ist. Wir sind im Vorhof der H\u00f6lle erschaudert im Angesicht des unvorstellbar B\u00f6sen, dass Menschen geschaffen haben, und haben dagegen als bunter Haufen \u201edem Himmel ganz nah\u201c gemeinsam getanzt.<\/p>\n\n\n\n<figure class=\"wp-block-image size-large\"><img loading=\"lazy\" decoding=\"async\" width=\"1024\" height=\"576\" src=\"https:\/\/www.leonardo-da-vinci-gymnasium.de\/wp-content\/uploads\/2021\/03\/Bild4-1024x576.jpg\" alt=\"Blick von der Unterkunft in den Sonnenuntergang\" class=\"wp-image-5294\" srcset=\"https:\/\/www.leonardo-da-vinci-gymnasium.de\/wp-content\/uploads\/2021\/03\/Bild4-1024x576.jpg 1024w, https:\/\/www.leonardo-da-vinci-gymnasium.de\/wp-content\/uploads\/2021\/03\/Bild4-300x169.jpg 300w, https:\/\/www.leonardo-da-vinci-gymnasium.de\/wp-content\/uploads\/2021\/03\/Bild4-768x432.jpg 768w, https:\/\/www.leonardo-da-vinci-gymnasium.de\/wp-content\/uploads\/2021\/03\/Bild4.jpg 1386w\" sizes=\"auto, (max-width: 1024px) 100vw, 1024px\" \/><figcaption class=\"wp-element-caption\">Blick von der Unterkunft in den Sonnenuntergang<\/figcaption><\/figure>\n\n\n\n<p>Der Weg zur\u00fcck in den Schulalltag fiel uns allen schwer, aber die Erfahrungen bleiben und damit die \u00dcberzeugung, dass Fahrten wie diese durch keinen Unterricht der Welt zu ersetzen sind.<\/p>\n\n\n\n<blockquote class=\"wp-block-quote is-layout-flow wp-block-quote-is-layout-flow\">\n<p>M. Maihorn<\/p>\n<\/blockquote>\n\n\n\n<p>P.S: Ich danke allen Beteiligten f\u00fcr den tollen Umgang miteinander, die allgemeine Hilfsbereitschaft und vor allem dem Kollegen Schmidt f\u00fcr die gro\u00dfartige Unterst\u00fctzung!<\/p>\n\n\n\n<hr class=\"wp-block-separator has-css-opacity is-style-wide\"\/>\n\n\n\n<p><em><strong>Celine Sahar-Fischer:<\/strong> Der Besuch in Auschwitz hat mich emotional sehr mitgenommen. Im Unterricht bekommt man viel dar\u00fcber erz\u00e4hlt, wie die Menschen in diesen Lagern behandelt wurden und unter welchen Umst\u00e4nden sie sterben mussten. Aber erst, als wir in Auschwitz ankamen und ich mit eigenen Augen die Gr\u00f6\u00dfe des Lagers und die Anzahl der vielen Opfer (durch die Bilder und die Berge von Schuhen) gesehen habe, wurde mir dies wirklich bewusst. Genau deswegen finde ich es sehr wichtig, dass jeder Sch\u00fcler die M\u00f6glichkeit bekommt, diese Erfahrung zu sammeln.<\/em><\/p>\n\n\n\n<p><em>\u200b<strong>Jasemin Kemik:<\/strong> Das Wissen, dass dort, wo ich in diesem Moment stand, einmal Tausende Menschen ihr Leben schuldlos verloren haben, ist zuerst schwer zu verarbeiten und zu verstehen. Dennoch denke ich, dass jeder einmal gesehen haben sollte, was wir gesehen haben.<\/em><\/p>\n","protected":false},"excerpt":{"rendered":"<p>Ende August 2020 passierte etwas f\u00fcr dieses Jahr sehr Ungew\u00f6hnliches. Pl\u00f6tzlich \u00f6ffnete sich ein kleines Fenster. Eine erhoffte, aber kaum noch f\u00fcr m\u00f6glich gehaltene Reise durfte stattfinden. <\/p>\n","protected":false},"author":1,"featured_media":6958,"comment_status":"closed","ping_status":"closed","sticky":false,"template":"","format":"standard","meta":{"_uag_custom_page_level_css":"","ngg_post_thumbnail":0,"footnotes":""},"categories":[97,25],"tags":[],"class_list":["post-5290","post","type-post","status-publish","format-standard","has-post-thumbnail","hentry","category-geschichte-beitraege","category-schulleben"],"featured_image_urls_v2":{"full":["https:\/\/www.leonardo-da-vinci-gymnasium.de\/wp-content\/uploads\/2021\/03\/Beitragsbild-1000x750-1.jpg",1000,750,false],"thumbnail":["https:\/\/www.leonardo-da-vinci-gymnasium.de\/wp-content\/uploads\/2021\/03\/Beitragsbild-1000x750-1-150x150.jpg",150,150,true],"medium":["https:\/\/www.leonardo-da-vinci-gymnasium.de\/wp-content\/uploads\/2021\/03\/Beitragsbild-1000x750-1-300x225.jpg",300,225,true],"medium_large":["https:\/\/www.leonardo-da-vinci-gymnasium.de\/wp-content\/uploads\/2021\/03\/Beitragsbild-1000x750-1-768x576.jpg",750,563,true],"large":["https:\/\/www.leonardo-da-vinci-gymnasium.de\/wp-content\/uploads\/2021\/03\/Beitragsbild-1000x750-1.jpg",750,563,false],"1536x1536":["https:\/\/www.leonardo-da-vinci-gymnasium.de\/wp-content\/uploads\/2021\/03\/Beitragsbild-1000x750-1.jpg",1000,750,false],"2048x2048":["https:\/\/www.leonardo-da-vinci-gymnasium.de\/wp-content\/uploads\/2021\/03\/Beitragsbild-1000x750-1.jpg",1000,750,false],"post-thumbnail":["https:\/\/www.leonardo-da-vinci-gymnasium.de\/wp-content\/uploads\/2021\/03\/Beitragsbild-1000x750-1-750x450.jpg",750,450,true],"gambit-header-image":["https:\/\/www.leonardo-da-vinci-gymnasium.de\/wp-content\/uploads\/2021\/03\/Beitragsbild-1000x750-1-1000x420.jpg",1000,420,true],"gambit-thumbnail-archive":["https:\/\/www.leonardo-da-vinci-gymnasium.de\/wp-content\/uploads\/2021\/03\/Beitragsbild-1000x750-1-300x240.jpg",300,240,true],"gambit-thumbnail-small":["https:\/\/www.leonardo-da-vinci-gymnasium.de\/wp-content\/uploads\/2021\/03\/Beitragsbild-1000x750-1-100x75.jpg",100,75,true],"gambit-thumbnail-medium":["https:\/\/www.leonardo-da-vinci-gymnasium.de\/wp-content\/uploads\/2021\/03\/Beitragsbild-1000x750-1-300x200.jpg",300,200,true],"gambit-thumbnail-large":["https:\/\/www.leonardo-da-vinci-gymnasium.de\/wp-content\/uploads\/2021\/03\/Beitragsbild-1000x750-1-420x280.jpg",420,280,true],"tzwb-thumbnail":["https:\/\/www.leonardo-da-vinci-gymnasium.de\/wp-content\/uploads\/2021\/03\/Beitragsbild-1000x750-1-80x64.jpg",80,64,true]},"post_excerpt_stackable_v2":"<p>Ende August 2020 passierte etwas f\u00fcr dieses Jahr sehr Ungew\u00f6hnliches. Pl\u00f6tzlich \u00f6ffnete sich ein kleines Fenster. Eine erhoffte, aber kaum noch f\u00fcr m\u00f6glich gehaltene Reise durfte stattfinden. <\/p>\n","category_list_v2":"<a href=\"https:\/\/www.leonardo-da-vinci-gymnasium.de\/?cat=97\" rel=\"category\">Geschichte - Beitr\u00e4ge<\/a>, <a href=\"https:\/\/www.leonardo-da-vinci-gymnasium.de\/?cat=25\" rel=\"category\">Schulleben<\/a>","author_info_v2":{"name":"cbechinie","url":"https:\/\/www.leonardo-da-vinci-gymnasium.de\/?author=1"},"comments_num_v2":"0 comments","uagb_featured_image_src":{"full":["https:\/\/www.leonardo-da-vinci-gymnasium.de\/wp-content\/uploads\/2021\/03\/Beitragsbild-1000x750-1.jpg",1000,750,false],"thumbnail":["https:\/\/www.leonardo-da-vinci-gymnasium.de\/wp-content\/uploads\/2021\/03\/Beitragsbild-1000x750-1-150x150.jpg",150,150,true],"medium":["https:\/\/www.leonardo-da-vinci-gymnasium.de\/wp-content\/uploads\/2021\/03\/Beitragsbild-1000x750-1-300x225.jpg",300,225,true],"medium_large":["https:\/\/www.leonardo-da-vinci-gymnasium.de\/wp-content\/uploads\/2021\/03\/Beitragsbild-1000x750-1-768x576.jpg",750,563,true],"large":["https:\/\/www.leonardo-da-vinci-gymnasium.de\/wp-content\/uploads\/2021\/03\/Beitragsbild-1000x750-1.jpg",750,563,false],"1536x1536":["https:\/\/www.leonardo-da-vinci-gymnasium.de\/wp-content\/uploads\/2021\/03\/Beitragsbild-1000x750-1.jpg",1000,750,false],"2048x2048":["https:\/\/www.leonardo-da-vinci-gymnasium.de\/wp-content\/uploads\/2021\/03\/Beitragsbild-1000x750-1.jpg",1000,750,false],"post-thumbnail":["https:\/\/www.leonardo-da-vinci-gymnasium.de\/wp-content\/uploads\/2021\/03\/Beitragsbild-1000x750-1-750x450.jpg",750,450,true],"gambit-header-image":["https:\/\/www.leonardo-da-vinci-gymnasium.de\/wp-content\/uploads\/2021\/03\/Beitragsbild-1000x750-1-1000x420.jpg",1000,420,true],"gambit-thumbnail-archive":["https:\/\/www.leonardo-da-vinci-gymnasium.de\/wp-content\/uploads\/2021\/03\/Beitragsbild-1000x750-1-300x240.jpg",300,240,true],"gambit-thumbnail-small":["https:\/\/www.leonardo-da-vinci-gymnasium.de\/wp-content\/uploads\/2021\/03\/Beitragsbild-1000x750-1-100x75.jpg",100,75,true],"gambit-thumbnail-medium":["https:\/\/www.leonardo-da-vinci-gymnasium.de\/wp-content\/uploads\/2021\/03\/Beitragsbild-1000x750-1-300x200.jpg",300,200,true],"gambit-thumbnail-large":["https:\/\/www.leonardo-da-vinci-gymnasium.de\/wp-content\/uploads\/2021\/03\/Beitragsbild-1000x750-1-420x280.jpg",420,280,true],"tzwb-thumbnail":["https:\/\/www.leonardo-da-vinci-gymnasium.de\/wp-content\/uploads\/2021\/03\/Beitragsbild-1000x750-1-80x64.jpg",80,64,true]},"uagb_author_info":{"display_name":"cbechinie","author_link":"https:\/\/www.leonardo-da-vinci-gymnasium.de\/?author=1"},"uagb_comment_info":0,"uagb_excerpt":"Ende August 2020 passierte etwas f\u00fcr dieses Jahr sehr Ungew\u00f6hnliches. Pl\u00f6tzlich \u00f6ffnete sich ein kleines Fenster. Eine erhoffte, aber kaum noch f\u00fcr m\u00f6glich gehaltene Reise durfte stattfinden.","_links":{"self":[{"href":"https:\/\/www.leonardo-da-vinci-gymnasium.de\/index.php?rest_route=\/wp\/v2\/posts\/5290","targetHints":{"allow":["GET"]}}],"collection":[{"href":"https:\/\/www.leonardo-da-vinci-gymnasium.de\/index.php?rest_route=\/wp\/v2\/posts"}],"about":[{"href":"https:\/\/www.leonardo-da-vinci-gymnasium.de\/index.php?rest_route=\/wp\/v2\/types\/post"}],"author":[{"embeddable":true,"href":"https:\/\/www.leonardo-da-vinci-gymnasium.de\/index.php?rest_route=\/wp\/v2\/users\/1"}],"replies":[{"embeddable":true,"href":"https:\/\/www.leonardo-da-vinci-gymnasium.de\/index.php?rest_route=%2Fwp%2Fv2%2Fcomments&post=5290"}],"version-history":[{"count":5,"href":"https:\/\/www.leonardo-da-vinci-gymnasium.de\/index.php?rest_route=\/wp\/v2\/posts\/5290\/revisions"}],"predecessor-version":[{"id":8019,"href":"https:\/\/www.leonardo-da-vinci-gymnasium.de\/index.php?rest_route=\/wp\/v2\/posts\/5290\/revisions\/8019"}],"wp:featuredmedia":[{"embeddable":true,"href":"https:\/\/www.leonardo-da-vinci-gymnasium.de\/index.php?rest_route=\/wp\/v2\/media\/6958"}],"wp:attachment":[{"href":"https:\/\/www.leonardo-da-vinci-gymnasium.de\/index.php?rest_route=%2Fwp%2Fv2%2Fmedia&parent=5290"}],"wp:term":[{"taxonomy":"category","embeddable":true,"href":"https:\/\/www.leonardo-da-vinci-gymnasium.de\/index.php?rest_route=%2Fwp%2Fv2%2Fcategories&post=5290"},{"taxonomy":"post_tag","embeddable":true,"href":"https:\/\/www.leonardo-da-vinci-gymnasium.de\/index.php?rest_route=%2Fwp%2Fv2%2Ftags&post=5290"}],"curies":[{"name":"wp","href":"https:\/\/api.w.org\/{rel}","templated":true}]}}