{"id":6108,"date":"2022-01-04T13:55:28","date_gmt":"2022-01-04T12:55:28","guid":{"rendered":"https:\/\/www.leonardo-da-vinci-gymnasium.de\/?p=6108"},"modified":"2023-09-15T12:51:08","modified_gmt":"2023-09-15T10:51:08","slug":"ausstellungsbesuch-bei-c-o-berlin-lee-friedlaender","status":"publish","type":"post","link":"https:\/\/www.leonardo-da-vinci-gymnasium.de\/?p=6108","title":{"rendered":"Ausstellungsbesuch bei c\/o Berlin: Lee Friedl\u00e4nder"},"content":{"rendered":"\n<p>Am 15. November 2021 besuchte der Leistungskurs Kunst (Q1) die Ausstellung mit Werken des Fotografen Lee Friedl\u00e4nder (*1934) bei C\/O Berlin. Wir bekamen Einblicke in das sechs Jahrzehnte umspannende Werk Friedlander: von seinen Anf\u00e4ngen als junger Fotograf, der Jazz-Legenden f\u00fcr Plattencover fotografiert, \u00fcber seine ersten nicht-kommerziellen Projekte, die w\u00e4hrend ausgedehnter Roadtrips in den USA und Europa entstanden, bis hin zu seiner fotografischen Auseinandersetzung mit dem eigenen Selbst und seiner Familie. Oft wirken die Motive allt\u00e4glich und vertraut, wie z.B. Familienfotografien oder Stra\u00dfenszenen. Zugleich haben sie aber auch etwas sehr Eigenes, wie durch wirkungsvolle Spiegelungen auf Fensterscheiben. Wir haben dann selbst auch tolle Spiegelungen entdeckt und fotografiert. Auff\u00e4llig sind bei Friedl\u00e4nder auch die Schatten des Fotografen, die immer wieder zu sehen sind. Der Schatten, der oft vermieden wird bzw. als ein \u201eFehler\u201c in Fotografien gilt, wird von Friedl\u00e4nder extra abgebildet. \u201eIch mache absichtlich, Fehler\u2018\u201c, so reagierte der Fotograf auf Kritiker.<\/p>\n\n\n\n<p>Besonders gefielen uns die Portr\u00e4ts der Jazzmusiker vor farbigen W\u00e4nden. Da im Hintergrund dazu die passende Musik, z.B. von Trompeter Miles Davis oder der S\u00e4ngerin Aretha Franklin lief, konnte man gut in die Stimmung eintauchen.<\/p>\n\n\n\n<p>Die Ausstellung kann man nun leider nicht mehr besuchen. Aber wir hoffen, bei vielen das Interesse f\u00fcr Lee Friedl\u00e4nder geweckt zu haben oder die Lust darauf, sich andere Ausstellungen bei c\/o Berlin anzusehen.<\/p>\n\n\n\n<hr class=\"wp-block-separator has-css-opacity is-style-wide\"\/>\n\n\n\nngg_shortcode_0_placeholder\n","protected":false},"excerpt":{"rendered":"<p>Der Leistungskurs besuchte eine Ausstellung des Fotografen Lee Friedl\u00e4nder von seinen Anf\u00e4ngen bis hin zu seiner fotografischen Auseinandersetzung mit dem eigenen Selbst und seiner Familie.<\/p>\n","protected":false},"author":1,"featured_media":7111,"comment_status":"closed","ping_status":"closed","sticky":false,"template":"","format":"standard","meta":{"_uag_custom_page_level_css":"","ngg_post_thumbnail":0,"footnotes":""},"categories":[135],"tags":[],"class_list":["post-6108","post","type-post","status-publish","format-standard","has-post-thumbnail","hentry","category-kunst-beitraege"],"featured_image_urls_v2":{"full":["https:\/\/www.leonardo-da-vinci-gymnasium.de\/wp-content\/uploads\/2022\/01\/Beitragsbild.jpg",1000,750,false],"thumbnail":["https:\/\/www.leonardo-da-vinci-gymnasium.de\/wp-content\/uploads\/2022\/01\/Beitragsbild-150x150.jpg",150,150,true],"medium":["https:\/\/www.leonardo-da-vinci-gymnasium.de\/wp-content\/uploads\/2022\/01\/Beitragsbild-300x225.jpg",300,225,true],"medium_large":["https:\/\/www.leonardo-da-vinci-gymnasium.de\/wp-content\/uploads\/2022\/01\/Beitragsbild-768x576.jpg",750,563,true],"large":["https:\/\/www.leonardo-da-vinci-gymnasium.de\/wp-content\/uploads\/2022\/01\/Beitragsbild.jpg",750,563,false],"1536x1536":["https:\/\/www.leonardo-da-vinci-gymnasium.de\/wp-content\/uploads\/2022\/01\/Beitragsbild.jpg",1000,750,false],"2048x2048":["https:\/\/www.leonardo-da-vinci-gymnasium.de\/wp-content\/uploads\/2022\/01\/Beitragsbild.jpg",1000,750,false],"post-thumbnail":["https:\/\/www.leonardo-da-vinci-gymnasium.de\/wp-content\/uploads\/2022\/01\/Beitragsbild-750x450.jpg",750,450,true],"gambit-header-image":["https:\/\/www.leonardo-da-vinci-gymnasium.de\/wp-content\/uploads\/2022\/01\/Beitragsbild-1000x420.jpg",1000,420,true],"gambit-thumbnail-archive":["https:\/\/www.leonardo-da-vinci-gymnasium.de\/wp-content\/uploads\/2022\/01\/Beitragsbild-300x240.jpg",300,240,true],"gambit-thumbnail-small":["https:\/\/www.leonardo-da-vinci-gymnasium.de\/wp-content\/uploads\/2022\/01\/Beitragsbild-100x75.jpg",100,75,true],"gambit-thumbnail-medium":["https:\/\/www.leonardo-da-vinci-gymnasium.de\/wp-content\/uploads\/2022\/01\/Beitragsbild-300x200.jpg",300,200,true],"gambit-thumbnail-large":["https:\/\/www.leonardo-da-vinci-gymnasium.de\/wp-content\/uploads\/2022\/01\/Beitragsbild-420x280.jpg",420,280,true],"tzwb-thumbnail":["https:\/\/www.leonardo-da-vinci-gymnasium.de\/wp-content\/uploads\/2022\/01\/Beitragsbild-80x64.jpg",80,64,true]},"post_excerpt_stackable_v2":"<p>Der Leistungskurs besuchte eine Ausstellung des Fotografen Lee Friedl\u00e4nder von seinen Anf\u00e4ngen bis hin zu seiner fotografischen Auseinandersetzung mit dem eigenen Selbst und seiner Familie.<\/p>\n","category_list_v2":"<a href=\"https:\/\/www.leonardo-da-vinci-gymnasium.de\/?cat=135\" rel=\"category\">Kunst - Beitr\u00e4ge<\/a>","author_info_v2":{"name":"cbechinie","url":"https:\/\/www.leonardo-da-vinci-gymnasium.de\/?author=1"},"comments_num_v2":"0 comments","uagb_featured_image_src":{"full":["https:\/\/www.leonardo-da-vinci-gymnasium.de\/wp-content\/uploads\/2022\/01\/Beitragsbild.jpg",1000,750,false],"thumbnail":["https:\/\/www.leonardo-da-vinci-gymnasium.de\/wp-content\/uploads\/2022\/01\/Beitragsbild-150x150.jpg",150,150,true],"medium":["https:\/\/www.leonardo-da-vinci-gymnasium.de\/wp-content\/uploads\/2022\/01\/Beitragsbild-300x225.jpg",300,225,true],"medium_large":["https:\/\/www.leonardo-da-vinci-gymnasium.de\/wp-content\/uploads\/2022\/01\/Beitragsbild-768x576.jpg",750,563,true],"large":["https:\/\/www.leonardo-da-vinci-gymnasium.de\/wp-content\/uploads\/2022\/01\/Beitragsbild.jpg",750,563,false],"1536x1536":["https:\/\/www.leonardo-da-vinci-gymnasium.de\/wp-content\/uploads\/2022\/01\/Beitragsbild.jpg",1000,750,false],"2048x2048":["https:\/\/www.leonardo-da-vinci-gymnasium.de\/wp-content\/uploads\/2022\/01\/Beitragsbild.jpg",1000,750,false],"post-thumbnail":["https:\/\/www.leonardo-da-vinci-gymnasium.de\/wp-content\/uploads\/2022\/01\/Beitragsbild-750x450.jpg",750,450,true],"gambit-header-image":["https:\/\/www.leonardo-da-vinci-gymnasium.de\/wp-content\/uploads\/2022\/01\/Beitragsbild-1000x420.jpg",1000,420,true],"gambit-thumbnail-archive":["https:\/\/www.leonardo-da-vinci-gymnasium.de\/wp-content\/uploads\/2022\/01\/Beitragsbild-300x240.jpg",300,240,true],"gambit-thumbnail-small":["https:\/\/www.leonardo-da-vinci-gymnasium.de\/wp-content\/uploads\/2022\/01\/Beitragsbild-100x75.jpg",100,75,true],"gambit-thumbnail-medium":["https:\/\/www.leonardo-da-vinci-gymnasium.de\/wp-content\/uploads\/2022\/01\/Beitragsbild-300x200.jpg",300,200,true],"gambit-thumbnail-large":["https:\/\/www.leonardo-da-vinci-gymnasium.de\/wp-content\/uploads\/2022\/01\/Beitragsbild-420x280.jpg",420,280,true],"tzwb-thumbnail":["https:\/\/www.leonardo-da-vinci-gymnasium.de\/wp-content\/uploads\/2022\/01\/Beitragsbild-80x64.jpg",80,64,true]},"uagb_author_info":{"display_name":"cbechinie","author_link":"https:\/\/www.leonardo-da-vinci-gymnasium.de\/?author=1"},"uagb_comment_info":0,"uagb_excerpt":"Der Leistungskurs besuchte eine Ausstellung des Fotografen Lee Friedl\u00e4nder von seinen Anf\u00e4ngen bis hin zu seiner fotografischen Auseinandersetzung mit dem eigenen Selbst und seiner Familie.","_links":{"self":[{"href":"https:\/\/www.leonardo-da-vinci-gymnasium.de\/index.php?rest_route=\/wp\/v2\/posts\/6108","targetHints":{"allow":["GET"]}}],"collection":[{"href":"https:\/\/www.leonardo-da-vinci-gymnasium.de\/index.php?rest_route=\/wp\/v2\/posts"}],"about":[{"href":"https:\/\/www.leonardo-da-vinci-gymnasium.de\/index.php?rest_route=\/wp\/v2\/types\/post"}],"author":[{"embeddable":true,"href":"https:\/\/www.leonardo-da-vinci-gymnasium.de\/index.php?rest_route=\/wp\/v2\/users\/1"}],"replies":[{"embeddable":true,"href":"https:\/\/www.leonardo-da-vinci-gymnasium.de\/index.php?rest_route=%2Fwp%2Fv2%2Fcomments&post=6108"}],"version-history":[{"count":9,"href":"https:\/\/www.leonardo-da-vinci-gymnasium.de\/index.php?rest_route=\/wp\/v2\/posts\/6108\/revisions"}],"predecessor-version":[{"id":8017,"href":"https:\/\/www.leonardo-da-vinci-gymnasium.de\/index.php?rest_route=\/wp\/v2\/posts\/6108\/revisions\/8017"}],"wp:featuredmedia":[{"embeddable":true,"href":"https:\/\/www.leonardo-da-vinci-gymnasium.de\/index.php?rest_route=\/wp\/v2\/media\/7111"}],"wp:attachment":[{"href":"https:\/\/www.leonardo-da-vinci-gymnasium.de\/index.php?rest_route=%2Fwp%2Fv2%2Fmedia&parent=6108"}],"wp:term":[{"taxonomy":"category","embeddable":true,"href":"https:\/\/www.leonardo-da-vinci-gymnasium.de\/index.php?rest_route=%2Fwp%2Fv2%2Fcategories&post=6108"},{"taxonomy":"post_tag","embeddable":true,"href":"https:\/\/www.leonardo-da-vinci-gymnasium.de\/index.php?rest_route=%2Fwp%2Fv2%2Ftags&post=6108"}],"curies":[{"name":"wp","href":"https:\/\/api.w.org\/{rel}","templated":true}]}}