{"id":6335,"date":"2022-02-23T13:06:34","date_gmt":"2022-02-23T12:06:34","guid":{"rendered":"https:\/\/www.leonardo-da-vinci-gymnasium.de\/?p=6335"},"modified":"2022-11-23T14:42:54","modified_gmt":"2022-11-23T13:42:54","slug":"jugend-debattiert-ein-toller-erfolg","status":"publish","type":"post","link":"https:\/\/www.leonardo-da-vinci-gymnasium.de\/?p=6335","title":{"rendered":"Jugend debattiert &#8211; was f\u00fcr ein toller Erfolg!"},"content":{"rendered":"\n<p>Beim diesj\u00e4hrigen Regionalentscheid von <strong>\u201eJugend debattiert\u201c<\/strong> am 15. Februar 2022 hat Dilara Senol (Q4) beim Finale den <strong>2. Platz<\/strong> erreicht und sich damit f\u00fcr den Landeswettbewerb von Berlin qualifiziert!<\/p>\n\n\n\n<p>Auch die anderen Teilnehmerinnen und Teilnehmer unserer Schule, Danjo (10.1), Jermaine (9.1), Liea (8.3) und Hagen (8.2) haben sich gut pr\u00e4sentiert. Liea und Hagen haben beim Finale der Altersgruppe 8.\/9. Jahrgang den <strong>4. und 3. Platz erreicht!<\/strong><\/p>\n\n\n\n<h5 class=\"wp-block-heading\"><strong><em>Soll der Verkauf von S\u00fc\u00dfigkeiten im Kassenbereich verboten werden?<\/em> <\/strong><\/h5>\n\n\n\n<p>Solche Fragen lernen die Sch\u00fclerinnen und Sch\u00fcler in der 8. Klasse nach festen Regeln zu diskutieren. Dabei h\u00f6ren sie genau zu, gehen auf ihre Mitsch\u00fclerinnen und Mitsch\u00fcler ein und setzen sich konstruktiv auseinander.&nbsp; Dazu geh\u00f6rt auch, sich zu informieren und Argumente sachlich und gut begr\u00fcndet darzulegen. In den folgenden Jahrg\u00e4ngen wird das Debattieren im Unterricht aufgegriffen und vertieft, so dass interessierte Sch\u00fclerinnen und Sch\u00fcler erneut am Wettbewerb teilnehmen k\u00f6nnen.<\/p>\n\n\n\n<p>Alle Teilnehmerinnen und Teilnehmer wissen: Ein bisschen Lampenfieber ist nat\u00fcrlich ebenso dabei. Aber das Training tr\u00e4gt nicht nur zur sprachlichen Bildung bei, sondern vermittelt auch Sicherheit beim Auftreten vor anderen und verbessert die politische Urteilsf\u00e4higkeit sowie den respektvollen Umgang untereinander. Deshalb ist <em>Jugend debattiert<\/em> ein Wettbewerb, bei dem alle gewinnen.<\/p>\n\n\n\n<h5 class=\"wp-block-heading\"><strong>Wer \u00fcberzeugt am meisten?<\/strong> <\/h5>\n\n\n\n<p>Nicht nur f\u00fcr das Publikum, sondern auch f\u00fcr die Jurorinnen und Juroren stellt sich diese Frage. Es sind Sch\u00fclerinnen und Sch\u00fcler aus den h\u00f6heren Jahrg\u00e4ngen wie Doga und Fatima (Q4) und Dunja (10.3), die die Debattantinnen und Debattanten nach festgelegten Kriterien bewerten und beim Regionalentscheid am Albert-Einstein-Gymnasium dabei waren.<br>Und Dilara? Bevor sie nun am Landeswettbewerb teilnimmt, trainiert die 18j\u00e4hrige mit den anderen Berliner Gewinnerinnen und Gewinnern in einem JD-Wettbewerbsseminar.<\/p>\n\n\n\n<figure class=\"wp-block-image size-large\"><img loading=\"lazy\" decoding=\"async\" width=\"1024\" height=\"768\" src=\"https:\/\/www.leonardo-da-vinci-gymnasium.de\/wp-content\/uploads\/2022\/02\/Team-LdV-1024x768.jpg\" alt=\"Jugend debattiert - unser Team\" class=\"wp-image-6334\" srcset=\"https:\/\/www.leonardo-da-vinci-gymnasium.de\/wp-content\/uploads\/2022\/02\/Team-LdV-1024x768.jpg 1024w, https:\/\/www.leonardo-da-vinci-gymnasium.de\/wp-content\/uploads\/2022\/02\/Team-LdV-300x225.jpg 300w, https:\/\/www.leonardo-da-vinci-gymnasium.de\/wp-content\/uploads\/2022\/02\/Team-LdV-768x576.jpg 768w, https:\/\/www.leonardo-da-vinci-gymnasium.de\/wp-content\/uploads\/2022\/02\/Team-LdV-100x75.jpg 100w, https:\/\/www.leonardo-da-vinci-gymnasium.de\/wp-content\/uploads\/2022\/02\/Team-LdV.jpg 1386w\" sizes=\"auto, (max-width: 1024px) 100vw, 1024px\" \/><figcaption>Unser Team<\/figcaption><\/figure>\n","protected":false},"excerpt":{"rendered":"<p>Beim diesj\u00e4hrigen Regionalentscheid von \u201eJugend debattiert\u201c hat Dilara Senol (Q4) beim Finale den 2. Platz erreicht und sich damit f\u00fcr den Landeswettbewerb von Berlin qualifiziert! Auch die anderen Teilnehmerinnen und Teilnehmer unserer Schule haben sich gut pr\u00e4sentiert.<\/p>\n","protected":false},"author":1,"featured_media":6334,"comment_status":"closed","ping_status":"closed","sticky":false,"template":"","format":"standard","meta":{"_uag_custom_page_level_css":"","ngg_post_thumbnail":0,"footnotes":""},"categories":[74,25],"tags":[43],"class_list":["post-6335","post","type-post","status-publish","format-standard","has-post-thumbnail","hentry","category-deutsch-deutsch","category-schulleben","tag-wettkampf"],"featured_image_urls_v2":{"full":["https:\/\/www.leonardo-da-vinci-gymnasium.de\/wp-content\/uploads\/2022\/02\/Team-LdV.jpg",1386,1039,false],"thumbnail":["https:\/\/www.leonardo-da-vinci-gymnasium.de\/wp-content\/uploads\/2022\/02\/Team-LdV-150x150.jpg",150,150,true],"medium":["https:\/\/www.leonardo-da-vinci-gymnasium.de\/wp-content\/uploads\/2022\/02\/Team-LdV-300x225.jpg",300,225,true],"medium_large":["https:\/\/www.leonardo-da-vinci-gymnasium.de\/wp-content\/uploads\/2022\/02\/Team-LdV-768x576.jpg",750,563,true],"large":["https:\/\/www.leonardo-da-vinci-gymnasium.de\/wp-content\/uploads\/2022\/02\/Team-LdV-1024x768.jpg",750,563,true],"1536x1536":["https:\/\/www.leonardo-da-vinci-gymnasium.de\/wp-content\/uploads\/2022\/02\/Team-LdV.jpg",1386,1039,false],"2048x2048":["https:\/\/www.leonardo-da-vinci-gymnasium.de\/wp-content\/uploads\/2022\/02\/Team-LdV.jpg",1386,1039,false],"post-thumbnail":["https:\/\/www.leonardo-da-vinci-gymnasium.de\/wp-content\/uploads\/2022\/02\/Team-LdV-750x450.jpg",750,450,true],"gambit-header-image":["https:\/\/www.leonardo-da-vinci-gymnasium.de\/wp-content\/uploads\/2022\/02\/Team-LdV-1340x420.jpg",1340,420,true],"gambit-thumbnail-archive":["https:\/\/www.leonardo-da-vinci-gymnasium.de\/wp-content\/uploads\/2022\/02\/Team-LdV-300x240.jpg",300,240,true],"gambit-thumbnail-small":["https:\/\/www.leonardo-da-vinci-gymnasium.de\/wp-content\/uploads\/2022\/02\/Team-LdV-100x75.jpg",100,75,true],"gambit-thumbnail-medium":["https:\/\/www.leonardo-da-vinci-gymnasium.de\/wp-content\/uploads\/2022\/02\/Team-LdV-300x200.jpg",300,200,true],"gambit-thumbnail-large":["https:\/\/www.leonardo-da-vinci-gymnasium.de\/wp-content\/uploads\/2022\/02\/Team-LdV-420x280.jpg",420,280,true],"tzwb-thumbnail":["https:\/\/www.leonardo-da-vinci-gymnasium.de\/wp-content\/uploads\/2022\/02\/Team-LdV-80x64.jpg",80,64,true]},"post_excerpt_stackable_v2":"<p>Beim diesj\u00e4hrigen Regionalentscheid von \u201eJugend debattiert\u201c hat Dilara Senol (Q4) beim Finale den 2. Platz erreicht und sich damit f\u00fcr den Landeswettbewerb von Berlin qualifiziert! Auch die anderen Teilnehmerinnen und Teilnehmer unserer Schule haben sich gut pr\u00e4sentiert.<\/p>\n","category_list_v2":"<a href=\"https:\/\/www.leonardo-da-vinci-gymnasium.de\/?cat=74\" rel=\"category\">Deutsch - Beitr\u00e4ge<\/a>, <a href=\"https:\/\/www.leonardo-da-vinci-gymnasium.de\/?cat=25\" rel=\"category\">Schulleben<\/a>","author_info_v2":{"name":"cbechinie","url":"https:\/\/www.leonardo-da-vinci-gymnasium.de\/?author=1"},"comments_num_v2":"0 comments","uagb_featured_image_src":{"full":["https:\/\/www.leonardo-da-vinci-gymnasium.de\/wp-content\/uploads\/2022\/02\/Team-LdV.jpg",1386,1039,false],"thumbnail":["https:\/\/www.leonardo-da-vinci-gymnasium.de\/wp-content\/uploads\/2022\/02\/Team-LdV-150x150.jpg",150,150,true],"medium":["https:\/\/www.leonardo-da-vinci-gymnasium.de\/wp-content\/uploads\/2022\/02\/Team-LdV-300x225.jpg",300,225,true],"medium_large":["https:\/\/www.leonardo-da-vinci-gymnasium.de\/wp-content\/uploads\/2022\/02\/Team-LdV-768x576.jpg",750,563,true],"large":["https:\/\/www.leonardo-da-vinci-gymnasium.de\/wp-content\/uploads\/2022\/02\/Team-LdV-1024x768.jpg",750,563,true],"1536x1536":["https:\/\/www.leonardo-da-vinci-gymnasium.de\/wp-content\/uploads\/2022\/02\/Team-LdV.jpg",1386,1039,false],"2048x2048":["https:\/\/www.leonardo-da-vinci-gymnasium.de\/wp-content\/uploads\/2022\/02\/Team-LdV.jpg",1386,1039,false],"post-thumbnail":["https:\/\/www.leonardo-da-vinci-gymnasium.de\/wp-content\/uploads\/2022\/02\/Team-LdV-750x450.jpg",750,450,true],"gambit-header-image":["https:\/\/www.leonardo-da-vinci-gymnasium.de\/wp-content\/uploads\/2022\/02\/Team-LdV-1340x420.jpg",1340,420,true],"gambit-thumbnail-archive":["https:\/\/www.leonardo-da-vinci-gymnasium.de\/wp-content\/uploads\/2022\/02\/Team-LdV-300x240.jpg",300,240,true],"gambit-thumbnail-small":["https:\/\/www.leonardo-da-vinci-gymnasium.de\/wp-content\/uploads\/2022\/02\/Team-LdV-100x75.jpg",100,75,true],"gambit-thumbnail-medium":["https:\/\/www.leonardo-da-vinci-gymnasium.de\/wp-content\/uploads\/2022\/02\/Team-LdV-300x200.jpg",300,200,true],"gambit-thumbnail-large":["https:\/\/www.leonardo-da-vinci-gymnasium.de\/wp-content\/uploads\/2022\/02\/Team-LdV-420x280.jpg",420,280,true],"tzwb-thumbnail":["https:\/\/www.leonardo-da-vinci-gymnasium.de\/wp-content\/uploads\/2022\/02\/Team-LdV-80x64.jpg",80,64,true]},"uagb_author_info":{"display_name":"cbechinie","author_link":"https:\/\/www.leonardo-da-vinci-gymnasium.de\/?author=1"},"uagb_comment_info":0,"uagb_excerpt":"Beim diesj\u00e4hrigen Regionalentscheid von \u201eJugend debattiert\u201c hat Dilara Senol (Q4) beim Finale den 2. Platz erreicht und sich damit f\u00fcr den Landeswettbewerb von Berlin qualifiziert! Auch die anderen Teilnehmerinnen und Teilnehmer unserer Schule haben sich gut pr\u00e4sentiert.","_links":{"self":[{"href":"https:\/\/www.leonardo-da-vinci-gymnasium.de\/index.php?rest_route=\/wp\/v2\/posts\/6335","targetHints":{"allow":["GET"]}}],"collection":[{"href":"https:\/\/www.leonardo-da-vinci-gymnasium.de\/index.php?rest_route=\/wp\/v2\/posts"}],"about":[{"href":"https:\/\/www.leonardo-da-vinci-gymnasium.de\/index.php?rest_route=\/wp\/v2\/types\/post"}],"author":[{"embeddable":true,"href":"https:\/\/www.leonardo-da-vinci-gymnasium.de\/index.php?rest_route=\/wp\/v2\/users\/1"}],"replies":[{"embeddable":true,"href":"https:\/\/www.leonardo-da-vinci-gymnasium.de\/index.php?rest_route=%2Fwp%2Fv2%2Fcomments&post=6335"}],"version-history":[{"count":5,"href":"https:\/\/www.leonardo-da-vinci-gymnasium.de\/index.php?rest_route=\/wp\/v2\/posts\/6335\/revisions"}],"predecessor-version":[{"id":6379,"href":"https:\/\/www.leonardo-da-vinci-gymnasium.de\/index.php?rest_route=\/wp\/v2\/posts\/6335\/revisions\/6379"}],"wp:featuredmedia":[{"embeddable":true,"href":"https:\/\/www.leonardo-da-vinci-gymnasium.de\/index.php?rest_route=\/wp\/v2\/media\/6334"}],"wp:attachment":[{"href":"https:\/\/www.leonardo-da-vinci-gymnasium.de\/index.php?rest_route=%2Fwp%2Fv2%2Fmedia&parent=6335"}],"wp:term":[{"taxonomy":"category","embeddable":true,"href":"https:\/\/www.leonardo-da-vinci-gymnasium.de\/index.php?rest_route=%2Fwp%2Fv2%2Fcategories&post=6335"},{"taxonomy":"post_tag","embeddable":true,"href":"https:\/\/www.leonardo-da-vinci-gymnasium.de\/index.php?rest_route=%2Fwp%2Fv2%2Ftags&post=6335"}],"curies":[{"name":"wp","href":"https:\/\/api.w.org\/{rel}","templated":true}]}}