{"id":6488,"date":"2022-06-02T19:01:48","date_gmt":"2022-06-02T17:01:48","guid":{"rendered":"https:\/\/www.leonardo-da-vinci-gymnasium.de\/?p=6488"},"modified":"2024-03-20T13:32:51","modified_gmt":"2024-03-20T12:32:51","slug":"preisverleihung-kunstwettbewerb-2022","status":"publish","type":"post","link":"https:\/\/www.leonardo-da-vinci-gymnasium.de\/?p=6488","title":{"rendered":"Preisverleihung Kunstwettbewerb \u201eIch bin wie ich bin\u201c"},"content":{"rendered":"\n<p>Bei sonnigem Wetter und begeistertem Applaus fand am 18. Mai 2022 die Preisverleihung des diesj\u00e4hrigen Kunstwettbewerbs zum Thema \u201e<strong>Ich bin wie ich bin<\/strong>\u201c statt.<\/p>\n\n\n\n<p>Unsere Jury (bestehend aus Sek I und II \u2013 Sch\u00fclerinnen) k\u00fcrte die Arbeiten folgender Sch\u00fcler*innen:<\/p>\n\n\n\n<p><strong>Priscilla E. Mbabi (1. Platz, 8.1),<\/strong><\/p>\n\n\n\n<p><strong>Amalie Najjar (2. Platz, 10.3),<\/strong><\/p>\n\n\n\n<p><strong>Dalia Najjar (3. Platz, 7.4)<\/strong><\/p>\n\n\n\n<p>und aus der Sek II:<\/p>\n\n\n\n<p><strong>Inas El-Noumeiri (1. Platz, Q2),<\/strong><\/p>\n\n\n\n<p><strong>Kevin Bao (2. Platz, Q2) und Jennifer Theel (3. Platz, Q4).<\/strong><\/p>\n\n\n\n<p>Wir sagen herzlichen Gl\u00fcckwunsch und vielen Dank f\u00fcr Eure Einreichungen und das Engagement der Jury!!!<\/p>\n\n\n\n<p>Der Kunstfachbereich am LdV<\/p>\n\n\n\nngg_shortcode_0_placeholder\n","protected":false},"excerpt":{"rendered":"<p>Bei Sonnenschein und Applaus fand am 18. Mai 2022 die Preisverleihung des \u00a0diesj\u00e4hrigen Kunstwettbewerbs zum Thema \u201eIch bin wie ich bin\u201c statt.<\/p>\n","protected":false},"author":1,"featured_media":6495,"comment_status":"closed","ping_status":"closed","sticky":false,"template":"","format":"standard","meta":{"_uag_custom_page_level_css":"","ngg_post_thumbnail":0,"footnotes":""},"categories":[135,25],"tags":[43],"class_list":["post-6488","post","type-post","status-publish","format-standard","has-post-thumbnail","hentry","category-kunst-beitraege","category-schulleben","tag-wettkampf"],"featured_image_urls_v2":{"full":["https:\/\/www.leonardo-da-vinci-gymnasium.de\/wp-content\/uploads\/2022\/06\/Titelbild.jpg",836,627,false],"thumbnail":["https:\/\/www.leonardo-da-vinci-gymnasium.de\/wp-content\/uploads\/2022\/06\/Titelbild-150x150.jpg",150,150,true],"medium":["https:\/\/www.leonardo-da-vinci-gymnasium.de\/wp-content\/uploads\/2022\/06\/Titelbild-300x225.jpg",300,225,true],"medium_large":["https:\/\/www.leonardo-da-vinci-gymnasium.de\/wp-content\/uploads\/2022\/06\/Titelbild-768x576.jpg",750,563,true],"large":["https:\/\/www.leonardo-da-vinci-gymnasium.de\/wp-content\/uploads\/2022\/06\/Titelbild.jpg",750,563,false],"1536x1536":["https:\/\/www.leonardo-da-vinci-gymnasium.de\/wp-content\/uploads\/2022\/06\/Titelbild.jpg",836,627,false],"2048x2048":["https:\/\/www.leonardo-da-vinci-gymnasium.de\/wp-content\/uploads\/2022\/06\/Titelbild.jpg",836,627,false],"post-thumbnail":["https:\/\/www.leonardo-da-vinci-gymnasium.de\/wp-content\/uploads\/2022\/06\/Titelbild-750x450.jpg",750,450,true],"gambit-header-image":["https:\/\/www.leonardo-da-vinci-gymnasium.de\/wp-content\/uploads\/2022\/06\/Titelbild-836x420.jpg",836,420,true],"gambit-thumbnail-archive":["https:\/\/www.leonardo-da-vinci-gymnasium.de\/wp-content\/uploads\/2022\/06\/Titelbild-300x240.jpg",300,240,true],"gambit-thumbnail-small":["https:\/\/www.leonardo-da-vinci-gymnasium.de\/wp-content\/uploads\/2022\/06\/Titelbild-100x75.jpg",100,75,true],"gambit-thumbnail-medium":["https:\/\/www.leonardo-da-vinci-gymnasium.de\/wp-content\/uploads\/2022\/06\/Titelbild-300x200.jpg",300,200,true],"gambit-thumbnail-large":["https:\/\/www.leonardo-da-vinci-gymnasium.de\/wp-content\/uploads\/2022\/06\/Titelbild-420x280.jpg",420,280,true],"tzwb-thumbnail":["https:\/\/www.leonardo-da-vinci-gymnasium.de\/wp-content\/uploads\/2022\/06\/Titelbild-80x64.jpg",80,64,true]},"post_excerpt_stackable_v2":"<p>Bei Sonnenschein und Applaus fand am 18. Mai 2022 die Preisverleihung des \u00a0diesj\u00e4hrigen Kunstwettbewerbs zum Thema \u201eIch bin wie ich bin\u201c statt.<\/p>\n","category_list_v2":"<a href=\"https:\/\/www.leonardo-da-vinci-gymnasium.de\/?cat=135\" rel=\"category\">Kunst - Beitr\u00e4ge<\/a>, <a href=\"https:\/\/www.leonardo-da-vinci-gymnasium.de\/?cat=25\" rel=\"category\">Schulleben<\/a>","author_info_v2":{"name":"cbechinie","url":"https:\/\/www.leonardo-da-vinci-gymnasium.de\/?author=1"},"comments_num_v2":"0 comments","uagb_featured_image_src":{"full":["https:\/\/www.leonardo-da-vinci-gymnasium.de\/wp-content\/uploads\/2022\/06\/Titelbild.jpg",836,627,false],"thumbnail":["https:\/\/www.leonardo-da-vinci-gymnasium.de\/wp-content\/uploads\/2022\/06\/Titelbild-150x150.jpg",150,150,true],"medium":["https:\/\/www.leonardo-da-vinci-gymnasium.de\/wp-content\/uploads\/2022\/06\/Titelbild-300x225.jpg",300,225,true],"medium_large":["https:\/\/www.leonardo-da-vinci-gymnasium.de\/wp-content\/uploads\/2022\/06\/Titelbild-768x576.jpg",750,563,true],"large":["https:\/\/www.leonardo-da-vinci-gymnasium.de\/wp-content\/uploads\/2022\/06\/Titelbild.jpg",750,563,false],"1536x1536":["https:\/\/www.leonardo-da-vinci-gymnasium.de\/wp-content\/uploads\/2022\/06\/Titelbild.jpg",836,627,false],"2048x2048":["https:\/\/www.leonardo-da-vinci-gymnasium.de\/wp-content\/uploads\/2022\/06\/Titelbild.jpg",836,627,false],"post-thumbnail":["https:\/\/www.leonardo-da-vinci-gymnasium.de\/wp-content\/uploads\/2022\/06\/Titelbild-750x450.jpg",750,450,true],"gambit-header-image":["https:\/\/www.leonardo-da-vinci-gymnasium.de\/wp-content\/uploads\/2022\/06\/Titelbild-836x420.jpg",836,420,true],"gambit-thumbnail-archive":["https:\/\/www.leonardo-da-vinci-gymnasium.de\/wp-content\/uploads\/2022\/06\/Titelbild-300x240.jpg",300,240,true],"gambit-thumbnail-small":["https:\/\/www.leonardo-da-vinci-gymnasium.de\/wp-content\/uploads\/2022\/06\/Titelbild-100x75.jpg",100,75,true],"gambit-thumbnail-medium":["https:\/\/www.leonardo-da-vinci-gymnasium.de\/wp-content\/uploads\/2022\/06\/Titelbild-300x200.jpg",300,200,true],"gambit-thumbnail-large":["https:\/\/www.leonardo-da-vinci-gymnasium.de\/wp-content\/uploads\/2022\/06\/Titelbild-420x280.jpg",420,280,true],"tzwb-thumbnail":["https:\/\/www.leonardo-da-vinci-gymnasium.de\/wp-content\/uploads\/2022\/06\/Titelbild-80x64.jpg",80,64,true]},"uagb_author_info":{"display_name":"cbechinie","author_link":"https:\/\/www.leonardo-da-vinci-gymnasium.de\/?author=1"},"uagb_comment_info":0,"uagb_excerpt":"Bei Sonnenschein und Applaus fand am 18. Mai 2022 die Preisverleihung des \u00a0diesj\u00e4hrigen Kunstwettbewerbs zum Thema \u201eIch bin wie ich bin\u201c statt.","_links":{"self":[{"href":"https:\/\/www.leonardo-da-vinci-gymnasium.de\/index.php?rest_route=\/wp\/v2\/posts\/6488","targetHints":{"allow":["GET"]}}],"collection":[{"href":"https:\/\/www.leonardo-da-vinci-gymnasium.de\/index.php?rest_route=\/wp\/v2\/posts"}],"about":[{"href":"https:\/\/www.leonardo-da-vinci-gymnasium.de\/index.php?rest_route=\/wp\/v2\/types\/post"}],"author":[{"embeddable":true,"href":"https:\/\/www.leonardo-da-vinci-gymnasium.de\/index.php?rest_route=\/wp\/v2\/users\/1"}],"replies":[{"embeddable":true,"href":"https:\/\/www.leonardo-da-vinci-gymnasium.de\/index.php?rest_route=%2Fwp%2Fv2%2Fcomments&post=6488"}],"version-history":[{"count":7,"href":"https:\/\/www.leonardo-da-vinci-gymnasium.de\/index.php?rest_route=\/wp\/v2\/posts\/6488\/revisions"}],"predecessor-version":[{"id":8524,"href":"https:\/\/www.leonardo-da-vinci-gymnasium.de\/index.php?rest_route=\/wp\/v2\/posts\/6488\/revisions\/8524"}],"wp:featuredmedia":[{"embeddable":true,"href":"https:\/\/www.leonardo-da-vinci-gymnasium.de\/index.php?rest_route=\/wp\/v2\/media\/6495"}],"wp:attachment":[{"href":"https:\/\/www.leonardo-da-vinci-gymnasium.de\/index.php?rest_route=%2Fwp%2Fv2%2Fmedia&parent=6488"}],"wp:term":[{"taxonomy":"category","embeddable":true,"href":"https:\/\/www.leonardo-da-vinci-gymnasium.de\/index.php?rest_route=%2Fwp%2Fv2%2Fcategories&post=6488"},{"taxonomy":"post_tag","embeddable":true,"href":"https:\/\/www.leonardo-da-vinci-gymnasium.de\/index.php?rest_route=%2Fwp%2Fv2%2Ftags&post=6488"}],"curies":[{"name":"wp","href":"https:\/\/api.w.org\/{rel}","templated":true}]}}