{"id":6530,"date":"2022-06-23T13:15:24","date_gmt":"2022-06-23T11:15:24","guid":{"rendered":"https:\/\/www.leonardo-da-vinci-gymnasium.de\/?p=6530"},"modified":"2022-11-23T14:40:19","modified_gmt":"2022-11-23T13:40:19","slug":"20-jaehriges-abi-jubilaeum-schueler-von-gestern-treffen-schueler-von-heute","status":"publish","type":"post","link":"https:\/\/www.leonardo-da-vinci-gymnasium.de\/?p=6530","title":{"rendered":"20-j\u00e4hriges Abi-Jubil\u00e4um"},"content":{"rendered":"\n<figure class=\"wp-block-image size-large\"><img loading=\"lazy\" decoding=\"async\" width=\"1024\" height=\"423\" src=\"https:\/\/www.leonardo-da-vinci-gymnasium.de\/wp-content\/uploads\/2022\/06\/Gruppenfoto-1024x423.jpg\" alt=\"\" class=\"wp-image-6545\" srcset=\"https:\/\/www.leonardo-da-vinci-gymnasium.de\/wp-content\/uploads\/2022\/06\/Gruppenfoto-1024x423.jpg 1024w, https:\/\/www.leonardo-da-vinci-gymnasium.de\/wp-content\/uploads\/2022\/06\/Gruppenfoto-300x124.jpg 300w, https:\/\/www.leonardo-da-vinci-gymnasium.de\/wp-content\/uploads\/2022\/06\/Gruppenfoto-768x317.jpg 768w, https:\/\/www.leonardo-da-vinci-gymnasium.de\/wp-content\/uploads\/2022\/06\/Gruppenfoto-1536x635.jpg 1536w, https:\/\/www.leonardo-da-vinci-gymnasium.de\/wp-content\/uploads\/2022\/06\/Gruppenfoto.jpg 1984w\" sizes=\"auto, (max-width: 1024px) 100vw, 1024px\" \/><\/figure>\n\n\n\n<p>Als die ehemaligen Sch\u00fcler*innen des Abiturjahrgangs 2002 ihr 20-j\u00e4hriges Abi-Treffen planten, entstand die Idee, dass es doch spannend sein k\u00f6nnte, neben den ehemaligen Lehrer*innen auch die heutige Sch\u00fclergeneration unserer Schule (wieder) zu treffen.<\/p>\n\n\n\n<p>Gesagt, getan. Die ehemalige Sch\u00fclerin Hanna Fischer (heute Professorin f\u00fcr Sprachwissenschaften) kontaktierte die Schule und nach ein paar Mails, Telefonaten und einer Umfrage stand fest: 47 Ehemalige und 12 Lehrkr\u00e4fte wollten sich am Freitag, dem 20. Mai 2022, zusammenfinden. F\u00fcr ein entspanntes Ankommen vor der eigentlichen Veranstaltung in der Aula sorgte die Klasse 10\/2, gemeinsam mit Frau Wagner und Frau Trieloff-Wunderlich, indem sie leckeren Kuchen, Kaffee und Getr\u00e4nke bereitstellte (was am Ende sogar die erfreuliche Summe von 450 Euro f\u00fcr ihr Abschlussfest einbrachte). Auch der F\u00f6rderverein unserer Schule war pr\u00e4sent im Foyer. <\/p>\n\n\n\n<p>Bei der darauffolgenden Podiumsdiskussion, er\u00f6ffnet durch Frau Reiter-Ost, unserer neuen Schulleiterin, und einen musikalischen Beitrag zweier Sch\u00fcler aus der 9. und 10.Klasse, erz\u00e4hlten drei Ehemalige, ein Autor (wohnhaft in Singapur), eine Polizistin und ein Forensiker, sehr lebhaft \u00fcber ihren beruflichen Werdegang nach dem Abitur und beantworteten bereitwillig Fragen der Sch\u00fcler*innen. Ihre wichtigsten Botschaften: <\/p>\n\n\n\n<ol class=\"wp-block-list\"><li>Tu nicht das, was andere wollen, sondern finde Deinen eigenen Weg (und der ist selten geradlinig)! <\/li><li>Man lernt am meisten aus den Fehlern und Misserfolgen. <\/li><li>Gl\u00fccklich zu sein beruht nicht auf der H\u00f6he des Gehalts. <\/li><\/ol>\n\n\n\n<p>Anschlie\u00dfend gingen die Ehemaligen mit Sch\u00fcler*innen der Erg\u00e4nzungskurse Studium und Beruf \u201eon tour\u201c in ihrer \u201ealten\u201c Schule. Auf diesem Schulrundgang wurden nat\u00fcrlich viele nostalgische Erinnerungen an die eine oder andere Unterrichtsstunde und an beliebte oder weniger beliebte Lehrer*innen ausgetauscht, kleinen Anekdoten erz\u00e4hlt, Fotos gemacht\u2026, aber es entwickelten sich auch angeregte Gespr\u00e4che mit den Sch\u00fcler*innen von heute dar\u00fcber, wie man (s)einen Traumberuf findet. Das Spektrum der Berufe wies dabei eine erstaunliche Vielfalt auf \u2013 unter den Ehemaligen fanden sich u.a. neben klassischen Berufen wie Lehrer, Jurist, Architekt und \u00c4rztin auch ein Schauspieler, eine Kunsthistorikerin, ein Klimaforscher, eine Ergotherapeutin, eine Islamwissenschaftlerin, eine Molekularbiologin und ein Botschaftsmitarbeiter. <\/p>\n\n\n\n<p>Da die Zeit viel zu schnell verging, tauschten am Ende einige Sch\u00fcler*innen mit Ehemaligen ihre Kontaktdaten aus, um die Gespr\u00e4che fortzusetzten oder vielleicht interessante Einblicke in die Praxis zu gewinnen.<\/p>\n\n\n\n<p>Alles in allem eine sehr gelungene Veranstaltung &#8211; vielleicht die Geburtsstunde einer neuen schulischen Tradition am Leo?<\/p>\n\n\n\n<blockquote class=\"wp-block-quote is-layout-flow wp-block-quote-is-layout-flow\"><p>Petra K\u00fcllmey<\/p><\/blockquote>\n\n\n\nngg_shortcode_0_placeholder\n","protected":false},"excerpt":{"rendered":"<p>Als die ehemaligen Sch\u00fcler*innen des Abiturjahrgangs 2002 ihr 20-j\u00e4hriges Abitreffen planten, entstand die Idee, dass es doch spannend sein k\u00f6nnte, neben den ehemaligen Lehrer*innen auch die heutige Sch\u00fclergeneration unserer Schule (wieder) zu treffen. Gesagt, getan. <\/p>\n","protected":false},"author":1,"featured_media":6551,"comment_status":"closed","ping_status":"closed","sticky":false,"template":"","format":"standard","meta":{"_uag_custom_page_level_css":"","ngg_post_thumbnail":0,"footnotes":""},"categories":[25],"tags":[],"class_list":["post-6530","post","type-post","status-publish","format-standard","has-post-thumbnail","hentry","category-schulleben"],"featured_image_urls_v2":{"full":["https:\/\/www.leonardo-da-vinci-gymnasium.de\/wp-content\/uploads\/2022\/06\/Willkommensplakat-Beitragsbild.jpg",1000,599,false],"thumbnail":["https:\/\/www.leonardo-da-vinci-gymnasium.de\/wp-content\/uploads\/2022\/06\/Willkommensplakat-Beitragsbild-150x150.jpg",150,150,true],"medium":["https:\/\/www.leonardo-da-vinci-gymnasium.de\/wp-content\/uploads\/2022\/06\/Willkommensplakat-Beitragsbild-300x180.jpg",300,180,true],"medium_large":["https:\/\/www.leonardo-da-vinci-gymnasium.de\/wp-content\/uploads\/2022\/06\/Willkommensplakat-Beitragsbild-768x460.jpg",750,449,true],"large":["https:\/\/www.leonardo-da-vinci-gymnasium.de\/wp-content\/uploads\/2022\/06\/Willkommensplakat-Beitragsbild.jpg",750,449,false],"1536x1536":["https:\/\/www.leonardo-da-vinci-gymnasium.de\/wp-content\/uploads\/2022\/06\/Willkommensplakat-Beitragsbild.jpg",1000,599,false],"2048x2048":["https:\/\/www.leonardo-da-vinci-gymnasium.de\/wp-content\/uploads\/2022\/06\/Willkommensplakat-Beitragsbild.jpg",1000,599,false],"post-thumbnail":["https:\/\/www.leonardo-da-vinci-gymnasium.de\/wp-content\/uploads\/2022\/06\/Willkommensplakat-Beitragsbild-750x450.jpg",750,450,true],"gambit-header-image":["https:\/\/www.leonardo-da-vinci-gymnasium.de\/wp-content\/uploads\/2022\/06\/Willkommensplakat-Beitragsbild-1000x420.jpg",1000,420,true],"gambit-thumbnail-archive":["https:\/\/www.leonardo-da-vinci-gymnasium.de\/wp-content\/uploads\/2022\/06\/Willkommensplakat-Beitragsbild-300x240.jpg",300,240,true],"gambit-thumbnail-small":["https:\/\/www.leonardo-da-vinci-gymnasium.de\/wp-content\/uploads\/2022\/06\/Willkommensplakat-Beitragsbild-100x75.jpg",100,75,true],"gambit-thumbnail-medium":["https:\/\/www.leonardo-da-vinci-gymnasium.de\/wp-content\/uploads\/2022\/06\/Willkommensplakat-Beitragsbild-300x200.jpg",300,200,true],"gambit-thumbnail-large":["https:\/\/www.leonardo-da-vinci-gymnasium.de\/wp-content\/uploads\/2022\/06\/Willkommensplakat-Beitragsbild-420x280.jpg",420,280,true],"tzwb-thumbnail":["https:\/\/www.leonardo-da-vinci-gymnasium.de\/wp-content\/uploads\/2022\/06\/Willkommensplakat-Beitragsbild-80x64.jpg",80,64,true]},"post_excerpt_stackable_v2":"<p>Als die ehemaligen Sch\u00fcler*innen des Abiturjahrgangs 2002 ihr 20-j\u00e4hriges Abitreffen planten, entstand die Idee, dass es doch spannend sein k\u00f6nnte, neben den ehemaligen Lehrer*innen auch die heutige Sch\u00fclergeneration unserer Schule (wieder) zu treffen. Gesagt, getan. <\/p>\n","category_list_v2":"<a href=\"https:\/\/www.leonardo-da-vinci-gymnasium.de\/?cat=25\" rel=\"category\">Schulleben<\/a>","author_info_v2":{"name":"cbechinie","url":"https:\/\/www.leonardo-da-vinci-gymnasium.de\/?author=1"},"comments_num_v2":"0 comments","uagb_featured_image_src":{"full":["https:\/\/www.leonardo-da-vinci-gymnasium.de\/wp-content\/uploads\/2022\/06\/Willkommensplakat-Beitragsbild.jpg",1000,599,false],"thumbnail":["https:\/\/www.leonardo-da-vinci-gymnasium.de\/wp-content\/uploads\/2022\/06\/Willkommensplakat-Beitragsbild-150x150.jpg",150,150,true],"medium":["https:\/\/www.leonardo-da-vinci-gymnasium.de\/wp-content\/uploads\/2022\/06\/Willkommensplakat-Beitragsbild-300x180.jpg",300,180,true],"medium_large":["https:\/\/www.leonardo-da-vinci-gymnasium.de\/wp-content\/uploads\/2022\/06\/Willkommensplakat-Beitragsbild-768x460.jpg",750,449,true],"large":["https:\/\/www.leonardo-da-vinci-gymnasium.de\/wp-content\/uploads\/2022\/06\/Willkommensplakat-Beitragsbild.jpg",750,449,false],"1536x1536":["https:\/\/www.leonardo-da-vinci-gymnasium.de\/wp-content\/uploads\/2022\/06\/Willkommensplakat-Beitragsbild.jpg",1000,599,false],"2048x2048":["https:\/\/www.leonardo-da-vinci-gymnasium.de\/wp-content\/uploads\/2022\/06\/Willkommensplakat-Beitragsbild.jpg",1000,599,false],"post-thumbnail":["https:\/\/www.leonardo-da-vinci-gymnasium.de\/wp-content\/uploads\/2022\/06\/Willkommensplakat-Beitragsbild-750x450.jpg",750,450,true],"gambit-header-image":["https:\/\/www.leonardo-da-vinci-gymnasium.de\/wp-content\/uploads\/2022\/06\/Willkommensplakat-Beitragsbild-1000x420.jpg",1000,420,true],"gambit-thumbnail-archive":["https:\/\/www.leonardo-da-vinci-gymnasium.de\/wp-content\/uploads\/2022\/06\/Willkommensplakat-Beitragsbild-300x240.jpg",300,240,true],"gambit-thumbnail-small":["https:\/\/www.leonardo-da-vinci-gymnasium.de\/wp-content\/uploads\/2022\/06\/Willkommensplakat-Beitragsbild-100x75.jpg",100,75,true],"gambit-thumbnail-medium":["https:\/\/www.leonardo-da-vinci-gymnasium.de\/wp-content\/uploads\/2022\/06\/Willkommensplakat-Beitragsbild-300x200.jpg",300,200,true],"gambit-thumbnail-large":["https:\/\/www.leonardo-da-vinci-gymnasium.de\/wp-content\/uploads\/2022\/06\/Willkommensplakat-Beitragsbild-420x280.jpg",420,280,true],"tzwb-thumbnail":["https:\/\/www.leonardo-da-vinci-gymnasium.de\/wp-content\/uploads\/2022\/06\/Willkommensplakat-Beitragsbild-80x64.jpg",80,64,true]},"uagb_author_info":{"display_name":"cbechinie","author_link":"https:\/\/www.leonardo-da-vinci-gymnasium.de\/?author=1"},"uagb_comment_info":0,"uagb_excerpt":"Als die ehemaligen Sch\u00fcler*innen des Abiturjahrgangs 2002 ihr 20-j\u00e4hriges Abitreffen planten, entstand die Idee, dass es doch spannend sein k\u00f6nnte, neben den ehemaligen Lehrer*innen auch die heutige Sch\u00fclergeneration unserer Schule (wieder) zu treffen. Gesagt, getan.","_links":{"self":[{"href":"https:\/\/www.leonardo-da-vinci-gymnasium.de\/index.php?rest_route=\/wp\/v2\/posts\/6530","targetHints":{"allow":["GET"]}}],"collection":[{"href":"https:\/\/www.leonardo-da-vinci-gymnasium.de\/index.php?rest_route=\/wp\/v2\/posts"}],"about":[{"href":"https:\/\/www.leonardo-da-vinci-gymnasium.de\/index.php?rest_route=\/wp\/v2\/types\/post"}],"author":[{"embeddable":true,"href":"https:\/\/www.leonardo-da-vinci-gymnasium.de\/index.php?rest_route=\/wp\/v2\/users\/1"}],"replies":[{"embeddable":true,"href":"https:\/\/www.leonardo-da-vinci-gymnasium.de\/index.php?rest_route=%2Fwp%2Fv2%2Fcomments&post=6530"}],"version-history":[{"count":5,"href":"https:\/\/www.leonardo-da-vinci-gymnasium.de\/index.php?rest_route=\/wp\/v2\/posts\/6530\/revisions"}],"predecessor-version":[{"id":6556,"href":"https:\/\/www.leonardo-da-vinci-gymnasium.de\/index.php?rest_route=\/wp\/v2\/posts\/6530\/revisions\/6556"}],"wp:featuredmedia":[{"embeddable":true,"href":"https:\/\/www.leonardo-da-vinci-gymnasium.de\/index.php?rest_route=\/wp\/v2\/media\/6551"}],"wp:attachment":[{"href":"https:\/\/www.leonardo-da-vinci-gymnasium.de\/index.php?rest_route=%2Fwp%2Fv2%2Fmedia&parent=6530"}],"wp:term":[{"taxonomy":"category","embeddable":true,"href":"https:\/\/www.leonardo-da-vinci-gymnasium.de\/index.php?rest_route=%2Fwp%2Fv2%2Fcategories&post=6530"},{"taxonomy":"post_tag","embeddable":true,"href":"https:\/\/www.leonardo-da-vinci-gymnasium.de\/index.php?rest_route=%2Fwp%2Fv2%2Ftags&post=6530"}],"curies":[{"name":"wp","href":"https:\/\/api.w.org\/{rel}","templated":true}]}}