{"id":7083,"date":"2022-11-11T13:47:24","date_gmt":"2022-11-11T12:47:24","guid":{"rendered":"https:\/\/www.leonardo-da-vinci-gymnasium.de\/?p=7083"},"modified":"2023-02-22T13:56:08","modified_gmt":"2023-02-22T12:56:08","slug":"documenta-15-in-kassel-wir-waren-da","status":"publish","type":"post","link":"https:\/\/www.leonardo-da-vinci-gymnasium.de\/?p=7083","title":{"rendered":"DOCUMENTA 15 in Kassel \u2013 Wir waren da!"},"content":{"rendered":"\n<p>Die Leistungskurse KUNST aus Q1 von Herrn Cigale und Frau M\u00fchlbach sowie der Kurs Q3 von Frau Jan\u00dfen sind im September 2022 f\u00fcr drei Tage zur bedeutendsten internationalen Kunstausstellung, der Documenta 15, nach Kassel gefahren!<\/p>\n\n\n\n<p><em><strong>Stimmen von Sch\u00fclerInnen zur Kursfahrt nach Kassel &#8211; documenta 15:<\/strong><\/em><\/p>\n\n\n<div class=\"wp-block-image\">\n<figure class=\"alignright size-full is-resized\"><img loading=\"lazy\" decoding=\"async\" src=\"https:\/\/www.leonardo-da-vinci-gymnasium.de\/wp-content\/uploads\/2022\/11\/vor-dem-Museumsgebaeude-Fridericianum.jpg\" alt=\"\" class=\"wp-image-7084\" width=\"242\" height=\"240\" srcset=\"https:\/\/www.leonardo-da-vinci-gymnasium.de\/wp-content\/uploads\/2022\/11\/vor-dem-Museumsgebaeude-Fridericianum.jpg 426w, https:\/\/www.leonardo-da-vinci-gymnasium.de\/wp-content\/uploads\/2022\/11\/vor-dem-Museumsgebaeude-Fridericianum-300x297.jpg 300w, https:\/\/www.leonardo-da-vinci-gymnasium.de\/wp-content\/uploads\/2022\/11\/vor-dem-Museumsgebaeude-Fridericianum-150x150.jpg 150w\" sizes=\"auto, (max-width: 242px) 100vw, 242px\" \/><figcaption class=\"wp-element-caption\">Vor dem Museumsgeb\u00e4ude Fridericianum<\/figcaption><\/figure>\n<\/div>\n\n\n<p>Die Documenta findet alle 5 Jahre statt, geht 100 Tage lang und wird daher auch \u201eMuseum der 100 Tage\u201c genannt. Ziel der Exkursion nach Kassel war es, der aktuellen Kunst auf den Zahn zu f\u00fchlen. Zu sehen bekamen wir au\u00dfergew\u00f6hnliche, gro\u00dfartige und interessante Kunstwerke von vielen verschiedenen K\u00fcnstler*innen.<\/p>\n\n\n\n<p>Ein Motto der Documenta 15 nannte sich Lumbung. Dies ist ein indonesischer Begriff f\u00fcr eine gemeinschaftlich genutzte Reisscheune und meint im k\u00fcnstlerischen Sinne, dass Kunst auf der Documenta 15 im Kollektiv entsteht und zum Mitmachen einl\u00e4dt. Daher konnten wir als BesucherInnen an zahlreichen Stellen selber zum Stift greifen, stanzen, drucken oder einfach auf einer k\u00fcnstlerisch gestalteten Skaterbahn auf\u00b4s Skateboard steigen.<\/p>\n\n\n\n<p>Um uns mit den nicht immer leicht zug\u00e4nglichen Kunstwerken zu befassen, bekamen wir ein paar Aufgaben unserer Lehrer*innen an die Hand, mit denen wir uns einem selbst ausgew\u00e4hlten Kunstwerk n\u00e4herten. Resultate dieser Art von Ann\u00e4herung waren z.B. Formulierungen von Vorurteilen, wie: \u201eKunst soll provozieren\u201c, \u201eKunst kennt keinen Rassismus\u201c oder \u201eKunst muss nicht sch\u00f6n sein\u201c und anschlie\u00dfend im Gespr\u00e4ch \u00fcberpr\u00fcft.<\/p>\n\n\n\n<p>Ich habe aus der Kursfahrt vieles mitnehmen k\u00f6nnen und auch gelernt, dass Kunst nicht nur Zeichnungen, gemalte Bilder oder Gem\u00e4lde sein k\u00f6nnen, sondern Kunst ist vielf\u00e4ltig und das Ergebnis eines kreativen Prozesses.<\/p>\n\n\n\n<p>Ich bedanke mich f\u00fcr die tolle Kursfahrt und finde, die Fahrt hat neben den k\u00fcnstlerischen Aspekten, auch eine positive Sch\u00fcler-Sch\u00fcler und Lehrer-Sch\u00fcler-Beziehung aufgebaut!<\/p>\n\n\n\n<blockquote class=\"wp-block-quote is-layout-flow wp-block-quote-is-layout-flow\">\n<p>Fatlind Morina, Q1<\/p>\n<\/blockquote>\n\n\n\n<p>Ich pers\u00f6nlich habe viel von der Fahrt nach Kassel gelernt. Kunst ist nicht nur das fertige Endprodukt, sondern vielmehr der Weg dorthin. Mit all dem Schwei\u00df und der ganzen Arbeit.<\/p>\n\n\n\n<p>Viele K\u00fcnstler arbeiten sehr hart f\u00fcr das, was am Ende herauskommt. Sie arbeiten N\u00e4chte durch oder haben viele andere Sorgen im Kopf und arbeiten trotzdem hart an ihren Zielen. <\/p>\n\n\n\n<blockquote class=\"wp-block-quote is-layout-flow wp-block-quote-is-layout-flow\">\n<p>Tatjana Klaus, Q1<\/p>\n<\/blockquote>\n\n\n\n<hr class=\"wp-block-separator has-alpha-channel-opacity is-style-wide\"\/>\n\n\n\n<figure class=\"wp-block-image size-full\"><img loading=\"lazy\" decoding=\"async\" width=\"1000\" height=\"750\" src=\"https:\/\/www.leonardo-da-vinci-gymnasium.de\/wp-content\/uploads\/2022\/11\/Solo-Return-to-Sender.jpg\" alt=\"\" class=\"wp-image-7086\" srcset=\"https:\/\/www.leonardo-da-vinci-gymnasium.de\/wp-content\/uploads\/2022\/11\/Solo-Return-to-Sender.jpg 1000w, https:\/\/www.leonardo-da-vinci-gymnasium.de\/wp-content\/uploads\/2022\/11\/Solo-Return-to-Sender-300x225.jpg 300w, https:\/\/www.leonardo-da-vinci-gymnasium.de\/wp-content\/uploads\/2022\/11\/Solo-Return-to-Sender-768x576.jpg 768w, https:\/\/www.leonardo-da-vinci-gymnasium.de\/wp-content\/uploads\/2022\/11\/Solo-Return-to-Sender-100x75.jpg 100w\" sizes=\"auto, (max-width: 1000px) 100vw, 1000px\" \/><figcaption class=\"wp-element-caption\">Im Auepark an der Installation: \u201eReturn to Sender\u201c, das den Kontext des M\u00fcllbergs untersucht, der nur 100 Tage lang im \u00f6ffentlichen Raum Kassels zu sehen ist, aber in Kenia und vielen anderen afrikanischen L\u00e4ndern eine nicht enden wollende Realit\u00e4t darstellt.<\/figcaption><\/figure>\n\n\n\n<hr class=\"wp-block-separator has-alpha-channel-opacity is-style-wide\"\/>\n\n\n\nngg_shortcode_0_placeholder\n","protected":false},"excerpt":{"rendered":"<p>Die Leistungskurse KUNST aus Q1  sowie der Kurs Q3 sind zur bedeutendsten internationalen Kunstausstellung, der Documenta 15, nach Kassel gefahren!<\/p>\n","protected":false},"author":1,"featured_media":7087,"comment_status":"closed","ping_status":"closed","sticky":false,"template":"","format":"standard","meta":{"_uag_custom_page_level_css":"","ngg_post_thumbnail":0,"footnotes":""},"categories":[135],"tags":[149],"class_list":["post-7083","post","type-post","status-publish","format-standard","has-post-thumbnail","hentry","category-kunst-beitraege","tag-reisen"],"featured_image_urls_v2":{"full":["https:\/\/www.leonardo-da-vinci-gymnasium.de\/wp-content\/uploads\/2022\/11\/Auf-der-Skaterbahn.jpg",1000,750,false],"thumbnail":["https:\/\/www.leonardo-da-vinci-gymnasium.de\/wp-content\/uploads\/2022\/11\/Auf-der-Skaterbahn-150x150.jpg",150,150,true],"medium":["https:\/\/www.leonardo-da-vinci-gymnasium.de\/wp-content\/uploads\/2022\/11\/Auf-der-Skaterbahn-300x225.jpg",300,225,true],"medium_large":["https:\/\/www.leonardo-da-vinci-gymnasium.de\/wp-content\/uploads\/2022\/11\/Auf-der-Skaterbahn-768x576.jpg",750,563,true],"large":["https:\/\/www.leonardo-da-vinci-gymnasium.de\/wp-content\/uploads\/2022\/11\/Auf-der-Skaterbahn.jpg",750,563,false],"1536x1536":["https:\/\/www.leonardo-da-vinci-gymnasium.de\/wp-content\/uploads\/2022\/11\/Auf-der-Skaterbahn.jpg",1000,750,false],"2048x2048":["https:\/\/www.leonardo-da-vinci-gymnasium.de\/wp-content\/uploads\/2022\/11\/Auf-der-Skaterbahn.jpg",1000,750,false],"post-thumbnail":["https:\/\/www.leonardo-da-vinci-gymnasium.de\/wp-content\/uploads\/2022\/11\/Auf-der-Skaterbahn-750x450.jpg",750,450,true],"gambit-header-image":["https:\/\/www.leonardo-da-vinci-gymnasium.de\/wp-content\/uploads\/2022\/11\/Auf-der-Skaterbahn-1000x420.jpg",1000,420,true],"gambit-thumbnail-archive":["https:\/\/www.leonardo-da-vinci-gymnasium.de\/wp-content\/uploads\/2022\/11\/Auf-der-Skaterbahn-300x240.jpg",300,240,true],"gambit-thumbnail-small":["https:\/\/www.leonardo-da-vinci-gymnasium.de\/wp-content\/uploads\/2022\/11\/Auf-der-Skaterbahn-100x75.jpg",100,75,true],"gambit-thumbnail-medium":["https:\/\/www.leonardo-da-vinci-gymnasium.de\/wp-content\/uploads\/2022\/11\/Auf-der-Skaterbahn-300x200.jpg",300,200,true],"gambit-thumbnail-large":["https:\/\/www.leonardo-da-vinci-gymnasium.de\/wp-content\/uploads\/2022\/11\/Auf-der-Skaterbahn-420x280.jpg",420,280,true],"tzwb-thumbnail":["https:\/\/www.leonardo-da-vinci-gymnasium.de\/wp-content\/uploads\/2022\/11\/Auf-der-Skaterbahn-80x64.jpg",80,64,true]},"post_excerpt_stackable_v2":"<p>Die Leistungskurse KUNST aus Q1  sowie der Kurs Q3 sind zur bedeutendsten internationalen Kunstausstellung, der Documenta 15, nach Kassel gefahren!<\/p>\n","category_list_v2":"<a href=\"https:\/\/www.leonardo-da-vinci-gymnasium.de\/?cat=135\" rel=\"category\">Kunst - Beitr\u00e4ge<\/a>","author_info_v2":{"name":"cbechinie","url":"https:\/\/www.leonardo-da-vinci-gymnasium.de\/?author=1"},"comments_num_v2":"0 comments","uagb_featured_image_src":{"full":["https:\/\/www.leonardo-da-vinci-gymnasium.de\/wp-content\/uploads\/2022\/11\/Auf-der-Skaterbahn.jpg",1000,750,false],"thumbnail":["https:\/\/www.leonardo-da-vinci-gymnasium.de\/wp-content\/uploads\/2022\/11\/Auf-der-Skaterbahn-150x150.jpg",150,150,true],"medium":["https:\/\/www.leonardo-da-vinci-gymnasium.de\/wp-content\/uploads\/2022\/11\/Auf-der-Skaterbahn-300x225.jpg",300,225,true],"medium_large":["https:\/\/www.leonardo-da-vinci-gymnasium.de\/wp-content\/uploads\/2022\/11\/Auf-der-Skaterbahn-768x576.jpg",750,563,true],"large":["https:\/\/www.leonardo-da-vinci-gymnasium.de\/wp-content\/uploads\/2022\/11\/Auf-der-Skaterbahn.jpg",750,563,false],"1536x1536":["https:\/\/www.leonardo-da-vinci-gymnasium.de\/wp-content\/uploads\/2022\/11\/Auf-der-Skaterbahn.jpg",1000,750,false],"2048x2048":["https:\/\/www.leonardo-da-vinci-gymnasium.de\/wp-content\/uploads\/2022\/11\/Auf-der-Skaterbahn.jpg",1000,750,false],"post-thumbnail":["https:\/\/www.leonardo-da-vinci-gymnasium.de\/wp-content\/uploads\/2022\/11\/Auf-der-Skaterbahn-750x450.jpg",750,450,true],"gambit-header-image":["https:\/\/www.leonardo-da-vinci-gymnasium.de\/wp-content\/uploads\/2022\/11\/Auf-der-Skaterbahn-1000x420.jpg",1000,420,true],"gambit-thumbnail-archive":["https:\/\/www.leonardo-da-vinci-gymnasium.de\/wp-content\/uploads\/2022\/11\/Auf-der-Skaterbahn-300x240.jpg",300,240,true],"gambit-thumbnail-small":["https:\/\/www.leonardo-da-vinci-gymnasium.de\/wp-content\/uploads\/2022\/11\/Auf-der-Skaterbahn-100x75.jpg",100,75,true],"gambit-thumbnail-medium":["https:\/\/www.leonardo-da-vinci-gymnasium.de\/wp-content\/uploads\/2022\/11\/Auf-der-Skaterbahn-300x200.jpg",300,200,true],"gambit-thumbnail-large":["https:\/\/www.leonardo-da-vinci-gymnasium.de\/wp-content\/uploads\/2022\/11\/Auf-der-Skaterbahn-420x280.jpg",420,280,true],"tzwb-thumbnail":["https:\/\/www.leonardo-da-vinci-gymnasium.de\/wp-content\/uploads\/2022\/11\/Auf-der-Skaterbahn-80x64.jpg",80,64,true]},"uagb_author_info":{"display_name":"cbechinie","author_link":"https:\/\/www.leonardo-da-vinci-gymnasium.de\/?author=1"},"uagb_comment_info":0,"uagb_excerpt":"Die Leistungskurse KUNST aus Q1 sowie der Kurs Q3 sind zur bedeutendsten internationalen Kunstausstellung, der Documenta 15, nach Kassel gefahren!","_links":{"self":[{"href":"https:\/\/www.leonardo-da-vinci-gymnasium.de\/index.php?rest_route=\/wp\/v2\/posts\/7083","targetHints":{"allow":["GET"]}}],"collection":[{"href":"https:\/\/www.leonardo-da-vinci-gymnasium.de\/index.php?rest_route=\/wp\/v2\/posts"}],"about":[{"href":"https:\/\/www.leonardo-da-vinci-gymnasium.de\/index.php?rest_route=\/wp\/v2\/types\/post"}],"author":[{"embeddable":true,"href":"https:\/\/www.leonardo-da-vinci-gymnasium.de\/index.php?rest_route=\/wp\/v2\/users\/1"}],"replies":[{"embeddable":true,"href":"https:\/\/www.leonardo-da-vinci-gymnasium.de\/index.php?rest_route=%2Fwp%2Fv2%2Fcomments&post=7083"}],"version-history":[{"count":4,"href":"https:\/\/www.leonardo-da-vinci-gymnasium.de\/index.php?rest_route=\/wp\/v2\/posts\/7083\/revisions"}],"predecessor-version":[{"id":7363,"href":"https:\/\/www.leonardo-da-vinci-gymnasium.de\/index.php?rest_route=\/wp\/v2\/posts\/7083\/revisions\/7363"}],"wp:featuredmedia":[{"embeddable":true,"href":"https:\/\/www.leonardo-da-vinci-gymnasium.de\/index.php?rest_route=\/wp\/v2\/media\/7087"}],"wp:attachment":[{"href":"https:\/\/www.leonardo-da-vinci-gymnasium.de\/index.php?rest_route=%2Fwp%2Fv2%2Fmedia&parent=7083"}],"wp:term":[{"taxonomy":"category","embeddable":true,"href":"https:\/\/www.leonardo-da-vinci-gymnasium.de\/index.php?rest_route=%2Fwp%2Fv2%2Fcategories&post=7083"},{"taxonomy":"post_tag","embeddable":true,"href":"https:\/\/www.leonardo-da-vinci-gymnasium.de\/index.php?rest_route=%2Fwp%2Fv2%2Ftags&post=7083"}],"curies":[{"name":"wp","href":"https:\/\/api.w.org\/{rel}","templated":true}]}}