{"id":7331,"date":"2022-12-20T12:06:34","date_gmt":"2022-12-20T11:06:34","guid":{"rendered":"https:\/\/www.leonardo-da-vinci-gymnasium.de\/?p=7331"},"modified":"2023-03-17T18:22:46","modified_gmt":"2023-03-17T17:22:46","slug":"auf-ins-museum","status":"publish","type":"post","link":"https:\/\/www.leonardo-da-vinci-gymnasium.de\/?p=7331","title":{"rendered":"Auf ins Museum"},"content":{"rendered":"\n<p>Zum allj\u00e4hrlichen Museumstag des Leonardo-da-Vinci-Gymnasiums am 01. Dezember 2022 machten sich unsere 7. und 8. Klassen auf in die Museen und Ausstellungen Berlins.<\/p>\n\n\n\n<p>Bei einem Workshop im <strong>Museum f\u00fcr Fotografie<\/strong> erfuhren die Sch\u00fclerinnen und Sch\u00fcler die Entwicklung der Fotografie und gingen dabei den Fragen nach: Welche Art von Bildern sind einem aus den sozialen Medien vertraut und welche Merkmale weisen die Selbstbildnisse in der Ausstellung auf? Anschlie\u00dfend erprobten sie ganz praktisch den Unterschied zwischen einem Selfie und einem Selbstportrait.<\/p>\n\n\n\nngg_shortcode_0_placeholder\n\n\n\n<hr class=\"wp-block-separator has-alpha-channel-opacity is-style-wide\"\/>\n\n\n<div class=\"wp-block-image\">\n<figure class=\"alignright size-full is-resized\"><img loading=\"lazy\" decoding=\"async\" src=\"https:\/\/www.leonardo-da-vinci-gymnasium.de\/wp-content\/uploads\/2022\/12\/Pergamon.jpg\" alt=\"\" class=\"wp-image-7333\" width=\"440\" height=\"215\" srcset=\"https:\/\/www.leonardo-da-vinci-gymnasium.de\/wp-content\/uploads\/2022\/12\/Pergamon.jpg 454w, https:\/\/www.leonardo-da-vinci-gymnasium.de\/wp-content\/uploads\/2022\/12\/Pergamon-300x147.jpg 300w\" sizes=\"auto, (max-width: 440px) 100vw, 440px\" \/><figcaption class=\"wp-element-caption\">Bildquelle: \u00a9 asisi \/ Tom Schulze<\/figcaption><\/figure>\n<\/div>\n\n\n<p>Im <strong>Pergamonmuseum<\/strong> ging es hingegen um die Entdeckung der Antike. Ein riesiges Panorama von der Stadt Pergamon des K\u00fcnstlers Yadegar Asisis f\u00fchrte dabei die Sch\u00fclerinnen und Sch\u00fcler zur\u00fcck in das Jahr 129 n.Ch. Ebenso konnte Kunst aus der griechischen und r\u00f6mischen Antike bewundert werden.<br><\/p>\n\n\n\n<p class=\"has-white-color has-text-color\">.<br>.<\/p>\n\n\n\n<hr class=\"wp-block-separator has-alpha-channel-opacity is-style-wide\"\/>\n\n\n<div class=\"wp-block-image\">\n<figure class=\"alignleft size-gambit-thumbnail-large\"><img loading=\"lazy\" decoding=\"async\" width=\"420\" height=\"280\" src=\"https:\/\/www.leonardo-da-vinci-gymnasium.de\/wp-content\/uploads\/2023\/01\/Futurium-420x280.jpg\" alt=\"Futurium\" class=\"wp-image-7463\" srcset=\"https:\/\/www.leonardo-da-vinci-gymnasium.de\/wp-content\/uploads\/2023\/01\/Futurium-420x280.jpg 420w, https:\/\/www.leonardo-da-vinci-gymnasium.de\/wp-content\/uploads\/2023\/01\/Futurium-300x200.jpg 300w\" sizes=\"auto, (max-width: 420px) 100vw, 420px\" \/><\/figure>\n<\/div>\n\n\n<p>Im <strong>Futurium<\/strong> &#8211; Haus der Zukunft &#8211; drehte sich alles um die Frage: \u201eWie wollen wir leben?\u201c. Eine fertige L\u00f6sung gab es nicht. So wurden die Sch\u00fclerinnen und Sch\u00fcler zum Nachdenken und Erforschen angeregt, setzten sich mit lebendigen Szenarien auseinander oder probierten, ob in der Versuchsk\u00fcche Insekten, die Ern\u00e4hrung von morgen sind.<\/p>\n\n\n\n<blockquote class=\"wp-block-quote is-layout-flow wp-block-quote-is-layout-flow\">\n<p>Mlb<\/p>\n<\/blockquote>\n","protected":false},"excerpt":{"rendered":"<p>Zum allj\u00e4hrlichen Museumstag des Leonardo-da-Vinci-Gymnasiums am 01. Dezember machten sich unsere 7. und 8. Klassen auf in die Museen und Ausstellungen Berlins.<\/p>\n","protected":false},"author":1,"featured_media":7332,"comment_status":"closed","ping_status":"closed","sticky":false,"template":"","format":"standard","meta":{"_uag_custom_page_level_css":"","ngg_post_thumbnail":0,"footnotes":""},"categories":[25],"tags":[],"class_list":["post-7331","post","type-post","status-publish","format-standard","has-post-thumbnail","hentry","category-schulleben"],"featured_image_urls_v2":{"full":["https:\/\/www.leonardo-da-vinci-gymnasium.de\/wp-content\/uploads\/2022\/12\/Museum-fuer-Fotografie-1.png",774,581,false],"thumbnail":["https:\/\/www.leonardo-da-vinci-gymnasium.de\/wp-content\/uploads\/2022\/12\/Museum-fuer-Fotografie-1-150x150.png",150,150,true],"medium":["https:\/\/www.leonardo-da-vinci-gymnasium.de\/wp-content\/uploads\/2022\/12\/Museum-fuer-Fotografie-1-300x225.png",300,225,true],"medium_large":["https:\/\/www.leonardo-da-vinci-gymnasium.de\/wp-content\/uploads\/2022\/12\/Museum-fuer-Fotografie-1-768x576.png",750,563,true],"large":["https:\/\/www.leonardo-da-vinci-gymnasium.de\/wp-content\/uploads\/2022\/12\/Museum-fuer-Fotografie-1.png",750,563,false],"1536x1536":["https:\/\/www.leonardo-da-vinci-gymnasium.de\/wp-content\/uploads\/2022\/12\/Museum-fuer-Fotografie-1.png",774,581,false],"2048x2048":["https:\/\/www.leonardo-da-vinci-gymnasium.de\/wp-content\/uploads\/2022\/12\/Museum-fuer-Fotografie-1.png",774,581,false],"post-thumbnail":["https:\/\/www.leonardo-da-vinci-gymnasium.de\/wp-content\/uploads\/2022\/12\/Museum-fuer-Fotografie-1-750x450.png",750,450,true],"gambit-header-image":["https:\/\/www.leonardo-da-vinci-gymnasium.de\/wp-content\/uploads\/2022\/12\/Museum-fuer-Fotografie-1-774x420.png",774,420,true],"gambit-thumbnail-archive":["https:\/\/www.leonardo-da-vinci-gymnasium.de\/wp-content\/uploads\/2022\/12\/Museum-fuer-Fotografie-1-300x240.png",300,240,true],"gambit-thumbnail-small":["https:\/\/www.leonardo-da-vinci-gymnasium.de\/wp-content\/uploads\/2022\/12\/Museum-fuer-Fotografie-1-100x75.png",100,75,true],"gambit-thumbnail-medium":["https:\/\/www.leonardo-da-vinci-gymnasium.de\/wp-content\/uploads\/2022\/12\/Museum-fuer-Fotografie-1-300x200.png",300,200,true],"gambit-thumbnail-large":["https:\/\/www.leonardo-da-vinci-gymnasium.de\/wp-content\/uploads\/2022\/12\/Museum-fuer-Fotografie-1-420x280.png",420,280,true],"tzwb-thumbnail":["https:\/\/www.leonardo-da-vinci-gymnasium.de\/wp-content\/uploads\/2022\/12\/Museum-fuer-Fotografie-1-80x64.png",80,64,true]},"post_excerpt_stackable_v2":"<p>Zum allj\u00e4hrlichen Museumstag des Leonardo-da-Vinci-Gymnasiums am 01. Dezember machten sich unsere 7. und 8. Klassen auf in die Museen und Ausstellungen Berlins.<\/p>\n","category_list_v2":"<a href=\"https:\/\/www.leonardo-da-vinci-gymnasium.de\/?cat=25\" rel=\"category\">Schulleben<\/a>","author_info_v2":{"name":"cbechinie","url":"https:\/\/www.leonardo-da-vinci-gymnasium.de\/?author=1"},"comments_num_v2":"0 comments","uagb_featured_image_src":{"full":["https:\/\/www.leonardo-da-vinci-gymnasium.de\/wp-content\/uploads\/2022\/12\/Museum-fuer-Fotografie-1.png",774,581,false],"thumbnail":["https:\/\/www.leonardo-da-vinci-gymnasium.de\/wp-content\/uploads\/2022\/12\/Museum-fuer-Fotografie-1-150x150.png",150,150,true],"medium":["https:\/\/www.leonardo-da-vinci-gymnasium.de\/wp-content\/uploads\/2022\/12\/Museum-fuer-Fotografie-1-300x225.png",300,225,true],"medium_large":["https:\/\/www.leonardo-da-vinci-gymnasium.de\/wp-content\/uploads\/2022\/12\/Museum-fuer-Fotografie-1-768x576.png",750,563,true],"large":["https:\/\/www.leonardo-da-vinci-gymnasium.de\/wp-content\/uploads\/2022\/12\/Museum-fuer-Fotografie-1.png",750,563,false],"1536x1536":["https:\/\/www.leonardo-da-vinci-gymnasium.de\/wp-content\/uploads\/2022\/12\/Museum-fuer-Fotografie-1.png",774,581,false],"2048x2048":["https:\/\/www.leonardo-da-vinci-gymnasium.de\/wp-content\/uploads\/2022\/12\/Museum-fuer-Fotografie-1.png",774,581,false],"post-thumbnail":["https:\/\/www.leonardo-da-vinci-gymnasium.de\/wp-content\/uploads\/2022\/12\/Museum-fuer-Fotografie-1-750x450.png",750,450,true],"gambit-header-image":["https:\/\/www.leonardo-da-vinci-gymnasium.de\/wp-content\/uploads\/2022\/12\/Museum-fuer-Fotografie-1-774x420.png",774,420,true],"gambit-thumbnail-archive":["https:\/\/www.leonardo-da-vinci-gymnasium.de\/wp-content\/uploads\/2022\/12\/Museum-fuer-Fotografie-1-300x240.png",300,240,true],"gambit-thumbnail-small":["https:\/\/www.leonardo-da-vinci-gymnasium.de\/wp-content\/uploads\/2022\/12\/Museum-fuer-Fotografie-1-100x75.png",100,75,true],"gambit-thumbnail-medium":["https:\/\/www.leonardo-da-vinci-gymnasium.de\/wp-content\/uploads\/2022\/12\/Museum-fuer-Fotografie-1-300x200.png",300,200,true],"gambit-thumbnail-large":["https:\/\/www.leonardo-da-vinci-gymnasium.de\/wp-content\/uploads\/2022\/12\/Museum-fuer-Fotografie-1-420x280.png",420,280,true],"tzwb-thumbnail":["https:\/\/www.leonardo-da-vinci-gymnasium.de\/wp-content\/uploads\/2022\/12\/Museum-fuer-Fotografie-1-80x64.png",80,64,true]},"uagb_author_info":{"display_name":"cbechinie","author_link":"https:\/\/www.leonardo-da-vinci-gymnasium.de\/?author=1"},"uagb_comment_info":0,"uagb_excerpt":"Zum allj\u00e4hrlichen Museumstag des Leonardo-da-Vinci-Gymnasiums am 01. Dezember machten sich unsere 7. und 8. Klassen auf in die Museen und Ausstellungen Berlins.","_links":{"self":[{"href":"https:\/\/www.leonardo-da-vinci-gymnasium.de\/index.php?rest_route=\/wp\/v2\/posts\/7331","targetHints":{"allow":["GET"]}}],"collection":[{"href":"https:\/\/www.leonardo-da-vinci-gymnasium.de\/index.php?rest_route=\/wp\/v2\/posts"}],"about":[{"href":"https:\/\/www.leonardo-da-vinci-gymnasium.de\/index.php?rest_route=\/wp\/v2\/types\/post"}],"author":[{"embeddable":true,"href":"https:\/\/www.leonardo-da-vinci-gymnasium.de\/index.php?rest_route=\/wp\/v2\/users\/1"}],"replies":[{"embeddable":true,"href":"https:\/\/www.leonardo-da-vinci-gymnasium.de\/index.php?rest_route=%2Fwp%2Fv2%2Fcomments&post=7331"}],"version-history":[{"count":12,"href":"https:\/\/www.leonardo-da-vinci-gymnasium.de\/index.php?rest_route=\/wp\/v2\/posts\/7331\/revisions"}],"predecessor-version":[{"id":7467,"href":"https:\/\/www.leonardo-da-vinci-gymnasium.de\/index.php?rest_route=\/wp\/v2\/posts\/7331\/revisions\/7467"}],"wp:featuredmedia":[{"embeddable":true,"href":"https:\/\/www.leonardo-da-vinci-gymnasium.de\/index.php?rest_route=\/wp\/v2\/media\/7332"}],"wp:attachment":[{"href":"https:\/\/www.leonardo-da-vinci-gymnasium.de\/index.php?rest_route=%2Fwp%2Fv2%2Fmedia&parent=7331"}],"wp:term":[{"taxonomy":"category","embeddable":true,"href":"https:\/\/www.leonardo-da-vinci-gymnasium.de\/index.php?rest_route=%2Fwp%2Fv2%2Fcategories&post=7331"},{"taxonomy":"post_tag","embeddable":true,"href":"https:\/\/www.leonardo-da-vinci-gymnasium.de\/index.php?rest_route=%2Fwp%2Fv2%2Ftags&post=7331"}],"curies":[{"name":"wp","href":"https:\/\/api.w.org\/{rel}","templated":true}]}}