{"id":7581,"date":"2023-03-09T12:57:12","date_gmt":"2023-03-09T11:57:12","guid":{"rendered":"https:\/\/www.leonardo-da-vinci-gymnasium.de\/?p=7581"},"modified":"2024-03-21T18:44:33","modified_gmt":"2024-03-21T17:44:33","slug":"singen-am-wandlitzsee","status":"publish","type":"post","link":"https:\/\/www.leonardo-da-vinci-gymnasium.de\/?p=7581","title":{"rendered":"Singen am Wandlitzsee (2023)"},"content":{"rendered":"<div class=\"wp-block-image\">\n<figure class=\"alignright size-full is-resized\"><a href=\"https:\/\/www.leonardo-da-vinci-gymnasium.de\/wp-content\/uploads\/2023\/03\/Gruppenfoto-Singen-am-Wandlitzsee.jpg\" target=\"_blank\" rel=\"noreferrer noopener\"><img loading=\"lazy\" decoding=\"async\" src=\"https:\/\/www.leonardo-da-vinci-gymnasium.de\/wp-content\/uploads\/2023\/03\/Gruppenfoto-Singen-am-Wandlitzsee.jpg\" alt=\"Gruppenfoto - Singen am Wandlitzsee\" class=\"wp-image-7575\" width=\"387\" height=\"290\" srcset=\"https:\/\/www.leonardo-da-vinci-gymnasium.de\/wp-content\/uploads\/2023\/03\/Gruppenfoto-Singen-am-Wandlitzsee.jpg 1024w, https:\/\/www.leonardo-da-vinci-gymnasium.de\/wp-content\/uploads\/2023\/03\/Gruppenfoto-Singen-am-Wandlitzsee-300x225.jpg 300w, https:\/\/www.leonardo-da-vinci-gymnasium.de\/wp-content\/uploads\/2023\/03\/Gruppenfoto-Singen-am-Wandlitzsee-768x576.jpg 768w, https:\/\/www.leonardo-da-vinci-gymnasium.de\/wp-content\/uploads\/2023\/03\/Gruppenfoto-Singen-am-Wandlitzsee-100x75.jpg 100w\" sizes=\"auto, (max-width: 387px) 100vw, 387px\" \/><\/a><\/figure>\n<\/div>\n\n\n<p>Unsere CHORFAHRT vom 1. bis 3. M\u00e4rz 2023 hat uns die M\u00f6glichkeit gegeben, intensiv an unseren Liedern und dem Repertoire zu proben: dabei zeigt sich, dass musikalisches Arbeiten wirklich anstrengend sein kann \u2026 dennoch blieb offenbar noch Kraft f\u00fcr einen Karaoke-Abend!<\/p>\n\n\n\n<p>Durch die Spontaneit\u00e4t von Frau Jan\u00dfen hatten wir eine kompetente Begleitung, und die Stimmung war rundum harmonisch. Danke daf\u00fcr an den Chor und Frau Jan\u00dfen!<\/p>\n\n\n\n<blockquote class=\"wp-block-quote is-layout-flow wp-block-quote-is-layout-flow\">\n<p>Ru<\/p>\n<\/blockquote>\n","protected":false},"excerpt":{"rendered":"<p>Unsere Chorfahrt vom 1. bis 3. M\u00e4rz 2023 hat uns die M\u00f6glichkeit gegeben, intensiv an unseren Liedern und dem Repertoire zu proben.<\/p>\n","protected":false},"author":1,"featured_media":7575,"comment_status":"closed","ping_status":"closed","sticky":false,"template":"","format":"standard","meta":{"_uag_custom_page_level_css":"","ngg_post_thumbnail":0,"footnotes":""},"categories":[25,183],"tags":[],"class_list":["post-7581","post","type-post","status-publish","format-standard","has-post-thumbnail","hentry","category-schulleben","category-chor"],"featured_image_urls_v2":{"full":["https:\/\/www.leonardo-da-vinci-gymnasium.de\/wp-content\/uploads\/2023\/03\/Gruppenfoto-Singen-am-Wandlitzsee.jpg",1024,768,false],"thumbnail":["https:\/\/www.leonardo-da-vinci-gymnasium.de\/wp-content\/uploads\/2023\/03\/Gruppenfoto-Singen-am-Wandlitzsee-150x150.jpg",150,150,true],"medium":["https:\/\/www.leonardo-da-vinci-gymnasium.de\/wp-content\/uploads\/2023\/03\/Gruppenfoto-Singen-am-Wandlitzsee-300x225.jpg",300,225,true],"medium_large":["https:\/\/www.leonardo-da-vinci-gymnasium.de\/wp-content\/uploads\/2023\/03\/Gruppenfoto-Singen-am-Wandlitzsee-768x576.jpg",750,563,true],"large":["https:\/\/www.leonardo-da-vinci-gymnasium.de\/wp-content\/uploads\/2023\/03\/Gruppenfoto-Singen-am-Wandlitzsee.jpg",750,563,false],"1536x1536":["https:\/\/www.leonardo-da-vinci-gymnasium.de\/wp-content\/uploads\/2023\/03\/Gruppenfoto-Singen-am-Wandlitzsee.jpg",1024,768,false],"2048x2048":["https:\/\/www.leonardo-da-vinci-gymnasium.de\/wp-content\/uploads\/2023\/03\/Gruppenfoto-Singen-am-Wandlitzsee.jpg",1024,768,false],"post-thumbnail":["https:\/\/www.leonardo-da-vinci-gymnasium.de\/wp-content\/uploads\/2023\/03\/Gruppenfoto-Singen-am-Wandlitzsee-750x450.jpg",750,450,true],"gambit-header-image":["https:\/\/www.leonardo-da-vinci-gymnasium.de\/wp-content\/uploads\/2023\/03\/Gruppenfoto-Singen-am-Wandlitzsee-1024x420.jpg",1024,420,true],"gambit-thumbnail-archive":["https:\/\/www.leonardo-da-vinci-gymnasium.de\/wp-content\/uploads\/2023\/03\/Gruppenfoto-Singen-am-Wandlitzsee-300x240.jpg",300,240,true],"gambit-thumbnail-small":["https:\/\/www.leonardo-da-vinci-gymnasium.de\/wp-content\/uploads\/2023\/03\/Gruppenfoto-Singen-am-Wandlitzsee-100x75.jpg",100,75,true],"gambit-thumbnail-medium":["https:\/\/www.leonardo-da-vinci-gymnasium.de\/wp-content\/uploads\/2023\/03\/Gruppenfoto-Singen-am-Wandlitzsee-300x200.jpg",300,200,true],"gambit-thumbnail-large":["https:\/\/www.leonardo-da-vinci-gymnasium.de\/wp-content\/uploads\/2023\/03\/Gruppenfoto-Singen-am-Wandlitzsee-420x280.jpg",420,280,true],"tzwb-thumbnail":["https:\/\/www.leonardo-da-vinci-gymnasium.de\/wp-content\/uploads\/2023\/03\/Gruppenfoto-Singen-am-Wandlitzsee-80x64.jpg",80,64,true]},"post_excerpt_stackable_v2":"<p>Unsere Chorfahrt vom 1. bis 3. M\u00e4rz 2023 hat uns die M\u00f6glichkeit gegeben, intensiv an unseren Liedern und dem Repertoire zu proben.<\/p>\n","category_list_v2":"<a href=\"https:\/\/www.leonardo-da-vinci-gymnasium.de\/?cat=25\" rel=\"category\">Schulleben<\/a>, <a href=\"https:\/\/www.leonardo-da-vinci-gymnasium.de\/?cat=183\" rel=\"category\">Chor<\/a>","author_info_v2":{"name":"cbechinie","url":"https:\/\/www.leonardo-da-vinci-gymnasium.de\/?author=1"},"comments_num_v2":"0 comments","uagb_featured_image_src":{"full":["https:\/\/www.leonardo-da-vinci-gymnasium.de\/wp-content\/uploads\/2023\/03\/Gruppenfoto-Singen-am-Wandlitzsee.jpg",1024,768,false],"thumbnail":["https:\/\/www.leonardo-da-vinci-gymnasium.de\/wp-content\/uploads\/2023\/03\/Gruppenfoto-Singen-am-Wandlitzsee-150x150.jpg",150,150,true],"medium":["https:\/\/www.leonardo-da-vinci-gymnasium.de\/wp-content\/uploads\/2023\/03\/Gruppenfoto-Singen-am-Wandlitzsee-300x225.jpg",300,225,true],"medium_large":["https:\/\/www.leonardo-da-vinci-gymnasium.de\/wp-content\/uploads\/2023\/03\/Gruppenfoto-Singen-am-Wandlitzsee-768x576.jpg",750,563,true],"large":["https:\/\/www.leonardo-da-vinci-gymnasium.de\/wp-content\/uploads\/2023\/03\/Gruppenfoto-Singen-am-Wandlitzsee.jpg",750,563,false],"1536x1536":["https:\/\/www.leonardo-da-vinci-gymnasium.de\/wp-content\/uploads\/2023\/03\/Gruppenfoto-Singen-am-Wandlitzsee.jpg",1024,768,false],"2048x2048":["https:\/\/www.leonardo-da-vinci-gymnasium.de\/wp-content\/uploads\/2023\/03\/Gruppenfoto-Singen-am-Wandlitzsee.jpg",1024,768,false],"post-thumbnail":["https:\/\/www.leonardo-da-vinci-gymnasium.de\/wp-content\/uploads\/2023\/03\/Gruppenfoto-Singen-am-Wandlitzsee-750x450.jpg",750,450,true],"gambit-header-image":["https:\/\/www.leonardo-da-vinci-gymnasium.de\/wp-content\/uploads\/2023\/03\/Gruppenfoto-Singen-am-Wandlitzsee-1024x420.jpg",1024,420,true],"gambit-thumbnail-archive":["https:\/\/www.leonardo-da-vinci-gymnasium.de\/wp-content\/uploads\/2023\/03\/Gruppenfoto-Singen-am-Wandlitzsee-300x240.jpg",300,240,true],"gambit-thumbnail-small":["https:\/\/www.leonardo-da-vinci-gymnasium.de\/wp-content\/uploads\/2023\/03\/Gruppenfoto-Singen-am-Wandlitzsee-100x75.jpg",100,75,true],"gambit-thumbnail-medium":["https:\/\/www.leonardo-da-vinci-gymnasium.de\/wp-content\/uploads\/2023\/03\/Gruppenfoto-Singen-am-Wandlitzsee-300x200.jpg",300,200,true],"gambit-thumbnail-large":["https:\/\/www.leonardo-da-vinci-gymnasium.de\/wp-content\/uploads\/2023\/03\/Gruppenfoto-Singen-am-Wandlitzsee-420x280.jpg",420,280,true],"tzwb-thumbnail":["https:\/\/www.leonardo-da-vinci-gymnasium.de\/wp-content\/uploads\/2023\/03\/Gruppenfoto-Singen-am-Wandlitzsee-80x64.jpg",80,64,true]},"uagb_author_info":{"display_name":"cbechinie","author_link":"https:\/\/www.leonardo-da-vinci-gymnasium.de\/?author=1"},"uagb_comment_info":0,"uagb_excerpt":"Unsere Chorfahrt vom 1. bis 3. M\u00e4rz 2023 hat uns die M\u00f6glichkeit gegeben, intensiv an unseren Liedern und dem Repertoire zu proben.","_links":{"self":[{"href":"https:\/\/www.leonardo-da-vinci-gymnasium.de\/index.php?rest_route=\/wp\/v2\/posts\/7581","targetHints":{"allow":["GET"]}}],"collection":[{"href":"https:\/\/www.leonardo-da-vinci-gymnasium.de\/index.php?rest_route=\/wp\/v2\/posts"}],"about":[{"href":"https:\/\/www.leonardo-da-vinci-gymnasium.de\/index.php?rest_route=\/wp\/v2\/types\/post"}],"author":[{"embeddable":true,"href":"https:\/\/www.leonardo-da-vinci-gymnasium.de\/index.php?rest_route=\/wp\/v2\/users\/1"}],"replies":[{"embeddable":true,"href":"https:\/\/www.leonardo-da-vinci-gymnasium.de\/index.php?rest_route=%2Fwp%2Fv2%2Fcomments&post=7581"}],"version-history":[{"count":6,"href":"https:\/\/www.leonardo-da-vinci-gymnasium.de\/index.php?rest_route=\/wp\/v2\/posts\/7581\/revisions"}],"predecessor-version":[{"id":8534,"href":"https:\/\/www.leonardo-da-vinci-gymnasium.de\/index.php?rest_route=\/wp\/v2\/posts\/7581\/revisions\/8534"}],"wp:featuredmedia":[{"embeddable":true,"href":"https:\/\/www.leonardo-da-vinci-gymnasium.de\/index.php?rest_route=\/wp\/v2\/media\/7575"}],"wp:attachment":[{"href":"https:\/\/www.leonardo-da-vinci-gymnasium.de\/index.php?rest_route=%2Fwp%2Fv2%2Fmedia&parent=7581"}],"wp:term":[{"taxonomy":"category","embeddable":true,"href":"https:\/\/www.leonardo-da-vinci-gymnasium.de\/index.php?rest_route=%2Fwp%2Fv2%2Fcategories&post=7581"},{"taxonomy":"post_tag","embeddable":true,"href":"https:\/\/www.leonardo-da-vinci-gymnasium.de\/index.php?rest_route=%2Fwp%2Fv2%2Ftags&post=7581"}],"curies":[{"name":"wp","href":"https:\/\/api.w.org\/{rel}","templated":true}]}}