{"id":7776,"date":"2023-07-09T13:09:31","date_gmt":"2023-07-09T11:09:31","guid":{"rendered":"https:\/\/www.leonardo-da-vinci-gymnasium.de\/?p=7776"},"modified":"2024-03-20T13:35:27","modified_gmt":"2024-03-20T12:35:27","slug":"schulfest-viele-sprachen-unter-einem-dach","status":"publish","type":"post","link":"https:\/\/www.leonardo-da-vinci-gymnasium.de\/?p=7776","title":{"rendered":"Schulfest \u201eViele Sprachen unter einem Dach\u201c"},"content":{"rendered":"\n<p>Unter dem Motto \u201eViele Sprachen unter einem Dach\u201c fand am 27. Juni 2023 unser diesj\u00e4hriges Schulfest statt. W\u00e4hrend sich die Klassenstufen 7 und 8 u.a. in verschiedenen Staffelspielen, einer Sprachenrallye sowie einem Mini-Fu\u00dfballturnier miteinander gemessen haben, pr\u00e4sentierten die Sch\u00fcler:innen der 9. und 10. Klassen ihre Klassenr\u00e4ume mal ganz anders und luden die Schulgemeinschaft ein, die Besonderheiten verschiedenster L\u00e4nder kennenzulernen. Bei all diesen Aktivit\u00e4ten sammelten die Teilnehmer:innen kr\u00e4ftig Punkte, um am Ende als eventueller Tagessieger einen tollen Klassenpreis zu erhalten.<\/p>\n\n\n\n<figure class=\"wp-block-embed is-type-video is-provider-youtube wp-block-embed-youtube wp-embed-aspect-16-9 wp-has-aspect-ratio\"><div class=\"wp-block-embed__wrapper\">\n<iframe loading=\"lazy\" title=\"Schulfest Leonardo da Vinci Gymnasium 2023\" width=\"750\" height=\"422\" src=\"https:\/\/www.youtube.com\/embed\/e2oNlEIwOyM?feature=oembed\" frameborder=\"0\" allow=\"accelerometer; autoplay; clipboard-write; encrypted-media; gyroscope; picture-in-picture; web-share\" allowfullscreen><\/iframe>\n<\/div><\/figure>\n\n\n\n<p>Neben vielen kreativen und kulinarischen Angeboten der Fachbereiche, die von der Oberstufe Unterst\u00fctzung erhielten, gab es auch die M\u00f6glichkeit an Workshops, wie bspw. Parcours und Comiczeichnen teilzunehmen.<\/p>\n\n\n\n<p>Das musikalische Rahmenprogramm begeisterte dabei mit zwei Keyboardgruppen, Gesang und Trommeleinlagen.<\/p>\n\n\n\n<p>Den kr\u00f6nenden Abschluss des Schulfestes stellte ein 20-min\u00fctiger Lauf um das Schulgel\u00e4nde dar, bei dem auch 5.-Kl\u00e4ssler:innen aus der Grundschule am Sandsteinweg mit vollem Elan teilnahmen und schonmal gymnasiale Luft schnuppern durften.<\/p>\n\n\n\n<p>Der Dank gilt allen, die zum Gelingen des sch\u00f6nen Tages beigetragen haben.<\/p>\n\n\n\n<blockquote class=\"wp-block-quote is-layout-flow wp-block-quote-is-layout-flow\">\n<p>Mlb, Wo<\/p>\n<\/blockquote>\n\n\n\n<hr class=\"wp-block-separator has-alpha-channel-opacity is-style-wide\"\/>\n\n\n\nngg_shortcode_0_placeholder\n","protected":false},"excerpt":{"rendered":"<p>Unter dem Motto \u201eViele Sprachen unter einem Dach\u201c fand am 27. Juni 2023 unser diesj\u00e4hriges Schulfest statt.<\/p>\n","protected":false},"author":1,"featured_media":7790,"comment_status":"closed","ping_status":"closed","sticky":false,"template":"","format":"standard","meta":{"_uag_custom_page_level_css":"","ngg_post_thumbnail":0,"footnotes":""},"categories":[25],"tags":[],"class_list":["post-7776","post","type-post","status-publish","format-standard","has-post-thumbnail","hentry","category-schulleben"],"featured_image_urls_v2":{"full":["https:\/\/www.leonardo-da-vinci-gymnasium.de\/wp-content\/uploads\/2023\/07\/Beitragsbild-1.jpg",1060,795,false],"thumbnail":["https:\/\/www.leonardo-da-vinci-gymnasium.de\/wp-content\/uploads\/2023\/07\/Beitragsbild-1-150x150.jpg",150,150,true],"medium":["https:\/\/www.leonardo-da-vinci-gymnasium.de\/wp-content\/uploads\/2023\/07\/Beitragsbild-1-300x225.jpg",300,225,true],"medium_large":["https:\/\/www.leonardo-da-vinci-gymnasium.de\/wp-content\/uploads\/2023\/07\/Beitragsbild-1-768x576.jpg",750,563,true],"large":["https:\/\/www.leonardo-da-vinci-gymnasium.de\/wp-content\/uploads\/2023\/07\/Beitragsbild-1-1024x768.jpg",750,563,true],"1536x1536":["https:\/\/www.leonardo-da-vinci-gymnasium.de\/wp-content\/uploads\/2023\/07\/Beitragsbild-1.jpg",1060,795,false],"2048x2048":["https:\/\/www.leonardo-da-vinci-gymnasium.de\/wp-content\/uploads\/2023\/07\/Beitragsbild-1.jpg",1060,795,false],"post-thumbnail":["https:\/\/www.leonardo-da-vinci-gymnasium.de\/wp-content\/uploads\/2023\/07\/Beitragsbild-1-750x450.jpg",750,450,true],"gambit-header-image":["https:\/\/www.leonardo-da-vinci-gymnasium.de\/wp-content\/uploads\/2023\/07\/Beitragsbild-1-1060x420.jpg",1060,420,true],"gambit-thumbnail-archive":["https:\/\/www.leonardo-da-vinci-gymnasium.de\/wp-content\/uploads\/2023\/07\/Beitragsbild-1-300x240.jpg",300,240,true],"gambit-thumbnail-small":["https:\/\/www.leonardo-da-vinci-gymnasium.de\/wp-content\/uploads\/2023\/07\/Beitragsbild-1-100x75.jpg",100,75,true],"gambit-thumbnail-medium":["https:\/\/www.leonardo-da-vinci-gymnasium.de\/wp-content\/uploads\/2023\/07\/Beitragsbild-1-300x200.jpg",300,200,true],"gambit-thumbnail-large":["https:\/\/www.leonardo-da-vinci-gymnasium.de\/wp-content\/uploads\/2023\/07\/Beitragsbild-1-420x280.jpg",420,280,true],"tzwb-thumbnail":["https:\/\/www.leonardo-da-vinci-gymnasium.de\/wp-content\/uploads\/2023\/07\/Beitragsbild-1-80x64.jpg",80,64,true]},"post_excerpt_stackable_v2":"<p>Unter dem Motto \u201eViele Sprachen unter einem Dach\u201c fand am 27. Juni 2023 unser diesj\u00e4hriges Schulfest statt.<\/p>\n","category_list_v2":"<a href=\"https:\/\/www.leonardo-da-vinci-gymnasium.de\/?cat=25\" rel=\"category\">Schulleben<\/a>","author_info_v2":{"name":"cbechinie","url":"https:\/\/www.leonardo-da-vinci-gymnasium.de\/?author=1"},"comments_num_v2":"0 comments","uagb_featured_image_src":{"full":["https:\/\/www.leonardo-da-vinci-gymnasium.de\/wp-content\/uploads\/2023\/07\/Beitragsbild-1.jpg",1060,795,false],"thumbnail":["https:\/\/www.leonardo-da-vinci-gymnasium.de\/wp-content\/uploads\/2023\/07\/Beitragsbild-1-150x150.jpg",150,150,true],"medium":["https:\/\/www.leonardo-da-vinci-gymnasium.de\/wp-content\/uploads\/2023\/07\/Beitragsbild-1-300x225.jpg",300,225,true],"medium_large":["https:\/\/www.leonardo-da-vinci-gymnasium.de\/wp-content\/uploads\/2023\/07\/Beitragsbild-1-768x576.jpg",750,563,true],"large":["https:\/\/www.leonardo-da-vinci-gymnasium.de\/wp-content\/uploads\/2023\/07\/Beitragsbild-1-1024x768.jpg",750,563,true],"1536x1536":["https:\/\/www.leonardo-da-vinci-gymnasium.de\/wp-content\/uploads\/2023\/07\/Beitragsbild-1.jpg",1060,795,false],"2048x2048":["https:\/\/www.leonardo-da-vinci-gymnasium.de\/wp-content\/uploads\/2023\/07\/Beitragsbild-1.jpg",1060,795,false],"post-thumbnail":["https:\/\/www.leonardo-da-vinci-gymnasium.de\/wp-content\/uploads\/2023\/07\/Beitragsbild-1-750x450.jpg",750,450,true],"gambit-header-image":["https:\/\/www.leonardo-da-vinci-gymnasium.de\/wp-content\/uploads\/2023\/07\/Beitragsbild-1-1060x420.jpg",1060,420,true],"gambit-thumbnail-archive":["https:\/\/www.leonardo-da-vinci-gymnasium.de\/wp-content\/uploads\/2023\/07\/Beitragsbild-1-300x240.jpg",300,240,true],"gambit-thumbnail-small":["https:\/\/www.leonardo-da-vinci-gymnasium.de\/wp-content\/uploads\/2023\/07\/Beitragsbild-1-100x75.jpg",100,75,true],"gambit-thumbnail-medium":["https:\/\/www.leonardo-da-vinci-gymnasium.de\/wp-content\/uploads\/2023\/07\/Beitragsbild-1-300x200.jpg",300,200,true],"gambit-thumbnail-large":["https:\/\/www.leonardo-da-vinci-gymnasium.de\/wp-content\/uploads\/2023\/07\/Beitragsbild-1-420x280.jpg",420,280,true],"tzwb-thumbnail":["https:\/\/www.leonardo-da-vinci-gymnasium.de\/wp-content\/uploads\/2023\/07\/Beitragsbild-1-80x64.jpg",80,64,true]},"uagb_author_info":{"display_name":"cbechinie","author_link":"https:\/\/www.leonardo-da-vinci-gymnasium.de\/?author=1"},"uagb_comment_info":0,"uagb_excerpt":"Unter dem Motto \u201eViele Sprachen unter einem Dach\u201c fand am 27. Juni 2023 unser diesj\u00e4hriges Schulfest statt.","_links":{"self":[{"href":"https:\/\/www.leonardo-da-vinci-gymnasium.de\/index.php?rest_route=\/wp\/v2\/posts\/7776","targetHints":{"allow":["GET"]}}],"collection":[{"href":"https:\/\/www.leonardo-da-vinci-gymnasium.de\/index.php?rest_route=\/wp\/v2\/posts"}],"about":[{"href":"https:\/\/www.leonardo-da-vinci-gymnasium.de\/index.php?rest_route=\/wp\/v2\/types\/post"}],"author":[{"embeddable":true,"href":"https:\/\/www.leonardo-da-vinci-gymnasium.de\/index.php?rest_route=\/wp\/v2\/users\/1"}],"replies":[{"embeddable":true,"href":"https:\/\/www.leonardo-da-vinci-gymnasium.de\/index.php?rest_route=%2Fwp%2Fv2%2Fcomments&post=7776"}],"version-history":[{"count":4,"href":"https:\/\/www.leonardo-da-vinci-gymnasium.de\/index.php?rest_route=\/wp\/v2\/posts\/7776\/revisions"}],"predecessor-version":[{"id":7831,"href":"https:\/\/www.leonardo-da-vinci-gymnasium.de\/index.php?rest_route=\/wp\/v2\/posts\/7776\/revisions\/7831"}],"wp:featuredmedia":[{"embeddable":true,"href":"https:\/\/www.leonardo-da-vinci-gymnasium.de\/index.php?rest_route=\/wp\/v2\/media\/7790"}],"wp:attachment":[{"href":"https:\/\/www.leonardo-da-vinci-gymnasium.de\/index.php?rest_route=%2Fwp%2Fv2%2Fmedia&parent=7776"}],"wp:term":[{"taxonomy":"category","embeddable":true,"href":"https:\/\/www.leonardo-da-vinci-gymnasium.de\/index.php?rest_route=%2Fwp%2Fv2%2Fcategories&post=7776"},{"taxonomy":"post_tag","embeddable":true,"href":"https:\/\/www.leonardo-da-vinci-gymnasium.de\/index.php?rest_route=%2Fwp%2Fv2%2Ftags&post=7776"}],"curies":[{"name":"wp","href":"https:\/\/api.w.org\/{rel}","templated":true}]}}