{"id":8128,"date":"2023-10-13T12:49:06","date_gmt":"2023-10-13T10:49:06","guid":{"rendered":"https:\/\/www.leonardo-da-vinci-gymnasium.de\/?p=8128"},"modified":"2024-03-20T13:38:26","modified_gmt":"2024-03-20T12:38:26","slug":"40-jahre-leonardo-da-vinci-gymnasium","status":"publish","type":"post","link":"https:\/\/www.leonardo-da-vinci-gymnasium.de\/?p=8128","title":{"rendered":"40 Jahre Leonardo-da-Vinci-Gymnasium"},"content":{"rendered":"\n<p>Am 22. September 2023 wurde zum Festakt und Schulfest geladen. Denn seit bereits 40 Jahren gibt es nun das Leonardo-da-Vinci-Gymnasium. W\u00e4hrend des Festaktes wurde in abwechslungsreichen Beitr\u00e4gen auf die Geschichte der Schule zur\u00fcckgeblickt und zus\u00e4tzlich durch musikalische Beitr\u00e4ge von Sch\u00fcler*innen und Kolleg*innen aufgelockert.<\/p>\n\n\n\n<p>Zudem stellte Bezirksstadtr\u00e4tin Frau Korte in Aussicht, dass der Umzug in die Christoph-Ruden-Str. zum n\u00e4chsten Schuljahr passieren soll. Wir sind gespannt.<\/p>\n\n\n\n<p>Passend zu dieser Nachricht wurde unser neues Schullogo enth\u00fcllt, welches von einem ehemaligen Sch\u00fcler, Christopher Ahl, im Leistungskurs Kunst entstanden ist. Dieses, etwas plakativer \u00fcberarbeitet, dient nun als neues Zeichen unserer Schule.<\/p>\n\n\n\n<blockquote class=\"wp-block-quote is-layout-flow wp-block-quote-is-layout-flow\">\n<p>Mlb<\/p>\n<\/blockquote>\n\n\n\n<hr class=\"wp-block-separator has-alpha-channel-opacity is-style-wide\"\/>\n\n\n\nngg_shortcode_0_placeholder\n","protected":false},"excerpt":{"rendered":"<p>Am 22. September wurde zum Festakt und Schulfest geladen. W\u00e4hrend der Feier wurde in abwechslungsreichen Beitr\u00e4gen auf die Geschichte der Schule zur\u00fcckgeblickt.<\/p>\n","protected":false},"author":1,"featured_media":8191,"comment_status":"closed","ping_status":"closed","sticky":false,"template":"","format":"standard","meta":{"_uag_custom_page_level_css":"","ngg_post_thumbnail":0,"footnotes":""},"categories":[25],"tags":[],"class_list":["post-8128","post","type-post","status-publish","format-standard","has-post-thumbnail","hentry","category-schulleben"],"featured_image_urls_v2":{"full":["https:\/\/www.leonardo-da-vinci-gymnasium.de\/wp-content\/uploads\/2023\/10\/Beitragsbild-2.jpg",1000,667,false],"thumbnail":["https:\/\/www.leonardo-da-vinci-gymnasium.de\/wp-content\/uploads\/2023\/10\/Beitragsbild-2-150x150.jpg",150,150,true],"medium":["https:\/\/www.leonardo-da-vinci-gymnasium.de\/wp-content\/uploads\/2023\/10\/Beitragsbild-2-300x200.jpg",300,200,true],"medium_large":["https:\/\/www.leonardo-da-vinci-gymnasium.de\/wp-content\/uploads\/2023\/10\/Beitragsbild-2-768x512.jpg",750,500,true],"large":["https:\/\/www.leonardo-da-vinci-gymnasium.de\/wp-content\/uploads\/2023\/10\/Beitragsbild-2.jpg",750,500,false],"1536x1536":["https:\/\/www.leonardo-da-vinci-gymnasium.de\/wp-content\/uploads\/2023\/10\/Beitragsbild-2.jpg",1000,667,false],"2048x2048":["https:\/\/www.leonardo-da-vinci-gymnasium.de\/wp-content\/uploads\/2023\/10\/Beitragsbild-2.jpg",1000,667,false],"post-thumbnail":["https:\/\/www.leonardo-da-vinci-gymnasium.de\/wp-content\/uploads\/2023\/10\/Beitragsbild-2-750x450.jpg",750,450,true],"gambit-header-image":["https:\/\/www.leonardo-da-vinci-gymnasium.de\/wp-content\/uploads\/2023\/10\/Beitragsbild-2-1000x420.jpg",1000,420,true],"gambit-thumbnail-archive":["https:\/\/www.leonardo-da-vinci-gymnasium.de\/wp-content\/uploads\/2023\/10\/Beitragsbild-2-300x240.jpg",300,240,true],"gambit-thumbnail-small":["https:\/\/www.leonardo-da-vinci-gymnasium.de\/wp-content\/uploads\/2023\/10\/Beitragsbild-2-100x75.jpg",100,75,true],"gambit-thumbnail-medium":["https:\/\/www.leonardo-da-vinci-gymnasium.de\/wp-content\/uploads\/2023\/10\/Beitragsbild-2-300x200.jpg",300,200,true],"gambit-thumbnail-large":["https:\/\/www.leonardo-da-vinci-gymnasium.de\/wp-content\/uploads\/2023\/10\/Beitragsbild-2-420x280.jpg",420,280,true],"tzwb-thumbnail":["https:\/\/www.leonardo-da-vinci-gymnasium.de\/wp-content\/uploads\/2023\/10\/Beitragsbild-2-80x64.jpg",80,64,true]},"post_excerpt_stackable_v2":"<p>Am 22. September wurde zum Festakt und Schulfest geladen. W\u00e4hrend der Feier wurde in abwechslungsreichen Beitr\u00e4gen auf die Geschichte der Schule zur\u00fcckgeblickt.<\/p>\n","category_list_v2":"<a href=\"https:\/\/www.leonardo-da-vinci-gymnasium.de\/?cat=25\" rel=\"category\">Schulleben<\/a>","author_info_v2":{"name":"cbechinie","url":"https:\/\/www.leonardo-da-vinci-gymnasium.de\/?author=1"},"comments_num_v2":"0 comments","uagb_featured_image_src":{"full":["https:\/\/www.leonardo-da-vinci-gymnasium.de\/wp-content\/uploads\/2023\/10\/Beitragsbild-2.jpg",1000,667,false],"thumbnail":["https:\/\/www.leonardo-da-vinci-gymnasium.de\/wp-content\/uploads\/2023\/10\/Beitragsbild-2-150x150.jpg",150,150,true],"medium":["https:\/\/www.leonardo-da-vinci-gymnasium.de\/wp-content\/uploads\/2023\/10\/Beitragsbild-2-300x200.jpg",300,200,true],"medium_large":["https:\/\/www.leonardo-da-vinci-gymnasium.de\/wp-content\/uploads\/2023\/10\/Beitragsbild-2-768x512.jpg",750,500,true],"large":["https:\/\/www.leonardo-da-vinci-gymnasium.de\/wp-content\/uploads\/2023\/10\/Beitragsbild-2.jpg",750,500,false],"1536x1536":["https:\/\/www.leonardo-da-vinci-gymnasium.de\/wp-content\/uploads\/2023\/10\/Beitragsbild-2.jpg",1000,667,false],"2048x2048":["https:\/\/www.leonardo-da-vinci-gymnasium.de\/wp-content\/uploads\/2023\/10\/Beitragsbild-2.jpg",1000,667,false],"post-thumbnail":["https:\/\/www.leonardo-da-vinci-gymnasium.de\/wp-content\/uploads\/2023\/10\/Beitragsbild-2-750x450.jpg",750,450,true],"gambit-header-image":["https:\/\/www.leonardo-da-vinci-gymnasium.de\/wp-content\/uploads\/2023\/10\/Beitragsbild-2-1000x420.jpg",1000,420,true],"gambit-thumbnail-archive":["https:\/\/www.leonardo-da-vinci-gymnasium.de\/wp-content\/uploads\/2023\/10\/Beitragsbild-2-300x240.jpg",300,240,true],"gambit-thumbnail-small":["https:\/\/www.leonardo-da-vinci-gymnasium.de\/wp-content\/uploads\/2023\/10\/Beitragsbild-2-100x75.jpg",100,75,true],"gambit-thumbnail-medium":["https:\/\/www.leonardo-da-vinci-gymnasium.de\/wp-content\/uploads\/2023\/10\/Beitragsbild-2-300x200.jpg",300,200,true],"gambit-thumbnail-large":["https:\/\/www.leonardo-da-vinci-gymnasium.de\/wp-content\/uploads\/2023\/10\/Beitragsbild-2-420x280.jpg",420,280,true],"tzwb-thumbnail":["https:\/\/www.leonardo-da-vinci-gymnasium.de\/wp-content\/uploads\/2023\/10\/Beitragsbild-2-80x64.jpg",80,64,true]},"uagb_author_info":{"display_name":"cbechinie","author_link":"https:\/\/www.leonardo-da-vinci-gymnasium.de\/?author=1"},"uagb_comment_info":0,"uagb_excerpt":"Am 22. September wurde zum Festakt und Schulfest geladen. W\u00e4hrend der Feier wurde in abwechslungsreichen Beitr\u00e4gen auf die Geschichte der Schule zur\u00fcckgeblickt.","_links":{"self":[{"href":"https:\/\/www.leonardo-da-vinci-gymnasium.de\/index.php?rest_route=\/wp\/v2\/posts\/8128","targetHints":{"allow":["GET"]}}],"collection":[{"href":"https:\/\/www.leonardo-da-vinci-gymnasium.de\/index.php?rest_route=\/wp\/v2\/posts"}],"about":[{"href":"https:\/\/www.leonardo-da-vinci-gymnasium.de\/index.php?rest_route=\/wp\/v2\/types\/post"}],"author":[{"embeddable":true,"href":"https:\/\/www.leonardo-da-vinci-gymnasium.de\/index.php?rest_route=\/wp\/v2\/users\/1"}],"replies":[{"embeddable":true,"href":"https:\/\/www.leonardo-da-vinci-gymnasium.de\/index.php?rest_route=%2Fwp%2Fv2%2Fcomments&post=8128"}],"version-history":[{"count":6,"href":"https:\/\/www.leonardo-da-vinci-gymnasium.de\/index.php?rest_route=\/wp\/v2\/posts\/8128\/revisions"}],"predecessor-version":[{"id":8190,"href":"https:\/\/www.leonardo-da-vinci-gymnasium.de\/index.php?rest_route=\/wp\/v2\/posts\/8128\/revisions\/8190"}],"wp:featuredmedia":[{"embeddable":true,"href":"https:\/\/www.leonardo-da-vinci-gymnasium.de\/index.php?rest_route=\/wp\/v2\/media\/8191"}],"wp:attachment":[{"href":"https:\/\/www.leonardo-da-vinci-gymnasium.de\/index.php?rest_route=%2Fwp%2Fv2%2Fmedia&parent=8128"}],"wp:term":[{"taxonomy":"category","embeddable":true,"href":"https:\/\/www.leonardo-da-vinci-gymnasium.de\/index.php?rest_route=%2Fwp%2Fv2%2Fcategories&post=8128"},{"taxonomy":"post_tag","embeddable":true,"href":"https:\/\/www.leonardo-da-vinci-gymnasium.de\/index.php?rest_route=%2Fwp%2Fv2%2Ftags&post=8128"}],"curies":[{"name":"wp","href":"https:\/\/api.w.org\/{rel}","templated":true}]}}