{"id":8131,"date":"2023-10-13T13:29:39","date_gmt":"2023-10-13T11:29:39","guid":{"rendered":"https:\/\/www.leonardo-da-vinci-gymnasium.de\/?p=8131"},"modified":"2024-03-20T13:37:31","modified_gmt":"2024-03-20T12:37:31","slug":"ein-gelungenes-rap-schnupper-projekt","status":"publish","type":"post","link":"https:\/\/www.leonardo-da-vinci-gymnasium.de\/?p=8131","title":{"rendered":"Ein gelungenes Rap-Schnupper-Projekt"},"content":{"rendered":"\n<p>An diesem dreist\u00fcndigen Workshop am 26.Juni 2023 nahmen freiwillig 10 Sch\u00fcler*innen unseres Gymnasiums teil, um sich unter Anleitung des Berliner Rappers Dian DeRockwell mit Rap-Texten zu besch\u00e4ftigen.<\/p>\n\n\n\n<p>Nach einer kurzen Vorstellungsrunde und einigen H\u00f6rproben ging es auch schon los. Aus der sehr interessierten, aufmerksamen Gruppe konnten jederzeit eigene, kreative Vorschl\u00e4ge eingebracht werden. So entstanden z.B. nach einem wilden Brainstorming vielf\u00e4ltigste Vorschl\u00e4ge zu gew\u00fcnschten Themen bzw. Begriffen ihrer sie bewegenden &#8222;Lebenswelt&#8220;.<\/p>\n\n\n\nngg_shortcode_0_placeholder\n\n\n\n<div class=\"wp-block-columns is-layout-flex wp-container-core-columns-is-layout-9d6595d7 wp-block-columns-is-layout-flex\">\n<div class=\"wp-block-column is-layout-flow wp-block-column-is-layout-flow\" style=\"flex-basis:33.33%\">\n<p>Der Hauptteil behandelte die Frage, mit welchen Botschaften und auf welche Arten man solche Worte origineller Weise dann zu Versen zusammenf\u00fcgen kann und welche Rolle dabei u.a. die L\u00e4nge, die Betonungen bzw. sp\u00e4ter rhythmisch zu &#8222;sprechende&#8220; Vortragsweise spielen (siehe Raptext &#8222;<strong>Leben<\/strong>&#8222;).<\/p>\n\n\n\n<figure class=\"wp-block-embed is-type-video is-provider-youtube wp-block-embed-youtube wp-embed-aspect-16-9 wp-has-aspect-ratio\"><div class=\"wp-block-embed__wrapper\">\n<iframe loading=\"lazy\" title=\"Leben\" width=\"750\" height=\"422\" src=\"https:\/\/www.youtube.com\/embed\/A8RrChGS22c?feature=oembed\" frameborder=\"0\" allow=\"accelerometer; autoplay; clipboard-write; encrypted-media; gyroscope; picture-in-picture; web-share\" allowfullscreen><\/iframe>\n<\/div><\/figure>\n<\/div>\n\n\n\n<div class=\"wp-block-column is-layout-flow wp-block-column-is-layout-flow\" style=\"flex-basis:66.66%\">\n<p class=\"has-white-color has-primary-background-color has-text-color has-background\"><strong>Leben<\/strong><br><br>Das Leben ist ein Abenteuer, voller H\u00f6hen und Tiefen.<br>Wir k\u00e4mpfen, wir singen, wir fallen wie Fliegen.<br>Wir lernen aus unseren Fehlern und wachsen aus Erfahrung.<br>Doch manche haben einfach keine Ahnung.<br>Wir suchen nach Liebe, nach Freundschaft und nach Gl\u00fcck.<br>Wir wollten unser Bestes geben und das in jedem St\u00fcck.<br>Wir k\u00e4mpfen gegen unsere \u00c4ngste und Zweifel.<br>Die, die mich anschlie\u00dfend leiten.<br>Das Leben kann hart sein, aber auch wundersch\u00f6n.<br>Wir m\u00fcssen nur unsere Augen \u00f6ffnen, um die Sch\u00f6nheit und uns zu sehen.<br>Wir m\u00fcssen uns selbst treu bleiben und unseren eigenen Weg gehen.<br>Damit wird das Beste geschehen.<\/p>\n<\/div>\n<\/div>\n\n\n\n<p>Als gro\u00dfe Unterst\u00fctzung der manchmal noch etwas zur\u00fcckhaltenden 9.Kl\u00e4ssler zeigte sich hierbei gl\u00fccklicher Weise auch Jawad Hamze aus dem 11.Jg., der in seiner Freizeit bereits eigene Rap-Aufnahmen gemacht hat und kurzfristig als Teilnehmer gewonnen werden konnte. Das akustische Ausprobieren, Jonglieren, Optimieren in Bezug auf passende Reime, typische Betonungen oder auch das (Kaum-)Atmen fiel ihm nicht schwer.<\/p>\n\n\n\n<p>Doch auch die freundliche, wertsch\u00e4tzende Art von Diam DeRockwell sowie dessen einf\u00fchlsames Bestreben, m\u00f6glichst alle einzubeziehen und trotzdem auf gewisse moralische Grunds\u00e4tze beim Formulieren zu achten, erm\u00f6glichten ein zunehmend sch\u00f6pferisches, kooperatives Arbeiten, bei dem sich niemand unter Druck gesetzt f\u00fchlte oder im eigenen Tatendrang &#8222;beschnitten&#8220; sah.<\/p>\n\n\n\n<div class=\"wp-block-columns is-layout-flex wp-container-core-columns-is-layout-9d6595d7 wp-block-columns-is-layout-flex\">\n<div class=\"wp-block-column is-layout-flow wp-block-column-is-layout-flow\" style=\"flex-basis:33.33%\">\n<p>Trotz der zeitlichen K\u00fcrze (normalerweise f\u00fchren erst mehrere Termine &#8211; meist im Rahmen des jeweiligen Sprachenfaches &#8211; zu einer auch musikalisch ausgestalteten Pr\u00e4sentation) kam deshalb am Ende \u00fcberraschend viel zustande: zahlreiche Zeilen, mehrere Texte (manche noch unvollendet) sowie erste Pr\u00e4sentationen \u00fcber Mikrofon\/Verst\u00e4rkerbox, z.B. eine durch Elina Shayegan oder Jawads Vortrag sogar zeitgleich mit &#8222;Klangbeats&#8220;, die von Wilhelm Breuninger am Klavier dazu gespielt wurden  (siehe Raptext &#8222;<strong>Nicht allein<\/strong>&#8222;).<\/p>\n\n\n\n<figure class=\"wp-block-embed is-type-video is-provider-youtube wp-block-embed-youtube wp-embed-aspect-16-9 wp-has-aspect-ratio\"><div class=\"wp-block-embed__wrapper\">\n<iframe loading=\"lazy\" title=\"Nicht allein 1\" width=\"750\" height=\"422\" src=\"https:\/\/www.youtube.com\/embed\/izI6GQK-Bow?feature=oembed\" frameborder=\"0\" allow=\"accelerometer; autoplay; clipboard-write; encrypted-media; gyroscope; picture-in-picture; web-share\" allowfullscreen><\/iframe>\n<\/div><\/figure>\n\n\n\n<figure class=\"wp-block-embed is-type-video is-provider-youtube wp-block-embed-youtube wp-embed-aspect-16-9 wp-has-aspect-ratio\"><div class=\"wp-block-embed__wrapper\">\n<iframe loading=\"lazy\" title=\"Nicht allein 2\" width=\"750\" height=\"422\" src=\"https:\/\/www.youtube.com\/embed\/AgNA7v6f7pw?feature=oembed\" frameborder=\"0\" allow=\"accelerometer; autoplay; clipboard-write; encrypted-media; gyroscope; picture-in-picture; web-share\" allowfullscreen><\/iframe>\n<\/div><\/figure>\n<\/div>\n\n\n\n<div class=\"wp-block-column is-layout-flow wp-block-column-is-layout-flow\" style=\"flex-basis:66.66%\">\n<p class=\"has-white-color has-primary-background-color has-text-color has-background\"><strong>Nicht allein<\/strong> (von Jawad H. angepasst)<br><br>Ich bin nicht allein.<br>Sie bekommen mich nicht klein.<br>Nach Gott und Familie brauche ich nur noch meinen Reim.<br>Ja, ich bin niemals allein (&#8230;)<br>Es ist drei Uhr nachts, ich chille auf dem Dach,<br>die Sorgen um Mama, ja, sie halten mich wach.<br>Versch\u00fctte meine ganzen Emotionen,<br>ballere meine Tracks in das Mic, nutze meine Stimme sowie Munition.<br>Versuche, f\u00fcr dich stark zu sein.<br>Ich will in den Himmel mit einem Heiligenschein.<br>Ich bin nicht wie die, die du sonst siehst.<br>Meine Tr\u00e4ume &#8211; so endlos wie &#8222;One Peace&#8220;.<br>Man sagt, Wunden heilen mit der Zeit.<br>Wieso sp\u00fcr&#8216; ich dann noch dieses Leid?<br>Bete zu Gott und hoffe, dass er mir Vergangenes verzeiht.<br>In der Zukunft geneigt und ich schw\u00f6r&#8216;, es tut mir leid.<br>&#8222;Tut mir leid.&#8220;, sagen alle, b\u00fc\u00dfen tun sie nicht.<br>Sie l\u00fcgen Gott dann direkt ins Gesicht.<br>Dann f\u00e4llt ein Urteil vor dem Gericht.<br>Ihre Freiheit ist dann lange nicht in Sicht.<br>Ich fahre auf dem Skateboard durch den Tunnel,<br>schwebe in der Luft wie ein Vogel.<br>Brauche eine Pause in meinen Getaway-D\u00f6rfern.<br>Dann slide ich \u00fcber beats, als w\u00e4r ich ein Subway-Surfer.<br>Ich bin nicht allein.<br>Sie bekommen mich nicht klein.<br>Nach Gott und Familie brauche ich nur noch meinen Reim.<br>Ja, ich bin niemals allein. Nein&#8230;<\/p>\n<\/div>\n<\/div>\n\n\n\n<p>Sowohl der Rap-Coach von der Kanzi-GmbH Berlin, unsere kleine &#8222;Rapper-Gruppe&#8220; als auch Frau Hunke (die zwischendurch zugunsten des n\u00f6tigen kreativen Freiraums und ungest\u00f6rten Mutes der Jugendlichen auch mal ihre &#8222;pr\u00fcfend-kontrollierende Anwesenheit&#8220; sein lie\u00df&#8230;): Alle waren am Ende h\u00f6chst zufrieden und konnten viele neue Gedanken, Gef\u00fchle und Anregungen mitnehmen (was einige sogar noch in nachtr\u00e4gliche Gespr\u00e4che mit Dian verwickelte).<\/p>\n\n\n\n<p>Vielen Dank allen!<\/p>\n\n\n\n<blockquote class=\"wp-block-quote is-layout-flow wp-block-quote-is-layout-flow\">\n<p>A.Hunke, FB Musik<\/p>\n<\/blockquote>\n","protected":false},"excerpt":{"rendered":"<p>An diesem Workshop nahmen 10 Sch\u00fcler*innen unter Anleitung des Berliner Rappers Dian DeRockwell teil.<\/p>\n","protected":false},"author":1,"featured_media":8139,"comment_status":"closed","ping_status":"closed","sticky":false,"template":"","format":"standard","meta":{"_uag_custom_page_level_css":"","ngg_post_thumbnail":0,"footnotes":""},"categories":[129],"tags":[],"class_list":["post-8131","post","type-post","status-publish","format-standard","has-post-thumbnail","hentry","category-musik-beitraege"],"featured_image_urls_v2":{"full":["https:\/\/www.leonardo-da-vinci-gymnasium.de\/wp-content\/uploads\/2023\/10\/Foto-3.jpg",605,454,false],"thumbnail":["https:\/\/www.leonardo-da-vinci-gymnasium.de\/wp-content\/uploads\/2023\/10\/Foto-3-150x150.jpg",150,150,true],"medium":["https:\/\/www.leonardo-da-vinci-gymnasium.de\/wp-content\/uploads\/2023\/10\/Foto-3-300x225.jpg",300,225,true],"medium_large":["https:\/\/www.leonardo-da-vinci-gymnasium.de\/wp-content\/uploads\/2023\/10\/Foto-3.jpg",605,454,false],"large":["https:\/\/www.leonardo-da-vinci-gymnasium.de\/wp-content\/uploads\/2023\/10\/Foto-3.jpg",605,454,false],"1536x1536":["https:\/\/www.leonardo-da-vinci-gymnasium.de\/wp-content\/uploads\/2023\/10\/Foto-3.jpg",605,454,false],"2048x2048":["https:\/\/www.leonardo-da-vinci-gymnasium.de\/wp-content\/uploads\/2023\/10\/Foto-3.jpg",605,454,false],"post-thumbnail":["https:\/\/www.leonardo-da-vinci-gymnasium.de\/wp-content\/uploads\/2023\/10\/Foto-3-605x450.jpg",605,450,true],"gambit-header-image":["https:\/\/www.leonardo-da-vinci-gymnasium.de\/wp-content\/uploads\/2023\/10\/Foto-3-605x420.jpg",605,420,true],"gambit-thumbnail-archive":["https:\/\/www.leonardo-da-vinci-gymnasium.de\/wp-content\/uploads\/2023\/10\/Foto-3-300x240.jpg",300,240,true],"gambit-thumbnail-small":["https:\/\/www.leonardo-da-vinci-gymnasium.de\/wp-content\/uploads\/2023\/10\/Foto-3-100x75.jpg",100,75,true],"gambit-thumbnail-medium":["https:\/\/www.leonardo-da-vinci-gymnasium.de\/wp-content\/uploads\/2023\/10\/Foto-3-300x200.jpg",300,200,true],"gambit-thumbnail-large":["https:\/\/www.leonardo-da-vinci-gymnasium.de\/wp-content\/uploads\/2023\/10\/Foto-3-420x280.jpg",420,280,true],"tzwb-thumbnail":["https:\/\/www.leonardo-da-vinci-gymnasium.de\/wp-content\/uploads\/2023\/10\/Foto-3-80x64.jpg",80,64,true]},"post_excerpt_stackable_v2":"<p>An diesem Workshop nahmen 10 Sch\u00fcler*innen unter Anleitung des Berliner Rappers Dian DeRockwell teil.<\/p>\n","category_list_v2":"<a href=\"https:\/\/www.leonardo-da-vinci-gymnasium.de\/?cat=129\" rel=\"category\">Musik - Beitr\u00e4ge<\/a>","author_info_v2":{"name":"cbechinie","url":"https:\/\/www.leonardo-da-vinci-gymnasium.de\/?author=1"},"comments_num_v2":"0 comments","uagb_featured_image_src":{"full":["https:\/\/www.leonardo-da-vinci-gymnasium.de\/wp-content\/uploads\/2023\/10\/Foto-3.jpg",605,454,false],"thumbnail":["https:\/\/www.leonardo-da-vinci-gymnasium.de\/wp-content\/uploads\/2023\/10\/Foto-3-150x150.jpg",150,150,true],"medium":["https:\/\/www.leonardo-da-vinci-gymnasium.de\/wp-content\/uploads\/2023\/10\/Foto-3-300x225.jpg",300,225,true],"medium_large":["https:\/\/www.leonardo-da-vinci-gymnasium.de\/wp-content\/uploads\/2023\/10\/Foto-3.jpg",605,454,false],"large":["https:\/\/www.leonardo-da-vinci-gymnasium.de\/wp-content\/uploads\/2023\/10\/Foto-3.jpg",605,454,false],"1536x1536":["https:\/\/www.leonardo-da-vinci-gymnasium.de\/wp-content\/uploads\/2023\/10\/Foto-3.jpg",605,454,false],"2048x2048":["https:\/\/www.leonardo-da-vinci-gymnasium.de\/wp-content\/uploads\/2023\/10\/Foto-3.jpg",605,454,false],"post-thumbnail":["https:\/\/www.leonardo-da-vinci-gymnasium.de\/wp-content\/uploads\/2023\/10\/Foto-3-605x450.jpg",605,450,true],"gambit-header-image":["https:\/\/www.leonardo-da-vinci-gymnasium.de\/wp-content\/uploads\/2023\/10\/Foto-3-605x420.jpg",605,420,true],"gambit-thumbnail-archive":["https:\/\/www.leonardo-da-vinci-gymnasium.de\/wp-content\/uploads\/2023\/10\/Foto-3-300x240.jpg",300,240,true],"gambit-thumbnail-small":["https:\/\/www.leonardo-da-vinci-gymnasium.de\/wp-content\/uploads\/2023\/10\/Foto-3-100x75.jpg",100,75,true],"gambit-thumbnail-medium":["https:\/\/www.leonardo-da-vinci-gymnasium.de\/wp-content\/uploads\/2023\/10\/Foto-3-300x200.jpg",300,200,true],"gambit-thumbnail-large":["https:\/\/www.leonardo-da-vinci-gymnasium.de\/wp-content\/uploads\/2023\/10\/Foto-3-420x280.jpg",420,280,true],"tzwb-thumbnail":["https:\/\/www.leonardo-da-vinci-gymnasium.de\/wp-content\/uploads\/2023\/10\/Foto-3-80x64.jpg",80,64,true]},"uagb_author_info":{"display_name":"cbechinie","author_link":"https:\/\/www.leonardo-da-vinci-gymnasium.de\/?author=1"},"uagb_comment_info":0,"uagb_excerpt":"An diesem Workshop nahmen 10 Sch\u00fcler*innen unter Anleitung des Berliner Rappers Dian DeRockwell teil.","_links":{"self":[{"href":"https:\/\/www.leonardo-da-vinci-gymnasium.de\/index.php?rest_route=\/wp\/v2\/posts\/8131","targetHints":{"allow":["GET"]}}],"collection":[{"href":"https:\/\/www.leonardo-da-vinci-gymnasium.de\/index.php?rest_route=\/wp\/v2\/posts"}],"about":[{"href":"https:\/\/www.leonardo-da-vinci-gymnasium.de\/index.php?rest_route=\/wp\/v2\/types\/post"}],"author":[{"embeddable":true,"href":"https:\/\/www.leonardo-da-vinci-gymnasium.de\/index.php?rest_route=\/wp\/v2\/users\/1"}],"replies":[{"embeddable":true,"href":"https:\/\/www.leonardo-da-vinci-gymnasium.de\/index.php?rest_route=%2Fwp%2Fv2%2Fcomments&post=8131"}],"version-history":[{"count":10,"href":"https:\/\/www.leonardo-da-vinci-gymnasium.de\/index.php?rest_route=\/wp\/v2\/posts\/8131\/revisions"}],"predecessor-version":[{"id":8211,"href":"https:\/\/www.leonardo-da-vinci-gymnasium.de\/index.php?rest_route=\/wp\/v2\/posts\/8131\/revisions\/8211"}],"wp:featuredmedia":[{"embeddable":true,"href":"https:\/\/www.leonardo-da-vinci-gymnasium.de\/index.php?rest_route=\/wp\/v2\/media\/8139"}],"wp:attachment":[{"href":"https:\/\/www.leonardo-da-vinci-gymnasium.de\/index.php?rest_route=%2Fwp%2Fv2%2Fmedia&parent=8131"}],"wp:term":[{"taxonomy":"category","embeddable":true,"href":"https:\/\/www.leonardo-da-vinci-gymnasium.de\/index.php?rest_route=%2Fwp%2Fv2%2Fcategories&post=8131"},{"taxonomy":"post_tag","embeddable":true,"href":"https:\/\/www.leonardo-da-vinci-gymnasium.de\/index.php?rest_route=%2Fwp%2Fv2%2Ftags&post=8131"}],"curies":[{"name":"wp","href":"https:\/\/api.w.org\/{rel}","templated":true}]}}