{"id":8149,"date":"2023-10-17T13:04:13","date_gmt":"2023-10-17T11:04:13","guid":{"rendered":"https:\/\/www.leonardo-da-vinci-gymnasium.de\/?p=8149"},"modified":"2024-03-20T13:37:00","modified_gmt":"2024-03-20T12:37:00","slug":"besuch-im-berliner-ensemble","status":"publish","type":"post","link":"https:\/\/www.leonardo-da-vinci-gymnasium.de\/?p=8149","title":{"rendered":"Besuch im Berliner Ensemble"},"content":{"rendered":"\n<p>Als Erg\u00e4nzung zur \u201eWoyzeck\u201c-Lekt\u00fcre hat der LK Deutsch (Q3) am Sonntag Abend eine Auff\u00fchrung des gleichnamigen St\u00fcckes von Georg B\u00fcchner im <strong>Berliner Ensemble <\/strong>am Schiffbauerdamm besucht.<\/p>\n\n\n\n<p><strong>Stimmen aus dem Kurs:<\/strong><\/p>\n\n\n\n<ul class=\"wp-block-list\">\n<li><strong>\u201e<\/strong><strong>Das erste Mal im Berliner Ensemble\u2026Ein beeindruckender Theatersaal!\u201c<\/strong><\/li>\n\n\n\n<li><strong>\u201e\u201cWoyzeck\u201c &#8211; f\u00fcr mich ein verst\u00f6rendes St\u00fcck.\u201c<\/strong><\/li>\n\n\n\n<li><strong>\u201e..ein \u00fcberw\u00e4ltigender Moment, zu sehen, wieviel M\u00fche hinter einem Theaterst\u00fcck steckt!\u201c<\/strong><\/li>\n\n\n\n<li><strong>\u201eSehr empfehlenswert, auch mal au\u00dferschulisch eine solche Erfahrung zu machen.\u201c<\/strong><\/li>\n\n\n\n<li><strong>\u201eDie m\u00e4nnerdominierte Besetzung warf viele Fragen bei den Sch\u00fcler*innen auf und zeigte das Theaterst\u00fcck von einer anderen Seite.\u201c<\/strong><\/li>\n\n\n\n<li><strong>\u201eDie dramatischen Darstellungen und \u00fcberw\u00e4ltigenden Kost\u00fcme waren visuell anstrengend.\u201c<\/strong><\/li>\n\n\n\n<li><strong>\u201eDie Magie des St\u00fcckes wirkte noch Stunden nach.\u201c<\/strong><\/li>\n<\/ul>\n\n\n\n<hr class=\"wp-block-separator has-alpha-channel-opacity is-style-wide\"\/>\n\n\n\n<figure class=\"wp-block-image size-large\"><img loading=\"lazy\" decoding=\"async\" width=\"1024\" height=\"768\" src=\"https:\/\/www.leonardo-da-vinci-gymnasium.de\/wp-content\/uploads\/2023\/10\/Gruppenfoto-1024x768.jpg\" alt=\"Deutsch Ensemble 2023 Gruppenfoto\" class=\"wp-image-8148\" srcset=\"https:\/\/www.leonardo-da-vinci-gymnasium.de\/wp-content\/uploads\/2023\/10\/Gruppenfoto-1024x768.jpg 1024w, https:\/\/www.leonardo-da-vinci-gymnasium.de\/wp-content\/uploads\/2023\/10\/Gruppenfoto-300x225.jpg 300w, https:\/\/www.leonardo-da-vinci-gymnasium.de\/wp-content\/uploads\/2023\/10\/Gruppenfoto-768x576.jpg 768w, https:\/\/www.leonardo-da-vinci-gymnasium.de\/wp-content\/uploads\/2023\/10\/Gruppenfoto-1536x1152.jpg 1536w, https:\/\/www.leonardo-da-vinci-gymnasium.de\/wp-content\/uploads\/2023\/10\/Gruppenfoto-100x75.jpg 100w, https:\/\/www.leonardo-da-vinci-gymnasium.de\/wp-content\/uploads\/2023\/10\/Gruppenfoto.jpg 2000w\" sizes=\"auto, (max-width: 1024px) 100vw, 1024px\" \/><\/figure>\n","protected":false},"excerpt":{"rendered":"<p>Als Erg\u00e4nzung zur \u201eWoyzeck\u201c-Lekt\u00fcre hat der LK Deutsch eine Auff\u00fchrung des gleichnamigen St\u00fcckes besucht.<\/p>\n","protected":false},"author":1,"featured_media":8148,"comment_status":"closed","ping_status":"closed","sticky":false,"template":"","format":"standard","meta":{"_uag_custom_page_level_css":"","ngg_post_thumbnail":0,"footnotes":""},"categories":[74],"tags":[],"class_list":["post-8149","post","type-post","status-publish","format-standard","has-post-thumbnail","hentry","category-deutsch-deutsch"],"featured_image_urls_v2":{"full":["https:\/\/www.leonardo-da-vinci-gymnasium.de\/wp-content\/uploads\/2023\/10\/Gruppenfoto.jpg",2000,1500,false],"thumbnail":["https:\/\/www.leonardo-da-vinci-gymnasium.de\/wp-content\/uploads\/2023\/10\/Gruppenfoto-150x150.jpg",150,150,true],"medium":["https:\/\/www.leonardo-da-vinci-gymnasium.de\/wp-content\/uploads\/2023\/10\/Gruppenfoto-300x225.jpg",300,225,true],"medium_large":["https:\/\/www.leonardo-da-vinci-gymnasium.de\/wp-content\/uploads\/2023\/10\/Gruppenfoto-768x576.jpg",750,563,true],"large":["https:\/\/www.leonardo-da-vinci-gymnasium.de\/wp-content\/uploads\/2023\/10\/Gruppenfoto-1024x768.jpg",750,563,true],"1536x1536":["https:\/\/www.leonardo-da-vinci-gymnasium.de\/wp-content\/uploads\/2023\/10\/Gruppenfoto-1536x1152.jpg",1536,1152,true],"2048x2048":["https:\/\/www.leonardo-da-vinci-gymnasium.de\/wp-content\/uploads\/2023\/10\/Gruppenfoto.jpg",2000,1500,false],"post-thumbnail":["https:\/\/www.leonardo-da-vinci-gymnasium.de\/wp-content\/uploads\/2023\/10\/Gruppenfoto-750x450.jpg",750,450,true],"gambit-header-image":["https:\/\/www.leonardo-da-vinci-gymnasium.de\/wp-content\/uploads\/2023\/10\/Gruppenfoto-1340x420.jpg",1340,420,true],"gambit-thumbnail-archive":["https:\/\/www.leonardo-da-vinci-gymnasium.de\/wp-content\/uploads\/2023\/10\/Gruppenfoto-300x240.jpg",300,240,true],"gambit-thumbnail-small":["https:\/\/www.leonardo-da-vinci-gymnasium.de\/wp-content\/uploads\/2023\/10\/Gruppenfoto-100x75.jpg",100,75,true],"gambit-thumbnail-medium":["https:\/\/www.leonardo-da-vinci-gymnasium.de\/wp-content\/uploads\/2023\/10\/Gruppenfoto-300x200.jpg",300,200,true],"gambit-thumbnail-large":["https:\/\/www.leonardo-da-vinci-gymnasium.de\/wp-content\/uploads\/2023\/10\/Gruppenfoto-420x280.jpg",420,280,true],"tzwb-thumbnail":["https:\/\/www.leonardo-da-vinci-gymnasium.de\/wp-content\/uploads\/2023\/10\/Gruppenfoto-80x64.jpg",80,64,true]},"post_excerpt_stackable_v2":"<p>Als Erg\u00e4nzung zur \u201eWoyzeck\u201c-Lekt\u00fcre hat der LK Deutsch eine Auff\u00fchrung des gleichnamigen St\u00fcckes besucht.<\/p>\n","category_list_v2":"<a href=\"https:\/\/www.leonardo-da-vinci-gymnasium.de\/?cat=74\" rel=\"category\">Deutsch - Beitr\u00e4ge<\/a>","author_info_v2":{"name":"cbechinie","url":"https:\/\/www.leonardo-da-vinci-gymnasium.de\/?author=1"},"comments_num_v2":"0 comments","uagb_featured_image_src":{"full":["https:\/\/www.leonardo-da-vinci-gymnasium.de\/wp-content\/uploads\/2023\/10\/Gruppenfoto.jpg",2000,1500,false],"thumbnail":["https:\/\/www.leonardo-da-vinci-gymnasium.de\/wp-content\/uploads\/2023\/10\/Gruppenfoto-150x150.jpg",150,150,true],"medium":["https:\/\/www.leonardo-da-vinci-gymnasium.de\/wp-content\/uploads\/2023\/10\/Gruppenfoto-300x225.jpg",300,225,true],"medium_large":["https:\/\/www.leonardo-da-vinci-gymnasium.de\/wp-content\/uploads\/2023\/10\/Gruppenfoto-768x576.jpg",750,563,true],"large":["https:\/\/www.leonardo-da-vinci-gymnasium.de\/wp-content\/uploads\/2023\/10\/Gruppenfoto-1024x768.jpg",750,563,true],"1536x1536":["https:\/\/www.leonardo-da-vinci-gymnasium.de\/wp-content\/uploads\/2023\/10\/Gruppenfoto-1536x1152.jpg",1536,1152,true],"2048x2048":["https:\/\/www.leonardo-da-vinci-gymnasium.de\/wp-content\/uploads\/2023\/10\/Gruppenfoto.jpg",2000,1500,false],"post-thumbnail":["https:\/\/www.leonardo-da-vinci-gymnasium.de\/wp-content\/uploads\/2023\/10\/Gruppenfoto-750x450.jpg",750,450,true],"gambit-header-image":["https:\/\/www.leonardo-da-vinci-gymnasium.de\/wp-content\/uploads\/2023\/10\/Gruppenfoto-1340x420.jpg",1340,420,true],"gambit-thumbnail-archive":["https:\/\/www.leonardo-da-vinci-gymnasium.de\/wp-content\/uploads\/2023\/10\/Gruppenfoto-300x240.jpg",300,240,true],"gambit-thumbnail-small":["https:\/\/www.leonardo-da-vinci-gymnasium.de\/wp-content\/uploads\/2023\/10\/Gruppenfoto-100x75.jpg",100,75,true],"gambit-thumbnail-medium":["https:\/\/www.leonardo-da-vinci-gymnasium.de\/wp-content\/uploads\/2023\/10\/Gruppenfoto-300x200.jpg",300,200,true],"gambit-thumbnail-large":["https:\/\/www.leonardo-da-vinci-gymnasium.de\/wp-content\/uploads\/2023\/10\/Gruppenfoto-420x280.jpg",420,280,true],"tzwb-thumbnail":["https:\/\/www.leonardo-da-vinci-gymnasium.de\/wp-content\/uploads\/2023\/10\/Gruppenfoto-80x64.jpg",80,64,true]},"uagb_author_info":{"display_name":"cbechinie","author_link":"https:\/\/www.leonardo-da-vinci-gymnasium.de\/?author=1"},"uagb_comment_info":0,"uagb_excerpt":"Als Erg\u00e4nzung zur \u201eWoyzeck\u201c-Lekt\u00fcre hat der LK Deutsch eine Auff\u00fchrung des gleichnamigen St\u00fcckes besucht.","_links":{"self":[{"href":"https:\/\/www.leonardo-da-vinci-gymnasium.de\/index.php?rest_route=\/wp\/v2\/posts\/8149","targetHints":{"allow":["GET"]}}],"collection":[{"href":"https:\/\/www.leonardo-da-vinci-gymnasium.de\/index.php?rest_route=\/wp\/v2\/posts"}],"about":[{"href":"https:\/\/www.leonardo-da-vinci-gymnasium.de\/index.php?rest_route=\/wp\/v2\/types\/post"}],"author":[{"embeddable":true,"href":"https:\/\/www.leonardo-da-vinci-gymnasium.de\/index.php?rest_route=\/wp\/v2\/users\/1"}],"replies":[{"embeddable":true,"href":"https:\/\/www.leonardo-da-vinci-gymnasium.de\/index.php?rest_route=%2Fwp%2Fv2%2Fcomments&post=8149"}],"version-history":[{"count":1,"href":"https:\/\/www.leonardo-da-vinci-gymnasium.de\/index.php?rest_route=\/wp\/v2\/posts\/8149\/revisions"}],"predecessor-version":[{"id":8150,"href":"https:\/\/www.leonardo-da-vinci-gymnasium.de\/index.php?rest_route=\/wp\/v2\/posts\/8149\/revisions\/8150"}],"wp:featuredmedia":[{"embeddable":true,"href":"https:\/\/www.leonardo-da-vinci-gymnasium.de\/index.php?rest_route=\/wp\/v2\/media\/8148"}],"wp:attachment":[{"href":"https:\/\/www.leonardo-da-vinci-gymnasium.de\/index.php?rest_route=%2Fwp%2Fv2%2Fmedia&parent=8149"}],"wp:term":[{"taxonomy":"category","embeddable":true,"href":"https:\/\/www.leonardo-da-vinci-gymnasium.de\/index.php?rest_route=%2Fwp%2Fv2%2Fcategories&post=8149"},{"taxonomy":"post_tag","embeddable":true,"href":"https:\/\/www.leonardo-da-vinci-gymnasium.de\/index.php?rest_route=%2Fwp%2Fv2%2Ftags&post=8149"}],"curies":[{"name":"wp","href":"https:\/\/api.w.org\/{rel}","templated":true}]}}