{"id":8243,"date":"2023-12-16T13:37:13","date_gmt":"2023-12-16T12:37:13","guid":{"rendered":"https:\/\/www.leonardo-da-vinci-gymnasium.de\/?p=8243"},"modified":"2024-06-30T12:15:54","modified_gmt":"2024-06-30T10:15:54","slug":"die-9-2-besucht-die-reichstagskuppel","status":"publish","type":"post","link":"https:\/\/www.leonardo-da-vinci-gymnasium.de\/?p=8243","title":{"rendered":"Die 9.2 besucht die Reichstagskuppel"},"content":{"rendered":"\n<p>Im Zuge des Politikunterrichts haben wir gemeinsam mit Frau Gummelt und Herrn Finke den Reichstag und das Regierungsviertel besucht, um zu sehen, wo Demokratie in Berlin stattfindet.<\/p>\n\n\n\n<p>Zun\u00e4chst sind wir unter dem Brandenburger Tor durchgelaufen und haben uns auf den direkten Weg zum Reichstagsgeb\u00e4ude gemacht. Bevor wir eintreten durften, wurden wir wie im Flughafen kontrolliert. Nachdem wir durch die Sicherheitskontrolle durch waren, sind wir mit einem Aufzug zur Reichstagskuppel nach oben gefahren. Uns wurden zwar Audio-Guides empfohlen, da aber Herr Finke in der Vergangenheit im Reichstag gearbeitet hat, haben wir uns lieber von ihm alles erkl\u00e4ren lassen.&nbsp;<\/p>\n\n\n\n<p>In der Reichstagskuppel sind wir zuerst die Kuppel ganz nach oben hochgelaufen, da Frau Gummelt unbedingt den Sonnenaufgang sehen und mit der Klasse ein Gruppenfoto machen wollte. Ganz oben in der Kuppel hatten wir eine tolle Aussicht in alle Richtungen. Man konnte unter anderem den Fernsehturm sowie das Park Inn am Alexanderplatzt sehen. Ebenso hat man das Brandenburger Tor sowie die gesamte Stra\u00dfe &#8222;Unter den Linden&#8220; sehen k\u00f6nnen.<\/p>\n\n\n\n<p>Nachdem wir die Aussicht genossen haben, sind wir wieder nach unten gelaufen und haben uns von unseren Lehrern den Plenarsaal mit der Sitzverteilung und dem Rednerpult zeigen lassen.<\/p>\n\n\n\n<p>K\u00f6nnt ihr euch etwas unter dem Begriff \u201eReichstagskinder\u201c vorstellen? Frau Gummelt erz\u00e4hlte uns, dass am Ende des Zweiten Weltkriegs, als es Bombenangriffe auf Berlin gab, im Keller des Reichstagsgeb\u00e4udes eine Geburtenstation eingerichtet wurde. In den Geburtsurkunden dieser Kinder wurde \u201eGeboren im Reichstagsgeb\u00e4ude\u201c eingetragen. Das war etwas, wovon wir vorher noch nie geh\u00f6rt haben.<\/p>\n\n\n\n<p>Nachdem unsere &#8222;F\u00fchrung&#8220; zu Ende war, haben wir das Reichstagsgeb\u00e4ude verlassen und machten uns auf den Weg zum Bundeskanzleramt. Dort befinden sich unter anderem kulturelle Geschenke aus aller Welt die f\u00fcr die\/den Bundeskanzler\/in. Ebenso werden dort die G\u00e4ste des Bundeskanzlers bzw. der Bundeskanzlerin in Empfang genommen und es gibt sogar eine kleine Wohnung mit Terrasse f\u00fcr die amtierenden Kanzler.<\/p>\n\n\n\n<p>W\u00e4hrend wir durch das Regierungsviertel spazierten, haben wir einen kleinen Zwischenstopp beim \u201eDenkmal der gefallenen Soldaten der Roten Armee\u201c gemacht und haben uns dort alles nochmal genauer angesehen. Schlussendlich sind wir bei dem \u201eDenkmal f\u00fcr die im Nationalsozialismus ermordeten Sinti und Roma Europas\u201c angekommen und haben uns alle Bilder angesehen und die Geschichten einiger Menschen auf Infotafeln gelesen. Wir haben erste Einblicke in die Zeit des Nationalsozialismus erhalten, welche, wie Frau Gummelt uns erkl\u00e4rte, unser n\u00e4chstes Geschichtsthema sein wird.<\/p>\n\n\n\n<p>Der Bildungsteil unseres Ausfluges endete am Holocaust-Mahnmal, welches den knapp 6 Millionen ermordeten Juden in Europa gedenkt. Beim Denkmal wurden 2711 Quaderf\u00f6rmige Beton-Stelen gebaut, die mir ihren verschiedenen H\u00f6hen zum Nachdenken anregen sollen.<\/p>\n\n\n\n<p>Der Tag war lang, aber aufschlussreich. Wir haben den Ausflug bei einem gemeinsamen Essen beendet und haben dabei noch ein wenig \u00fcber unsere Eindr\u00fccke gesprochen. Trotz des Regenwetters schien allen der Ausflug gefallen zu haben und ich hoffe, Ihnen diese Erz\u00e4hlung davon ebenso.<\/p>\n\n\n\n<blockquote class=\"wp-block-quote is-layout-flow wp-block-quote-is-layout-flow\">\n<p>Todor Popstoilov, 9.2<\/p>\n<\/blockquote>\n\n\n\nngg_shortcode_0_placeholder\n","protected":false},"excerpt":{"rendered":"<p>Im Zuge des Politikunterrichts hat die Klasse 9.2 den Reichstag und das Regierungsviertel besucht, um zu sehen, wo Demokratie in Berlin stattfindet.<\/p>\n","protected":false},"author":1,"featured_media":8244,"comment_status":"closed","ping_status":"closed","sticky":false,"template":"","format":"standard","meta":{"_uag_custom_page_level_css":"","ngg_post_thumbnail":0,"footnotes":""},"categories":[123,25],"tags":[],"class_list":["post-8243","post","type-post","status-publish","format-standard","has-post-thumbnail","hentry","category-politische-wissenschaft-beitraege","category-schulleben"],"featured_image_urls_v2":{"full":["https:\/\/www.leonardo-da-vinci-gymnasium.de\/wp-content\/uploads\/2023\/12\/IMG_2217-scaled.jpeg",2560,1920,false],"thumbnail":["https:\/\/www.leonardo-da-vinci-gymnasium.de\/wp-content\/uploads\/2023\/12\/IMG_2217-150x150.jpeg",150,150,true],"medium":["https:\/\/www.leonardo-da-vinci-gymnasium.de\/wp-content\/uploads\/2023\/12\/IMG_2217-300x225.jpeg",300,225,true],"medium_large":["https:\/\/www.leonardo-da-vinci-gymnasium.de\/wp-content\/uploads\/2023\/12\/IMG_2217-768x576.jpeg",750,563,true],"large":["https:\/\/www.leonardo-da-vinci-gymnasium.de\/wp-content\/uploads\/2023\/12\/IMG_2217-1024x768.jpeg",750,563,true],"1536x1536":["https:\/\/www.leonardo-da-vinci-gymnasium.de\/wp-content\/uploads\/2023\/12\/IMG_2217-1536x1152.jpeg",1536,1152,true],"2048x2048":["https:\/\/www.leonardo-da-vinci-gymnasium.de\/wp-content\/uploads\/2023\/12\/IMG_2217-2048x1536.jpeg",2048,1536,true],"post-thumbnail":["https:\/\/www.leonardo-da-vinci-gymnasium.de\/wp-content\/uploads\/2023\/12\/IMG_2217-750x450.jpeg",750,450,true],"gambit-header-image":["https:\/\/www.leonardo-da-vinci-gymnasium.de\/wp-content\/uploads\/2023\/12\/IMG_2217-1340x420.jpeg",1340,420,true],"gambit-thumbnail-archive":["https:\/\/www.leonardo-da-vinci-gymnasium.de\/wp-content\/uploads\/2023\/12\/IMG_2217-300x240.jpeg",300,240,true],"gambit-thumbnail-small":["https:\/\/www.leonardo-da-vinci-gymnasium.de\/wp-content\/uploads\/2023\/12\/IMG_2217-100x75.jpeg",100,75,true],"gambit-thumbnail-medium":["https:\/\/www.leonardo-da-vinci-gymnasium.de\/wp-content\/uploads\/2023\/12\/IMG_2217-300x200.jpeg",300,200,true],"gambit-thumbnail-large":["https:\/\/www.leonardo-da-vinci-gymnasium.de\/wp-content\/uploads\/2023\/12\/IMG_2217-420x280.jpeg",420,280,true],"tzwb-thumbnail":["https:\/\/www.leonardo-da-vinci-gymnasium.de\/wp-content\/uploads\/2023\/12\/IMG_2217-80x64.jpeg",80,64,true]},"post_excerpt_stackable_v2":"<p>Im Zuge des Politikunterrichts hat die Klasse 9.2 den Reichstag und das Regierungsviertel besucht, um zu sehen, wo Demokratie in Berlin stattfindet.<\/p>\n","category_list_v2":"<a href=\"https:\/\/www.leonardo-da-vinci-gymnasium.de\/?cat=123\" rel=\"category\">Politische Wissenschaft - Beitr\u00e4ge<\/a>, <a href=\"https:\/\/www.leonardo-da-vinci-gymnasium.de\/?cat=25\" rel=\"category\">Schulleben<\/a>","author_info_v2":{"name":"cbechinie","url":"https:\/\/www.leonardo-da-vinci-gymnasium.de\/?author=1"},"comments_num_v2":"0 comments","uagb_featured_image_src":{"full":["https:\/\/www.leonardo-da-vinci-gymnasium.de\/wp-content\/uploads\/2023\/12\/IMG_2217-scaled.jpeg",2560,1920,false],"thumbnail":["https:\/\/www.leonardo-da-vinci-gymnasium.de\/wp-content\/uploads\/2023\/12\/IMG_2217-150x150.jpeg",150,150,true],"medium":["https:\/\/www.leonardo-da-vinci-gymnasium.de\/wp-content\/uploads\/2023\/12\/IMG_2217-300x225.jpeg",300,225,true],"medium_large":["https:\/\/www.leonardo-da-vinci-gymnasium.de\/wp-content\/uploads\/2023\/12\/IMG_2217-768x576.jpeg",750,563,true],"large":["https:\/\/www.leonardo-da-vinci-gymnasium.de\/wp-content\/uploads\/2023\/12\/IMG_2217-1024x768.jpeg",750,563,true],"1536x1536":["https:\/\/www.leonardo-da-vinci-gymnasium.de\/wp-content\/uploads\/2023\/12\/IMG_2217-1536x1152.jpeg",1536,1152,true],"2048x2048":["https:\/\/www.leonardo-da-vinci-gymnasium.de\/wp-content\/uploads\/2023\/12\/IMG_2217-2048x1536.jpeg",2048,1536,true],"post-thumbnail":["https:\/\/www.leonardo-da-vinci-gymnasium.de\/wp-content\/uploads\/2023\/12\/IMG_2217-750x450.jpeg",750,450,true],"gambit-header-image":["https:\/\/www.leonardo-da-vinci-gymnasium.de\/wp-content\/uploads\/2023\/12\/IMG_2217-1340x420.jpeg",1340,420,true],"gambit-thumbnail-archive":["https:\/\/www.leonardo-da-vinci-gymnasium.de\/wp-content\/uploads\/2023\/12\/IMG_2217-300x240.jpeg",300,240,true],"gambit-thumbnail-small":["https:\/\/www.leonardo-da-vinci-gymnasium.de\/wp-content\/uploads\/2023\/12\/IMG_2217-100x75.jpeg",100,75,true],"gambit-thumbnail-medium":["https:\/\/www.leonardo-da-vinci-gymnasium.de\/wp-content\/uploads\/2023\/12\/IMG_2217-300x200.jpeg",300,200,true],"gambit-thumbnail-large":["https:\/\/www.leonardo-da-vinci-gymnasium.de\/wp-content\/uploads\/2023\/12\/IMG_2217-420x280.jpeg",420,280,true],"tzwb-thumbnail":["https:\/\/www.leonardo-da-vinci-gymnasium.de\/wp-content\/uploads\/2023\/12\/IMG_2217-80x64.jpeg",80,64,true]},"uagb_author_info":{"display_name":"cbechinie","author_link":"https:\/\/www.leonardo-da-vinci-gymnasium.de\/?author=1"},"uagb_comment_info":0,"uagb_excerpt":"Im Zuge des Politikunterrichts hat die Klasse 9.2 den Reichstag und das Regierungsviertel besucht, um zu sehen, wo Demokratie in Berlin stattfindet.","_links":{"self":[{"href":"https:\/\/www.leonardo-da-vinci-gymnasium.de\/index.php?rest_route=\/wp\/v2\/posts\/8243","targetHints":{"allow":["GET"]}}],"collection":[{"href":"https:\/\/www.leonardo-da-vinci-gymnasium.de\/index.php?rest_route=\/wp\/v2\/posts"}],"about":[{"href":"https:\/\/www.leonardo-da-vinci-gymnasium.de\/index.php?rest_route=\/wp\/v2\/types\/post"}],"author":[{"embeddable":true,"href":"https:\/\/www.leonardo-da-vinci-gymnasium.de\/index.php?rest_route=\/wp\/v2\/users\/1"}],"replies":[{"embeddable":true,"href":"https:\/\/www.leonardo-da-vinci-gymnasium.de\/index.php?rest_route=%2Fwp%2Fv2%2Fcomments&post=8243"}],"version-history":[{"count":3,"href":"https:\/\/www.leonardo-da-vinci-gymnasium.de\/index.php?rest_route=\/wp\/v2\/posts\/8243\/revisions"}],"predecessor-version":[{"id":8247,"href":"https:\/\/www.leonardo-da-vinci-gymnasium.de\/index.php?rest_route=\/wp\/v2\/posts\/8243\/revisions\/8247"}],"wp:featuredmedia":[{"embeddable":true,"href":"https:\/\/www.leonardo-da-vinci-gymnasium.de\/index.php?rest_route=\/wp\/v2\/media\/8244"}],"wp:attachment":[{"href":"https:\/\/www.leonardo-da-vinci-gymnasium.de\/index.php?rest_route=%2Fwp%2Fv2%2Fmedia&parent=8243"}],"wp:term":[{"taxonomy":"category","embeddable":true,"href":"https:\/\/www.leonardo-da-vinci-gymnasium.de\/index.php?rest_route=%2Fwp%2Fv2%2Fcategories&post=8243"},{"taxonomy":"post_tag","embeddable":true,"href":"https:\/\/www.leonardo-da-vinci-gymnasium.de\/index.php?rest_route=%2Fwp%2Fv2%2Ftags&post=8243"}],"curies":[{"name":"wp","href":"https:\/\/api.w.org\/{rel}","templated":true}]}}