{"id":8315,"date":"2024-01-23T15:10:00","date_gmt":"2024-01-23T14:10:00","guid":{"rendered":"https:\/\/www.leonardo-da-vinci-gymnasium.de\/?p=8315"},"modified":"2024-07-05T10:45:33","modified_gmt":"2024-07-05T08:45:33","slug":"exkursionen-des-leistungskurses-geschichte","status":"publish","type":"post","link":"https:\/\/www.leonardo-da-vinci-gymnasium.de\/?p=8315","title":{"rendered":"Exkursion des Leistungskurses Geschichte"},"content":{"rendered":"\n<p>Nachdem die letzten Semesterklausuren geschrieben waren, konnte der Leistungskurs Geschichte des 12. Jahrgangs zusammen mit Frau Tamme endlich zu den geplanten Exkursionen zur Vertiefung der Unterrichtsinhalte zu den Themen Nationalsozialismus und Erinnerungskultur aufbrechen.<\/p>\n\n\n\n<p>Am 15. Dezember 2023 vertieften wir im Rahmen eines Workshops im Ort der Information unter dem Stelenfeld des Denkmals f\u00fcr die ermordeten Juden Europas unsere Kenntnisse \u00fcber die Entrechtung, Verfolgung und Vernichtung der Juden Europas w\u00e4hrend des Nationalsozialismus und Zweiten Weltkrieges am Beispiel von Einzelschicksalen. Dabei recherchierten wir in Kleingruppen innerhalb der Ausstellung und anhand historischen Quellenmaterials aus dem Archiv und erarbeiteten kleine Beitr\u00e4ge, die wir und dann im Plenum gegenseitig vortrugen.<\/p>\n\n\n\n<p>Am 18. Dezember 2023 absolvierten wir einen methodisch \u00e4hnlich aufgebauten Workshop in der Gedenkst\u00e4tte Deutscher Widerstand, um unser Wissen \u00fcber die Motive f\u00fcr Widerstand und die unterschiedlichen Formen von Widerstand gegen den Nationalsozialismus zu vertiefen. Beeindruckend war, dass wir uns dabei unmittelbar in den R\u00e4umen des Ortes der Vorbereitung und Koordinierung des Attentatsversuchs auf Adolf Hitler vom 20. Juli 1944 befanden.<\/p>\n\n\n\n<p>Bei str\u00f6menden Regen f\u00fchrte uns dann am 20. Dezember 2023 die dritte Exkursion zu sehr unterschiedlich gestalteten Denkm\u00e4lern entlang des Tiergartens, die \u00fcberwiegend an die Ermordung verschiedener von den Nationalsozialisten verfolgter Gruppen erinnern. Dabei standen die k\u00fcnstlerische Gestaltung der Gedenkorte und die davon ausgehende Wirkung im Mittelpunkt der Betrachtung. Auch diese Erkundung war sehr interessant und informativ und lie\u00df uns zwischenzeitlich das schlechte Wetter vergessen.<\/p>\n\n\n\n<blockquote class=\"wp-block-quote is-layout-flow wp-block-quote-is-layout-flow\">\n<p>L108 (GE-3) und Fr. Tamme<\/p>\n<\/blockquote>\n\n\n\nngg_shortcode_0_placeholder\n","protected":false},"excerpt":{"rendered":"<p>Unter dem Stelenfeld des Denkmals f\u00fcr die ermordeten Juden Europas vertieften wir die Unterrichtsinhalte zu den Themen Nationalsozialismus und Erinnerungskultur.<\/p>\n","protected":false},"author":1,"featured_media":8316,"comment_status":"closed","ping_status":"closed","sticky":false,"template":"","format":"standard","meta":{"_uag_custom_page_level_css":"","ngg_post_thumbnail":0,"footnotes":""},"categories":[97,25],"tags":[],"class_list":["post-8315","post","type-post","status-publish","format-standard","has-post-thumbnail","hentry","category-geschichte-beitraege","category-schulleben"],"featured_image_urls_v2":{"full":["https:\/\/www.leonardo-da-vinci-gymnasium.de\/wp-content\/uploads\/2024\/01\/Beitragsbild-LK-Q3-12-2023.jpg",1024,768,false],"thumbnail":["https:\/\/www.leonardo-da-vinci-gymnasium.de\/wp-content\/uploads\/2024\/01\/Beitragsbild-LK-Q3-12-2023-150x150.jpg",150,150,true],"medium":["https:\/\/www.leonardo-da-vinci-gymnasium.de\/wp-content\/uploads\/2024\/01\/Beitragsbild-LK-Q3-12-2023-300x225.jpg",300,225,true],"medium_large":["https:\/\/www.leonardo-da-vinci-gymnasium.de\/wp-content\/uploads\/2024\/01\/Beitragsbild-LK-Q3-12-2023-768x576.jpg",750,563,true],"large":["https:\/\/www.leonardo-da-vinci-gymnasium.de\/wp-content\/uploads\/2024\/01\/Beitragsbild-LK-Q3-12-2023.jpg",750,563,false],"1536x1536":["https:\/\/www.leonardo-da-vinci-gymnasium.de\/wp-content\/uploads\/2024\/01\/Beitragsbild-LK-Q3-12-2023.jpg",1024,768,false],"2048x2048":["https:\/\/www.leonardo-da-vinci-gymnasium.de\/wp-content\/uploads\/2024\/01\/Beitragsbild-LK-Q3-12-2023.jpg",1024,768,false],"post-thumbnail":["https:\/\/www.leonardo-da-vinci-gymnasium.de\/wp-content\/uploads\/2024\/01\/Beitragsbild-LK-Q3-12-2023-750x450.jpg",750,450,true],"gambit-header-image":["https:\/\/www.leonardo-da-vinci-gymnasium.de\/wp-content\/uploads\/2024\/01\/Beitragsbild-LK-Q3-12-2023-1024x420.jpg",1024,420,true],"gambit-thumbnail-archive":["https:\/\/www.leonardo-da-vinci-gymnasium.de\/wp-content\/uploads\/2024\/01\/Beitragsbild-LK-Q3-12-2023-300x240.jpg",300,240,true],"gambit-thumbnail-small":["https:\/\/www.leonardo-da-vinci-gymnasium.de\/wp-content\/uploads\/2024\/01\/Beitragsbild-LK-Q3-12-2023-100x75.jpg",100,75,true],"gambit-thumbnail-medium":["https:\/\/www.leonardo-da-vinci-gymnasium.de\/wp-content\/uploads\/2024\/01\/Beitragsbild-LK-Q3-12-2023-300x200.jpg",300,200,true],"gambit-thumbnail-large":["https:\/\/www.leonardo-da-vinci-gymnasium.de\/wp-content\/uploads\/2024\/01\/Beitragsbild-LK-Q3-12-2023-420x280.jpg",420,280,true],"tzwb-thumbnail":["https:\/\/www.leonardo-da-vinci-gymnasium.de\/wp-content\/uploads\/2024\/01\/Beitragsbild-LK-Q3-12-2023-80x64.jpg",80,64,true]},"post_excerpt_stackable_v2":"<p>Unter dem Stelenfeld des Denkmals f\u00fcr die ermordeten Juden Europas vertieften wir die Unterrichtsinhalte zu den Themen Nationalsozialismus und Erinnerungskultur.<\/p>\n","category_list_v2":"<a href=\"https:\/\/www.leonardo-da-vinci-gymnasium.de\/?cat=97\" rel=\"category\">Geschichte - Beitr\u00e4ge<\/a>, <a href=\"https:\/\/www.leonardo-da-vinci-gymnasium.de\/?cat=25\" rel=\"category\">Schulleben<\/a>","author_info_v2":{"name":"cbechinie","url":"https:\/\/www.leonardo-da-vinci-gymnasium.de\/?author=1"},"comments_num_v2":"0 comments","uagb_featured_image_src":{"full":["https:\/\/www.leonardo-da-vinci-gymnasium.de\/wp-content\/uploads\/2024\/01\/Beitragsbild-LK-Q3-12-2023.jpg",1024,768,false],"thumbnail":["https:\/\/www.leonardo-da-vinci-gymnasium.de\/wp-content\/uploads\/2024\/01\/Beitragsbild-LK-Q3-12-2023-150x150.jpg",150,150,true],"medium":["https:\/\/www.leonardo-da-vinci-gymnasium.de\/wp-content\/uploads\/2024\/01\/Beitragsbild-LK-Q3-12-2023-300x225.jpg",300,225,true],"medium_large":["https:\/\/www.leonardo-da-vinci-gymnasium.de\/wp-content\/uploads\/2024\/01\/Beitragsbild-LK-Q3-12-2023-768x576.jpg",750,563,true],"large":["https:\/\/www.leonardo-da-vinci-gymnasium.de\/wp-content\/uploads\/2024\/01\/Beitragsbild-LK-Q3-12-2023.jpg",750,563,false],"1536x1536":["https:\/\/www.leonardo-da-vinci-gymnasium.de\/wp-content\/uploads\/2024\/01\/Beitragsbild-LK-Q3-12-2023.jpg",1024,768,false],"2048x2048":["https:\/\/www.leonardo-da-vinci-gymnasium.de\/wp-content\/uploads\/2024\/01\/Beitragsbild-LK-Q3-12-2023.jpg",1024,768,false],"post-thumbnail":["https:\/\/www.leonardo-da-vinci-gymnasium.de\/wp-content\/uploads\/2024\/01\/Beitragsbild-LK-Q3-12-2023-750x450.jpg",750,450,true],"gambit-header-image":["https:\/\/www.leonardo-da-vinci-gymnasium.de\/wp-content\/uploads\/2024\/01\/Beitragsbild-LK-Q3-12-2023-1024x420.jpg",1024,420,true],"gambit-thumbnail-archive":["https:\/\/www.leonardo-da-vinci-gymnasium.de\/wp-content\/uploads\/2024\/01\/Beitragsbild-LK-Q3-12-2023-300x240.jpg",300,240,true],"gambit-thumbnail-small":["https:\/\/www.leonardo-da-vinci-gymnasium.de\/wp-content\/uploads\/2024\/01\/Beitragsbild-LK-Q3-12-2023-100x75.jpg",100,75,true],"gambit-thumbnail-medium":["https:\/\/www.leonardo-da-vinci-gymnasium.de\/wp-content\/uploads\/2024\/01\/Beitragsbild-LK-Q3-12-2023-300x200.jpg",300,200,true],"gambit-thumbnail-large":["https:\/\/www.leonardo-da-vinci-gymnasium.de\/wp-content\/uploads\/2024\/01\/Beitragsbild-LK-Q3-12-2023-420x280.jpg",420,280,true],"tzwb-thumbnail":["https:\/\/www.leonardo-da-vinci-gymnasium.de\/wp-content\/uploads\/2024\/01\/Beitragsbild-LK-Q3-12-2023-80x64.jpg",80,64,true]},"uagb_author_info":{"display_name":"cbechinie","author_link":"https:\/\/www.leonardo-da-vinci-gymnasium.de\/?author=1"},"uagb_comment_info":0,"uagb_excerpt":"Unter dem Stelenfeld des Denkmals f\u00fcr die ermordeten Juden Europas vertieften wir die Unterrichtsinhalte zu den Themen Nationalsozialismus und Erinnerungskultur.","_links":{"self":[{"href":"https:\/\/www.leonardo-da-vinci-gymnasium.de\/index.php?rest_route=\/wp\/v2\/posts\/8315","targetHints":{"allow":["GET"]}}],"collection":[{"href":"https:\/\/www.leonardo-da-vinci-gymnasium.de\/index.php?rest_route=\/wp\/v2\/posts"}],"about":[{"href":"https:\/\/www.leonardo-da-vinci-gymnasium.de\/index.php?rest_route=\/wp\/v2\/types\/post"}],"author":[{"embeddable":true,"href":"https:\/\/www.leonardo-da-vinci-gymnasium.de\/index.php?rest_route=\/wp\/v2\/users\/1"}],"replies":[{"embeddable":true,"href":"https:\/\/www.leonardo-da-vinci-gymnasium.de\/index.php?rest_route=%2Fwp%2Fv2%2Fcomments&post=8315"}],"version-history":[{"count":4,"href":"https:\/\/www.leonardo-da-vinci-gymnasium.de\/index.php?rest_route=\/wp\/v2\/posts\/8315\/revisions"}],"predecessor-version":[{"id":8332,"href":"https:\/\/www.leonardo-da-vinci-gymnasium.de\/index.php?rest_route=\/wp\/v2\/posts\/8315\/revisions\/8332"}],"wp:featuredmedia":[{"embeddable":true,"href":"https:\/\/www.leonardo-da-vinci-gymnasium.de\/index.php?rest_route=\/wp\/v2\/media\/8316"}],"wp:attachment":[{"href":"https:\/\/www.leonardo-da-vinci-gymnasium.de\/index.php?rest_route=%2Fwp%2Fv2%2Fmedia&parent=8315"}],"wp:term":[{"taxonomy":"category","embeddable":true,"href":"https:\/\/www.leonardo-da-vinci-gymnasium.de\/index.php?rest_route=%2Fwp%2Fv2%2Fcategories&post=8315"},{"taxonomy":"post_tag","embeddable":true,"href":"https:\/\/www.leonardo-da-vinci-gymnasium.de\/index.php?rest_route=%2Fwp%2Fv2%2Ftags&post=8315"}],"curies":[{"name":"wp","href":"https:\/\/api.w.org\/{rel}","templated":true}]}}