{"id":8438,"date":"2024-02-19T13:17:34","date_gmt":"2024-02-19T12:17:34","guid":{"rendered":"https:\/\/www.leonardo-da-vinci-gymnasium.de\/?p=8438"},"modified":"2025-02-19T16:32:06","modified_gmt":"2025-02-19T15:32:06","slug":"exkursionsbericht-maischberger","status":"publish","type":"post","link":"https:\/\/www.leonardo-da-vinci-gymnasium.de\/?p=8438","title":{"rendered":"Exkursion zur Talkshow \u201eMaischberger\u201c"},"content":{"rendered":"\n<p>Am Dienstag, dem 23. Januar 2024, fand im Rahmen des Deutschunterrichts eine Exkursion zur Politik-Talkshow \u201eMaischberger\u201c statt. Es nahmen 13 Sch\u00fclerinnen und Sch\u00fcler in Begleitung von Frau Gummelt, Frau Schweitzer und Frau Neumann an dieser Exkursion teil, um live an einer politischen&nbsp; Diskussion teilzunehmen.<\/p>\n\n\n\n<p>Dazu trafen sie sich um 19:30 Uhr vor dem Studio in Adlershof und a\u00dfen Bretzeln, bevor sie dann ins Studio eingelassen worden sind. In diesem wurde dem Publikum der Ablauf der Show geschildert, die kurz darauf begann. Man erkl\u00e4rte uns, dass wir durch das Klatschen, Lachen oder auch durch unsere Mimik durchaus an der Show mitwirken k\u00f6nnen.<\/p>\n\n\n\n<p>Zu Gast waren Cem \u00d6zdemir (Bundesminister f\u00fcr Ern\u00e4hrung und Landwirtschaft von den Gr\u00fcnen), Tino Chrupalla (Fraktions- und Parteivorsitzender der AfD), Olaf Sundermeyer (Investigativ-Journalist),&nbsp; Walter Sittler (Schauspieler), Sonja Zekri (Kulturkorrespondentin der S\u00fcddeutschen Zeitung) und&nbsp; Martin Machowecz (stellvertretender Chefredakteur der Zeit). Gemeinsam diskutierten sie \u00fcber aktuelle politische Themen. Im Fokus lagen hier jedoch das Gespr\u00e4ch mit Herrn \u00d6zdemir \u00fcber die Bauernproteste und die Diskussion \u00fcber die deutschlandweiten Demonstrationen gegen Rechtsextremismus und die AfD zwischen Herrn Sundermeyer und Herrn Chrupalla. Eine Frage in der einst\u00fcndigen Aufnahme an Cem \u00d6zdemir war, ob die Ampelregierung den Landwirten weiter entgegenkommen wird. Anschlie\u00dfend diskutierten Herr Chrupalla und Olaf Sundermeyer mit der Unterst\u00fctzung von Frau Maischberger sehr hitzig den Zusammenhang von Rechtsextremismus und der AfD.<\/p>\n\n\n\n<p>W\u00e4hrend des Erlebnisses erlangten wir Sch\u00fcler Einsicht in aktuelle politische Themen, die uns auch pers\u00f6nlich betrafen. Es war interessant zu sehen wie die G\u00e4ste unter einer bestimmten Spannung diskutierten. Der Ablauf war sehr organisiert und auch sicher aufgrund der Sicherheitsma\u00dfnahmen beim Eintreten. Wir wurden nett aufgenommen und begr\u00fc\u00dft. Trotz einiger Anweisungen verlief alles in einer entspannten und \u00e4u\u00dferst spannenden Atmosph\u00e4re.<\/p>\n\n\n\n<p>Als Teilnehmende bedanken wir uns bei Frau Gummelt, die uns diese Exkursion erm\u00f6glicht hat, aber auch Frau Neumann und Frau Schweitzer f\u00fcr die Begleitung.<\/p>\n\n\n\n<blockquote class=\"wp-block-quote is-layout-flow wp-block-quote-is-layout-flow\">\n<p>Rabia Sahin, Umut Aks\u00fcnger Q2<\/p>\n<\/blockquote>\n\n\n\nngg_shortcode_0_placeholder\n","protected":false},"excerpt":{"rendered":"<p>Am 23. Januar fand f\u00fcr 13 Sch\u00fclerinnen und Sch\u00fcler im Rahmen des Deutschunterrichts eine Exkursion zur Politik-Talkshow \u201eMaischberger\u201c statt. <\/p>\n","protected":false},"author":1,"featured_media":8439,"comment_status":"closed","ping_status":"closed","sticky":false,"template":"","format":"standard","meta":{"_uag_custom_page_level_css":"","ngg_post_thumbnail":0,"footnotes":""},"categories":[74,25],"tags":[],"class_list":["post-8438","post","type-post","status-publish","format-standard","has-post-thumbnail","hentry","category-deutsch-deutsch","category-schulleben"],"featured_image_urls_v2":{"full":["https:\/\/www.leonardo-da-vinci-gymnasium.de\/wp-content\/uploads\/2024\/02\/Beitragsbild-Maischberger.jpg",1024,768,false],"thumbnail":["https:\/\/www.leonardo-da-vinci-gymnasium.de\/wp-content\/uploads\/2024\/02\/Beitragsbild-Maischberger-150x150.jpg",150,150,true],"medium":["https:\/\/www.leonardo-da-vinci-gymnasium.de\/wp-content\/uploads\/2024\/02\/Beitragsbild-Maischberger-300x225.jpg",300,225,true],"medium_large":["https:\/\/www.leonardo-da-vinci-gymnasium.de\/wp-content\/uploads\/2024\/02\/Beitragsbild-Maischberger-768x576.jpg",750,563,true],"large":["https:\/\/www.leonardo-da-vinci-gymnasium.de\/wp-content\/uploads\/2024\/02\/Beitragsbild-Maischberger.jpg",750,563,false],"1536x1536":["https:\/\/www.leonardo-da-vinci-gymnasium.de\/wp-content\/uploads\/2024\/02\/Beitragsbild-Maischberger.jpg",1024,768,false],"2048x2048":["https:\/\/www.leonardo-da-vinci-gymnasium.de\/wp-content\/uploads\/2024\/02\/Beitragsbild-Maischberger.jpg",1024,768,false],"post-thumbnail":["https:\/\/www.leonardo-da-vinci-gymnasium.de\/wp-content\/uploads\/2024\/02\/Beitragsbild-Maischberger-750x450.jpg",750,450,true],"gambit-header-image":["https:\/\/www.leonardo-da-vinci-gymnasium.de\/wp-content\/uploads\/2024\/02\/Beitragsbild-Maischberger-1024x420.jpg",1024,420,true],"gambit-thumbnail-archive":["https:\/\/www.leonardo-da-vinci-gymnasium.de\/wp-content\/uploads\/2024\/02\/Beitragsbild-Maischberger-300x240.jpg",300,240,true],"gambit-thumbnail-small":["https:\/\/www.leonardo-da-vinci-gymnasium.de\/wp-content\/uploads\/2024\/02\/Beitragsbild-Maischberger-100x75.jpg",100,75,true],"gambit-thumbnail-medium":["https:\/\/www.leonardo-da-vinci-gymnasium.de\/wp-content\/uploads\/2024\/02\/Beitragsbild-Maischberger-300x200.jpg",300,200,true],"gambit-thumbnail-large":["https:\/\/www.leonardo-da-vinci-gymnasium.de\/wp-content\/uploads\/2024\/02\/Beitragsbild-Maischberger-420x280.jpg",420,280,true],"tzwb-thumbnail":["https:\/\/www.leonardo-da-vinci-gymnasium.de\/wp-content\/uploads\/2024\/02\/Beitragsbild-Maischberger-80x64.jpg",80,64,true]},"post_excerpt_stackable_v2":"<p>Am 23. Januar fand f\u00fcr 13 Sch\u00fclerinnen und Sch\u00fcler im Rahmen des Deutschunterrichts eine Exkursion zur Politik-Talkshow \u201eMaischberger\u201c statt. <\/p>\n","category_list_v2":"<a href=\"https:\/\/www.leonardo-da-vinci-gymnasium.de\/?cat=74\" rel=\"category\">Deutsch - Beitr\u00e4ge<\/a>, <a href=\"https:\/\/www.leonardo-da-vinci-gymnasium.de\/?cat=25\" rel=\"category\">Schulleben<\/a>","author_info_v2":{"name":"cbechinie","url":"https:\/\/www.leonardo-da-vinci-gymnasium.de\/?author=1"},"comments_num_v2":"0 comments","uagb_featured_image_src":{"full":["https:\/\/www.leonardo-da-vinci-gymnasium.de\/wp-content\/uploads\/2024\/02\/Beitragsbild-Maischberger.jpg",1024,768,false],"thumbnail":["https:\/\/www.leonardo-da-vinci-gymnasium.de\/wp-content\/uploads\/2024\/02\/Beitragsbild-Maischberger-150x150.jpg",150,150,true],"medium":["https:\/\/www.leonardo-da-vinci-gymnasium.de\/wp-content\/uploads\/2024\/02\/Beitragsbild-Maischberger-300x225.jpg",300,225,true],"medium_large":["https:\/\/www.leonardo-da-vinci-gymnasium.de\/wp-content\/uploads\/2024\/02\/Beitragsbild-Maischberger-768x576.jpg",750,563,true],"large":["https:\/\/www.leonardo-da-vinci-gymnasium.de\/wp-content\/uploads\/2024\/02\/Beitragsbild-Maischberger.jpg",750,563,false],"1536x1536":["https:\/\/www.leonardo-da-vinci-gymnasium.de\/wp-content\/uploads\/2024\/02\/Beitragsbild-Maischberger.jpg",1024,768,false],"2048x2048":["https:\/\/www.leonardo-da-vinci-gymnasium.de\/wp-content\/uploads\/2024\/02\/Beitragsbild-Maischberger.jpg",1024,768,false],"post-thumbnail":["https:\/\/www.leonardo-da-vinci-gymnasium.de\/wp-content\/uploads\/2024\/02\/Beitragsbild-Maischberger-750x450.jpg",750,450,true],"gambit-header-image":["https:\/\/www.leonardo-da-vinci-gymnasium.de\/wp-content\/uploads\/2024\/02\/Beitragsbild-Maischberger-1024x420.jpg",1024,420,true],"gambit-thumbnail-archive":["https:\/\/www.leonardo-da-vinci-gymnasium.de\/wp-content\/uploads\/2024\/02\/Beitragsbild-Maischberger-300x240.jpg",300,240,true],"gambit-thumbnail-small":["https:\/\/www.leonardo-da-vinci-gymnasium.de\/wp-content\/uploads\/2024\/02\/Beitragsbild-Maischberger-100x75.jpg",100,75,true],"gambit-thumbnail-medium":["https:\/\/www.leonardo-da-vinci-gymnasium.de\/wp-content\/uploads\/2024\/02\/Beitragsbild-Maischberger-300x200.jpg",300,200,true],"gambit-thumbnail-large":["https:\/\/www.leonardo-da-vinci-gymnasium.de\/wp-content\/uploads\/2024\/02\/Beitragsbild-Maischberger-420x280.jpg",420,280,true],"tzwb-thumbnail":["https:\/\/www.leonardo-da-vinci-gymnasium.de\/wp-content\/uploads\/2024\/02\/Beitragsbild-Maischberger-80x64.jpg",80,64,true]},"uagb_author_info":{"display_name":"cbechinie","author_link":"https:\/\/www.leonardo-da-vinci-gymnasium.de\/?author=1"},"uagb_comment_info":0,"uagb_excerpt":"Am 23. Januar fand f\u00fcr 13 Sch\u00fclerinnen und Sch\u00fcler im Rahmen des Deutschunterrichts eine Exkursion zur Politik-Talkshow \u201eMaischberger\u201c statt.","_links":{"self":[{"href":"https:\/\/www.leonardo-da-vinci-gymnasium.de\/index.php?rest_route=\/wp\/v2\/posts\/8438","targetHints":{"allow":["GET"]}}],"collection":[{"href":"https:\/\/www.leonardo-da-vinci-gymnasium.de\/index.php?rest_route=\/wp\/v2\/posts"}],"about":[{"href":"https:\/\/www.leonardo-da-vinci-gymnasium.de\/index.php?rest_route=\/wp\/v2\/types\/post"}],"author":[{"embeddable":true,"href":"https:\/\/www.leonardo-da-vinci-gymnasium.de\/index.php?rest_route=\/wp\/v2\/users\/1"}],"replies":[{"embeddable":true,"href":"https:\/\/www.leonardo-da-vinci-gymnasium.de\/index.php?rest_route=%2Fwp%2Fv2%2Fcomments&post=8438"}],"version-history":[{"count":7,"href":"https:\/\/www.leonardo-da-vinci-gymnasium.de\/index.php?rest_route=\/wp\/v2\/posts\/8438\/revisions"}],"predecessor-version":[{"id":8664,"href":"https:\/\/www.leonardo-da-vinci-gymnasium.de\/index.php?rest_route=\/wp\/v2\/posts\/8438\/revisions\/8664"}],"wp:featuredmedia":[{"embeddable":true,"href":"https:\/\/www.leonardo-da-vinci-gymnasium.de\/index.php?rest_route=\/wp\/v2\/media\/8439"}],"wp:attachment":[{"href":"https:\/\/www.leonardo-da-vinci-gymnasium.de\/index.php?rest_route=%2Fwp%2Fv2%2Fmedia&parent=8438"}],"wp:term":[{"taxonomy":"category","embeddable":true,"href":"https:\/\/www.leonardo-da-vinci-gymnasium.de\/index.php?rest_route=%2Fwp%2Fv2%2Fcategories&post=8438"},{"taxonomy":"post_tag","embeddable":true,"href":"https:\/\/www.leonardo-da-vinci-gymnasium.de\/index.php?rest_route=%2Fwp%2Fv2%2Ftags&post=8438"}],"curies":[{"name":"wp","href":"https:\/\/api.w.org\/{rel}","templated":true}]}}