{"id":8621,"date":"2024-06-06T12:29:47","date_gmt":"2024-06-06T10:29:47","guid":{"rendered":"https:\/\/www.leonardo-da-vinci-gymnasium.de\/?p=8621"},"modified":"2025-03-18T15:35:45","modified_gmt":"2025-03-18T14:35:45","slug":"erlebnisreiche-tage-in-weimar","status":"publish","type":"post","link":"https:\/\/www.leonardo-da-vinci-gymnasium.de\/?p=8621","title":{"rendered":"Erlebnisreiche Tage in Weimar"},"content":{"rendered":"\n<p><strong>Erlebnisreiche Tage in Weimar: Eine Reise voller Begegnungen und Entdeckungen<\/strong><\/p>\n\n\n\n<p>Vom 14. bis 16. Mai besuchten 35 Sch\u00fcler*innen der Grundkurse Deutsch aus der Q2 gemeinsam mit Frau Reiter-Ost und Frau Gummelt Weimar, um dort dem Abiturschwerpunkt \u201eWeimarer Klassik\u201c auf die Spur zu gehen.<\/p>\n\n\n\n<p>Weimar ist eine Stadt mit einer reichen kulturellen und literarischen Geschichte. Sie war das Zentrum der deutschen Klassik und beherbergte zahlreiche bedeutende Dichter und Denker, darunter Johann Wolfgang von Goethe und Friedrich Schiller. Die Stadt ist bekannt f\u00fcr ihre gut erhaltenen, historischen Geb\u00e4ude, Museen und Gedenkst\u00e4tten, die die deutsche Kulturgeschichte lebendig halten.<\/p>\n\n\n<div class=\"wp-block-image\">\n<figure class=\"alignright size-large is-resized\"><a href=\"https:\/\/www.leonardo-da-vinci-gymnasium.de\/wp-content\/uploads\/2024\/06\/03.jpg\" target=\"_blank\" rel=\"noreferrer noopener\"><img loading=\"lazy\" decoding=\"async\" width=\"768\" height=\"1024\" src=\"https:\/\/www.leonardo-da-vinci-gymnasium.de\/wp-content\/uploads\/2024\/06\/03-768x1024.jpg\" alt=\"\" class=\"wp-image-8627\" style=\"width:275px;height:auto\" srcset=\"https:\/\/www.leonardo-da-vinci-gymnasium.de\/wp-content\/uploads\/2024\/06\/03-768x1024.jpg 768w, https:\/\/www.leonardo-da-vinci-gymnasium.de\/wp-content\/uploads\/2024\/06\/03-225x300.jpg 225w, https:\/\/www.leonardo-da-vinci-gymnasium.de\/wp-content\/uploads\/2024\/06\/03.jpg 1125w\" sizes=\"auto, (max-width: 768px) 100vw, 768px\" \/><\/a><\/figure>\n<\/div>\n\n\n<p>Wir besuchten das Schiller-Nationalmuseum, Goethes Gartenhaus im Park an der Ilm und den Historischen Friedhof, wo unter anderem Goethe begraben liegt. Im Goethe-Nationalmuseum erhielten wir Einblicke in das Leben und Werk von Johann Wolfgang von Goethe. Besonders beeindruckend war die Vielzahl der Exponate, die Goethes umfassende Interessen widerspiegelten, von der Literatur \u00fcber die Naturwissenschaften bis hin zur Kunst. Ein Aspekt der Exkursion, der mich besonders \u00fcberrascht hat, war die Verbindung von Kunst und Wissenschaft in Goethes Schaffen. Es war faszinierend zu sehen, wie Goethe nicht nur ein bedeutender Dichter, sondern auch ein engagierter Naturwissenschaftler war. Diese Vielseitigkeit war mir vorher nicht in diesem Ausma\u00df bewusst. Ebenfalls neu war f\u00fcr mich das Ausma\u00df der Freundschaft und Zusammenarbeit zwischen Goethe und Schiller. Ihre gegenseitige Inspiration und Unterst\u00fctzung trug wesentlich zur Klassik in Weimar bei, was die Stadt zu einem kulturellen Zentrum machte.<\/p>\n\n\n<div class=\"wp-block-image\">\n<figure class=\"alignright size-large is-resized\"><a href=\"https:\/\/www.leonardo-da-vinci-gymnasium.de\/wp-content\/uploads\/2024\/06\/04.jpg\" target=\"_blank\" rel=\"noreferrer noopener\"><img loading=\"lazy\" decoding=\"async\" width=\"768\" height=\"1024\" src=\"https:\/\/www.leonardo-da-vinci-gymnasium.de\/wp-content\/uploads\/2024\/06\/04-768x1024.jpg\" alt=\"\" class=\"wp-image-8639\" style=\"width:274px;height:auto\" srcset=\"https:\/\/www.leonardo-da-vinci-gymnasium.de\/wp-content\/uploads\/2024\/06\/04-768x1024.jpg 768w, https:\/\/www.leonardo-da-vinci-gymnasium.de\/wp-content\/uploads\/2024\/06\/04-225x300.jpg 225w, https:\/\/www.leonardo-da-vinci-gymnasium.de\/wp-content\/uploads\/2024\/06\/04.jpg 1125w\" sizes=\"auto, (max-width: 768px) 100vw, 768px\" \/><\/a><\/figure>\n<\/div>\n\n\n<p>W\u00e4hrend unseres Aufenthalts hatten wir die Gelegenheit, Weimar durch die Stadtrallye ausgiebig zu erkunden. Diese Erfahrung f\u00f6rderte nicht nur unsere Teamf\u00e4higkeit, sondern sch\u00e4rfte auch unsere Orientierungsf\u00e4higkeit. Wir genossen es, gemeinsam die Sehensw\u00fcrdigkeiten der Stadt zu entdecken und dabei neue Facetten von Weimar kennenzulernen.<\/p>\n\n\n\n<p>Insgesamt war die Exkursion nach Weimar sehr lohnend. Sie bot eine wunderbare Gelegenheit, die deutsche Klassik hautnah zu erleben und mehr \u00fcber das Leben und Werk zweier der gr\u00f6\u00dften deutschen Dichter zu erfahren. Trotz der Anstrengungen durch die langen Fu\u00dfwege \u00fcberwogen die positiven Eindr\u00fccke und neuen Erkenntnisse.<\/p>\n\n\n\n<blockquote class=\"wp-block-quote is-layout-flow wp-block-quote-is-layout-flow\">\n<p>Text von Kajin Pirabaharan&nbsp;, Thulashika Nagularajah und Sudenur Almas (Q2)<\/p>\n<\/blockquote>\n\n\n\n<p><strong>Meinungen<\/strong><\/p>\n\n\n\n<p class=\"has-light-gray-background-color has-background\">Jan Nowak, Q2<em>: \u201eWas wir uns als langatmige Touren durch eine Geisterstadt voll mit wei\u00dfen Rentnern vorgestellt haben, entpuppte sich als ein wirklich interessanter R\u00fcckblick in die Vergangenheit, der sogar Verbindungen bis in die heutige Zeit aufweist, durch eine Stadt mit interessanter Architektur und entspannten Menschen.\u201c<\/em><br><br>Thulashika Nagularajah, Q2 <em>\u201eInsgesamt war unsere Reise nach Weimar eine unvergessliche Erfahrung, die uns nicht nur kulturell bereichert hat, sondern auch wertvolle Erkenntnisse \u00fcber Teamarbeit, Orientierung und zwischenmenschliche Beziehungen vermittelt hat.\u201c<\/em><br><br>Benni Abboubi, Q2: <em>\u201eDie Exkursion hat uns das literarische Erbe von Goethe und Schiller n\u00e4hergebracht und das kulturelle &#8222;feeling&#8220; von Weimar erleben lassen. Insgesamt war die Fahrt ein gro\u00dfer Erfolg und bleibt uns in guter Erinnerung.\u201c<\/em><br><br>Alper \u00d6zisik, Q2: <em>\u201eInsgesamt hat sich die Exkursion sehr gelohnt, da sie unser Verst\u00e4ndnis der Weimarer Klassik vertiefte und das Gemeinschaftsgef\u00fchl st\u00e4rkte.\u201c<\/em><\/p>\n\n\n\nngg_shortcode_0_placeholder\n","protected":false},"excerpt":{"rendered":"<p>Vom 14. bis 16. Mai besuchte der Grundkurse Deutsch aus der Q2 Weimar, um dort dem Abiturschwerpunkt \u201eWeimarer Klassik\u201c auf die Spur zu gehen.<\/p>\n","protected":false},"author":1,"featured_media":8622,"comment_status":"closed","ping_status":"closed","sticky":false,"template":"","format":"standard","meta":{"_uag_custom_page_level_css":"","ngg_post_thumbnail":0,"footnotes":""},"categories":[74,25],"tags":[],"class_list":["post-8621","post","type-post","status-publish","format-standard","has-post-thumbnail","hentry","category-deutsch-deutsch","category-schulleben"],"featured_image_urls_v2":{"full":["https:\/\/www.leonardo-da-vinci-gymnasium.de\/wp-content\/uploads\/2024\/06\/Beitragsbild-Weimar.jpg",1024,768,false],"thumbnail":["https:\/\/www.leonardo-da-vinci-gymnasium.de\/wp-content\/uploads\/2024\/06\/Beitragsbild-Weimar-150x150.jpg",150,150,true],"medium":["https:\/\/www.leonardo-da-vinci-gymnasium.de\/wp-content\/uploads\/2024\/06\/Beitragsbild-Weimar-300x225.jpg",300,225,true],"medium_large":["https:\/\/www.leonardo-da-vinci-gymnasium.de\/wp-content\/uploads\/2024\/06\/Beitragsbild-Weimar-768x576.jpg",750,563,true],"large":["https:\/\/www.leonardo-da-vinci-gymnasium.de\/wp-content\/uploads\/2024\/06\/Beitragsbild-Weimar.jpg",750,563,false],"1536x1536":["https:\/\/www.leonardo-da-vinci-gymnasium.de\/wp-content\/uploads\/2024\/06\/Beitragsbild-Weimar.jpg",1024,768,false],"2048x2048":["https:\/\/www.leonardo-da-vinci-gymnasium.de\/wp-content\/uploads\/2024\/06\/Beitragsbild-Weimar.jpg",1024,768,false],"post-thumbnail":["https:\/\/www.leonardo-da-vinci-gymnasium.de\/wp-content\/uploads\/2024\/06\/Beitragsbild-Weimar-750x450.jpg",750,450,true],"gambit-header-image":["https:\/\/www.leonardo-da-vinci-gymnasium.de\/wp-content\/uploads\/2024\/06\/Beitragsbild-Weimar-1024x420.jpg",1024,420,true],"gambit-thumbnail-archive":["https:\/\/www.leonardo-da-vinci-gymnasium.de\/wp-content\/uploads\/2024\/06\/Beitragsbild-Weimar-300x240.jpg",300,240,true],"gambit-thumbnail-small":["https:\/\/www.leonardo-da-vinci-gymnasium.de\/wp-content\/uploads\/2024\/06\/Beitragsbild-Weimar-100x75.jpg",100,75,true],"gambit-thumbnail-medium":["https:\/\/www.leonardo-da-vinci-gymnasium.de\/wp-content\/uploads\/2024\/06\/Beitragsbild-Weimar-300x200.jpg",300,200,true],"gambit-thumbnail-large":["https:\/\/www.leonardo-da-vinci-gymnasium.de\/wp-content\/uploads\/2024\/06\/Beitragsbild-Weimar-420x280.jpg",420,280,true],"tzwb-thumbnail":["https:\/\/www.leonardo-da-vinci-gymnasium.de\/wp-content\/uploads\/2024\/06\/Beitragsbild-Weimar-80x64.jpg",80,64,true]},"post_excerpt_stackable_v2":"<p>Vom 14. bis 16. Mai besuchte der Grundkurse Deutsch aus der Q2 Weimar, um dort dem Abiturschwerpunkt \u201eWeimarer Klassik\u201c auf die Spur zu gehen.<\/p>\n","category_list_v2":"<a href=\"https:\/\/www.leonardo-da-vinci-gymnasium.de\/?cat=74\" rel=\"category\">Deutsch - Beitr\u00e4ge<\/a>, <a href=\"https:\/\/www.leonardo-da-vinci-gymnasium.de\/?cat=25\" rel=\"category\">Schulleben<\/a>","author_info_v2":{"name":"cbechinie","url":"https:\/\/www.leonardo-da-vinci-gymnasium.de\/?author=1"},"comments_num_v2":"0 comments","uagb_featured_image_src":{"full":["https:\/\/www.leonardo-da-vinci-gymnasium.de\/wp-content\/uploads\/2024\/06\/Beitragsbild-Weimar.jpg",1024,768,false],"thumbnail":["https:\/\/www.leonardo-da-vinci-gymnasium.de\/wp-content\/uploads\/2024\/06\/Beitragsbild-Weimar-150x150.jpg",150,150,true],"medium":["https:\/\/www.leonardo-da-vinci-gymnasium.de\/wp-content\/uploads\/2024\/06\/Beitragsbild-Weimar-300x225.jpg",300,225,true],"medium_large":["https:\/\/www.leonardo-da-vinci-gymnasium.de\/wp-content\/uploads\/2024\/06\/Beitragsbild-Weimar-768x576.jpg",750,563,true],"large":["https:\/\/www.leonardo-da-vinci-gymnasium.de\/wp-content\/uploads\/2024\/06\/Beitragsbild-Weimar.jpg",750,563,false],"1536x1536":["https:\/\/www.leonardo-da-vinci-gymnasium.de\/wp-content\/uploads\/2024\/06\/Beitragsbild-Weimar.jpg",1024,768,false],"2048x2048":["https:\/\/www.leonardo-da-vinci-gymnasium.de\/wp-content\/uploads\/2024\/06\/Beitragsbild-Weimar.jpg",1024,768,false],"post-thumbnail":["https:\/\/www.leonardo-da-vinci-gymnasium.de\/wp-content\/uploads\/2024\/06\/Beitragsbild-Weimar-750x450.jpg",750,450,true],"gambit-header-image":["https:\/\/www.leonardo-da-vinci-gymnasium.de\/wp-content\/uploads\/2024\/06\/Beitragsbild-Weimar-1024x420.jpg",1024,420,true],"gambit-thumbnail-archive":["https:\/\/www.leonardo-da-vinci-gymnasium.de\/wp-content\/uploads\/2024\/06\/Beitragsbild-Weimar-300x240.jpg",300,240,true],"gambit-thumbnail-small":["https:\/\/www.leonardo-da-vinci-gymnasium.de\/wp-content\/uploads\/2024\/06\/Beitragsbild-Weimar-100x75.jpg",100,75,true],"gambit-thumbnail-medium":["https:\/\/www.leonardo-da-vinci-gymnasium.de\/wp-content\/uploads\/2024\/06\/Beitragsbild-Weimar-300x200.jpg",300,200,true],"gambit-thumbnail-large":["https:\/\/www.leonardo-da-vinci-gymnasium.de\/wp-content\/uploads\/2024\/06\/Beitragsbild-Weimar-420x280.jpg",420,280,true],"tzwb-thumbnail":["https:\/\/www.leonardo-da-vinci-gymnasium.de\/wp-content\/uploads\/2024\/06\/Beitragsbild-Weimar-80x64.jpg",80,64,true]},"uagb_author_info":{"display_name":"cbechinie","author_link":"https:\/\/www.leonardo-da-vinci-gymnasium.de\/?author=1"},"uagb_comment_info":0,"uagb_excerpt":"Vom 14. bis 16. Mai besuchte der Grundkurse Deutsch aus der Q2 Weimar, um dort dem Abiturschwerpunkt \u201eWeimarer Klassik\u201c auf die Spur zu gehen.","_links":{"self":[{"href":"https:\/\/www.leonardo-da-vinci-gymnasium.de\/index.php?rest_route=\/wp\/v2\/posts\/8621","targetHints":{"allow":["GET"]}}],"collection":[{"href":"https:\/\/www.leonardo-da-vinci-gymnasium.de\/index.php?rest_route=\/wp\/v2\/posts"}],"about":[{"href":"https:\/\/www.leonardo-da-vinci-gymnasium.de\/index.php?rest_route=\/wp\/v2\/types\/post"}],"author":[{"embeddable":true,"href":"https:\/\/www.leonardo-da-vinci-gymnasium.de\/index.php?rest_route=\/wp\/v2\/users\/1"}],"replies":[{"embeddable":true,"href":"https:\/\/www.leonardo-da-vinci-gymnasium.de\/index.php?rest_route=%2Fwp%2Fv2%2Fcomments&post=8621"}],"version-history":[{"count":14,"href":"https:\/\/www.leonardo-da-vinci-gymnasium.de\/index.php?rest_route=\/wp\/v2\/posts\/8621\/revisions"}],"predecessor-version":[{"id":8665,"href":"https:\/\/www.leonardo-da-vinci-gymnasium.de\/index.php?rest_route=\/wp\/v2\/posts\/8621\/revisions\/8665"}],"wp:featuredmedia":[{"embeddable":true,"href":"https:\/\/www.leonardo-da-vinci-gymnasium.de\/index.php?rest_route=\/wp\/v2\/media\/8622"}],"wp:attachment":[{"href":"https:\/\/www.leonardo-da-vinci-gymnasium.de\/index.php?rest_route=%2Fwp%2Fv2%2Fmedia&parent=8621"}],"wp:term":[{"taxonomy":"category","embeddable":true,"href":"https:\/\/www.leonardo-da-vinci-gymnasium.de\/index.php?rest_route=%2Fwp%2Fv2%2Fcategories&post=8621"},{"taxonomy":"post_tag","embeddable":true,"href":"https:\/\/www.leonardo-da-vinci-gymnasium.de\/index.php?rest_route=%2Fwp%2Fv2%2Ftags&post=8621"}],"curies":[{"name":"wp","href":"https:\/\/api.w.org\/{rel}","templated":true}]}}