{"id":8643,"date":"2024-06-06T19:03:56","date_gmt":"2024-06-06T17:03:56","guid":{"rendered":"https:\/\/www.leonardo-da-vinci-gymnasium.de\/?p=8643"},"modified":"2024-11-07T13:36:20","modified_gmt":"2024-11-07T12:36:20","slug":"leo-packt","status":"publish","type":"post","link":"https:\/\/www.leonardo-da-vinci-gymnasium.de\/?p=8643","title":{"rendered":"Leo packt (Stand 5. Juli)"},"content":{"rendered":"\n<h5 class=\"wp-block-heading\">Juli 2024<\/h5>\n\n\n\n<p>In 1 1\/2 Wochen ist es endlich soweit und die wohlverdienten Sommerferien starten. Gleichzeitig bedeutet dies aber, dass es nur 1 1\/2 Wochen sind um alles zu sichten, zu entsorgen oder in einen Karton zu packen. Gerade unsere gro\u00dfen Fachbereiche, in denen der Materialaufwand sehr hoch ist, haben sehr viele Kartons sowie allerlei Gegenst\u00e4nde zu packen. <\/p>\n\n\n\n<p>Am Dienstag war der Fachmann unserer Umzugsfirma vor Ort und hat sich ein Bild des aktuellen Stands gemacht und war sehr positiv \u00fcberrascht, wie weit schon alle beim einpacken sind. Am Freitag konnte dann auch unsere Technik AG t\u00e4tig werden und hat die komplette Technik sowie beide B\u00fchnen in der Aula abgebaut (siehe Fotos). Dies war nicht nur sehr zeitintensiv sondern auch sehr kraftraubend, aber am Ende war alles abgebaut, eingepackt und so ganz nebenbei noch gereinigt. <\/p>\n\n\n\n<p>Eine gro\u00dfe Hilfe waren unsere ehemaligen Sch\u00fcler Fabian und Sebastian, die immer wieder unsere AG unterst\u00fctzen. Vielen Dank an dieser Stelle f\u00fcr die Treue und Hilfe. Wir setzen nun alle zum Endspurt an, damit wir alle p\u00fcnktlich zum 17. Juli in die wohlverdienten Sommerferien starten k\u00f6nnen.<\/p>\n\n\n\nngg_shortcode_0_placeholder\n\n\n\n<h5 class=\"wp-block-heading\">Juni 2024<\/h5>\n\n\n\n<p>Die Vorbereitungen f\u00fcr den anstehenden Umzug in den Sommerferien sind im vollen Gange. In knapp sechs Wochen beginnen f\u00fcr unsere Sch\u00fclerinnen und Sch\u00fcler sowie f\u00fcr das Kollegium die Berliner Sommerferien. Viele werden sagen \u201cENDLICH\u201c, aber der Beginn der Sommerferien stellt auch einen Abschied von unserem alten Standort dar, da der Schulbetrieb nach den Sommerferien am neuen Standort in der Christoph-Ruden-Stra\u00dfe beginnt. <\/p>\n\n\n\n<p>Viele werden mit dem Beginn der Sommerferien zum \u201eletzten\u201c Mal vom Haewererweg in den Feierabend und die Ferien starten. Nicht nur auf der Baustelle wird flei\u00dfig an der Fertigstellung gearbeitet, sondern auch am jetzigen Standort sind alle flei\u00dfig dabei. Fast ger\u00e4uschlos sind schon alle flei\u00dfig dabei und packen, packen und packen. Neben dem Packen von Umzugskartons muss aber ganz viel Material gesichtet und vor allem auch entsorgt werden, da sich in den letzten 30 Jahren so einiges angesammelt hat. <\/p>\n\n\n\n<p>Am Anfang passierte dies noch im Stillen und f\u00fcr unsere Sch\u00fclerinnen und Sch\u00fcler nicht sichtbar, mittlerweile sind jedoch die ersten Ma\u00dfnahmen auch f\u00fcr sie un\u00fcbersehbar: Kartons stehen herum, R\u00e4ume werden zum Lagern gebraucht und k\u00f6nnen nicht mehr genutzt werden oder die ersten kaputten M\u00f6bel aus den Bereichen verschwinden. <\/p>\n\n\n\n<p>Auch die Vorbereitungen f\u00fcr den Umzug sind f\u00fcr alle eine spannende, anstrengende und herausfordernde Zeit.<\/p>\n\n\n\n<blockquote class=\"wp-block-quote is-layout-flow wp-block-quote-is-layout-flow\">\n<p>Sven Scheffler<\/p>\n<\/blockquote>\n\n\n\nngg_shortcode_1_placeholder\n","protected":false},"excerpt":{"rendered":"<p>Auch die Vorbereitungen f\u00fcr den Umzug sind f\u00fcr alle eine spannende, anstrengende und herausfordernde Zeit.<\/p>\n","protected":false},"author":1,"featured_media":8748,"comment_status":"closed","ping_status":"closed","sticky":false,"template":"","format":"standard","meta":{"_uag_custom_page_level_css":"","ngg_post_thumbnail":0,"footnotes":""},"categories":[37],"tags":[],"class_list":["post-8643","post","type-post","status-publish","format-standard","has-post-thumbnail","hentry","category-neubau"],"featured_image_urls_v2":{"full":["https:\/\/www.leonardo-da-vinci-gymnasium.de\/wp-content\/uploads\/2024\/06\/Beitragsbild-Leo-packt.jpg",1024,768,false],"thumbnail":["https:\/\/www.leonardo-da-vinci-gymnasium.de\/wp-content\/uploads\/2024\/06\/Beitragsbild-Leo-packt-150x150.jpg",150,150,true],"medium":["https:\/\/www.leonardo-da-vinci-gymnasium.de\/wp-content\/uploads\/2024\/06\/Beitragsbild-Leo-packt-300x225.jpg",300,225,true],"medium_large":["https:\/\/www.leonardo-da-vinci-gymnasium.de\/wp-content\/uploads\/2024\/06\/Beitragsbild-Leo-packt-768x576.jpg",750,563,true],"large":["https:\/\/www.leonardo-da-vinci-gymnasium.de\/wp-content\/uploads\/2024\/06\/Beitragsbild-Leo-packt.jpg",750,563,false],"1536x1536":["https:\/\/www.leonardo-da-vinci-gymnasium.de\/wp-content\/uploads\/2024\/06\/Beitragsbild-Leo-packt.jpg",1024,768,false],"2048x2048":["https:\/\/www.leonardo-da-vinci-gymnasium.de\/wp-content\/uploads\/2024\/06\/Beitragsbild-Leo-packt.jpg",1024,768,false],"post-thumbnail":["https:\/\/www.leonardo-da-vinci-gymnasium.de\/wp-content\/uploads\/2024\/06\/Beitragsbild-Leo-packt-750x450.jpg",750,450,true],"gambit-header-image":["https:\/\/www.leonardo-da-vinci-gymnasium.de\/wp-content\/uploads\/2024\/06\/Beitragsbild-Leo-packt-1024x420.jpg",1024,420,true],"gambit-thumbnail-archive":["https:\/\/www.leonardo-da-vinci-gymnasium.de\/wp-content\/uploads\/2024\/06\/Beitragsbild-Leo-packt-300x240.jpg",300,240,true],"gambit-thumbnail-small":["https:\/\/www.leonardo-da-vinci-gymnasium.de\/wp-content\/uploads\/2024\/06\/Beitragsbild-Leo-packt-100x75.jpg",100,75,true],"gambit-thumbnail-medium":["https:\/\/www.leonardo-da-vinci-gymnasium.de\/wp-content\/uploads\/2024\/06\/Beitragsbild-Leo-packt-300x200.jpg",300,200,true],"gambit-thumbnail-large":["https:\/\/www.leonardo-da-vinci-gymnasium.de\/wp-content\/uploads\/2024\/06\/Beitragsbild-Leo-packt-420x280.jpg",420,280,true],"tzwb-thumbnail":["https:\/\/www.leonardo-da-vinci-gymnasium.de\/wp-content\/uploads\/2024\/06\/Beitragsbild-Leo-packt-80x64.jpg",80,64,true]},"post_excerpt_stackable_v2":"<p>Auch die Vorbereitungen f\u00fcr den Umzug sind f\u00fcr alle eine spannende, anstrengende und herausfordernde Zeit.<\/p>\n","category_list_v2":"<a href=\"https:\/\/www.leonardo-da-vinci-gymnasium.de\/?cat=37\" rel=\"category\">Neubau<\/a>","author_info_v2":{"name":"cbechinie","url":"https:\/\/www.leonardo-da-vinci-gymnasium.de\/?author=1"},"comments_num_v2":"0 comments","uagb_featured_image_src":{"full":["https:\/\/www.leonardo-da-vinci-gymnasium.de\/wp-content\/uploads\/2024\/06\/Beitragsbild-Leo-packt.jpg",1024,768,false],"thumbnail":["https:\/\/www.leonardo-da-vinci-gymnasium.de\/wp-content\/uploads\/2024\/06\/Beitragsbild-Leo-packt-150x150.jpg",150,150,true],"medium":["https:\/\/www.leonardo-da-vinci-gymnasium.de\/wp-content\/uploads\/2024\/06\/Beitragsbild-Leo-packt-300x225.jpg",300,225,true],"medium_large":["https:\/\/www.leonardo-da-vinci-gymnasium.de\/wp-content\/uploads\/2024\/06\/Beitragsbild-Leo-packt-768x576.jpg",750,563,true],"large":["https:\/\/www.leonardo-da-vinci-gymnasium.de\/wp-content\/uploads\/2024\/06\/Beitragsbild-Leo-packt.jpg",750,563,false],"1536x1536":["https:\/\/www.leonardo-da-vinci-gymnasium.de\/wp-content\/uploads\/2024\/06\/Beitragsbild-Leo-packt.jpg",1024,768,false],"2048x2048":["https:\/\/www.leonardo-da-vinci-gymnasium.de\/wp-content\/uploads\/2024\/06\/Beitragsbild-Leo-packt.jpg",1024,768,false],"post-thumbnail":["https:\/\/www.leonardo-da-vinci-gymnasium.de\/wp-content\/uploads\/2024\/06\/Beitragsbild-Leo-packt-750x450.jpg",750,450,true],"gambit-header-image":["https:\/\/www.leonardo-da-vinci-gymnasium.de\/wp-content\/uploads\/2024\/06\/Beitragsbild-Leo-packt-1024x420.jpg",1024,420,true],"gambit-thumbnail-archive":["https:\/\/www.leonardo-da-vinci-gymnasium.de\/wp-content\/uploads\/2024\/06\/Beitragsbild-Leo-packt-300x240.jpg",300,240,true],"gambit-thumbnail-small":["https:\/\/www.leonardo-da-vinci-gymnasium.de\/wp-content\/uploads\/2024\/06\/Beitragsbild-Leo-packt-100x75.jpg",100,75,true],"gambit-thumbnail-medium":["https:\/\/www.leonardo-da-vinci-gymnasium.de\/wp-content\/uploads\/2024\/06\/Beitragsbild-Leo-packt-300x200.jpg",300,200,true],"gambit-thumbnail-large":["https:\/\/www.leonardo-da-vinci-gymnasium.de\/wp-content\/uploads\/2024\/06\/Beitragsbild-Leo-packt-420x280.jpg",420,280,true],"tzwb-thumbnail":["https:\/\/www.leonardo-da-vinci-gymnasium.de\/wp-content\/uploads\/2024\/06\/Beitragsbild-Leo-packt-80x64.jpg",80,64,true]},"uagb_author_info":{"display_name":"cbechinie","author_link":"https:\/\/www.leonardo-da-vinci-gymnasium.de\/?author=1"},"uagb_comment_info":0,"uagb_excerpt":"Auch die Vorbereitungen f\u00fcr den Umzug sind f\u00fcr alle eine spannende, anstrengende und herausfordernde Zeit.","_links":{"self":[{"href":"https:\/\/www.leonardo-da-vinci-gymnasium.de\/index.php?rest_route=\/wp\/v2\/posts\/8643","targetHints":{"allow":["GET"]}}],"collection":[{"href":"https:\/\/www.leonardo-da-vinci-gymnasium.de\/index.php?rest_route=\/wp\/v2\/posts"}],"about":[{"href":"https:\/\/www.leonardo-da-vinci-gymnasium.de\/index.php?rest_route=\/wp\/v2\/types\/post"}],"author":[{"embeddable":true,"href":"https:\/\/www.leonardo-da-vinci-gymnasium.de\/index.php?rest_route=\/wp\/v2\/users\/1"}],"replies":[{"embeddable":true,"href":"https:\/\/www.leonardo-da-vinci-gymnasium.de\/index.php?rest_route=%2Fwp%2Fv2%2Fcomments&post=8643"}],"version-history":[{"count":7,"href":"https:\/\/www.leonardo-da-vinci-gymnasium.de\/index.php?rest_route=\/wp\/v2\/posts\/8643\/revisions"}],"predecessor-version":[{"id":8766,"href":"https:\/\/www.leonardo-da-vinci-gymnasium.de\/index.php?rest_route=\/wp\/v2\/posts\/8643\/revisions\/8766"}],"wp:featuredmedia":[{"embeddable":true,"href":"https:\/\/www.leonardo-da-vinci-gymnasium.de\/index.php?rest_route=\/wp\/v2\/media\/8748"}],"wp:attachment":[{"href":"https:\/\/www.leonardo-da-vinci-gymnasium.de\/index.php?rest_route=%2Fwp%2Fv2%2Fmedia&parent=8643"}],"wp:term":[{"taxonomy":"category","embeddable":true,"href":"https:\/\/www.leonardo-da-vinci-gymnasium.de\/index.php?rest_route=%2Fwp%2Fv2%2Fcategories&post=8643"},{"taxonomy":"post_tag","embeddable":true,"href":"https:\/\/www.leonardo-da-vinci-gymnasium.de\/index.php?rest_route=%2Fwp%2Fv2%2Ftags&post=8643"}],"curies":[{"name":"wp","href":"https:\/\/api.w.org\/{rel}","templated":true}]}}