{"id":8701,"date":"2024-06-30T11:58:46","date_gmt":"2024-06-30T09:58:46","guid":{"rendered":"https:\/\/www.leonardo-da-vinci-gymnasium.de\/?p=8701"},"modified":"2025-05-05T10:33:39","modified_gmt":"2025-05-05T08:33:39","slug":"8701","status":"publish","type":"post","link":"https:\/\/www.leonardo-da-vinci-gymnasium.de\/?p=8701","title":{"rendered":"Nathan der Weise"},"content":{"rendered":"\n<blockquote class=\"wp-block-quote is-layout-flow wp-block-quote-is-layout-flow\">\n<p>\u201eIn einer diversen Gesellschaft kann es ein WIR geben &#8211; davon wollen wir so gern \u00fcberzeugt sein. Aber es ist kein WIR, das automatisch entsteht und keines das auf immer gilt. Es ist ein fragiles Gebilde, um das eine Gruppe mit vielen unterschiedlichen Perspektiven stetig ringen muss. Das kann nur gelingen, wenn die Menschen mit einander in den Dialog gehen, und einander auch wenn es schwierig wird mit Empathie gegen\u00fcbertreten.\u201c<\/p>\n<cite>Auszug aus dem St\u00fcck Nathan<\/cite><\/blockquote>\n\n\n<div class=\"wp-block-image\">\n<figure class=\"alignright size-large is-resized\"><a href=\"https:\/\/www.leonardo-da-vinci-gymnasium.de\/wp-content\/uploads\/2024\/06\/Nathan-2024-1500.jpg\" target=\"_blank\" rel=\"noreferrer noopener\"><img loading=\"lazy\" decoding=\"async\" width=\"1024\" height=\"831\" src=\"https:\/\/www.leonardo-da-vinci-gymnasium.de\/wp-content\/uploads\/2024\/06\/Nathan-2024-1500-1024x831.jpg\" alt=\"\" class=\"wp-image-8702\" style=\"width:500px;height:auto\" srcset=\"https:\/\/www.leonardo-da-vinci-gymnasium.de\/wp-content\/uploads\/2024\/06\/Nathan-2024-1500-1024x831.jpg 1024w, https:\/\/www.leonardo-da-vinci-gymnasium.de\/wp-content\/uploads\/2024\/06\/Nathan-2024-1500-300x243.jpg 300w, https:\/\/www.leonardo-da-vinci-gymnasium.de\/wp-content\/uploads\/2024\/06\/Nathan-2024-1500-768x623.jpg 768w, https:\/\/www.leonardo-da-vinci-gymnasium.de\/wp-content\/uploads\/2024\/06\/Nathan-2024-1500-80x64.jpg 80w, https:\/\/www.leonardo-da-vinci-gymnasium.de\/wp-content\/uploads\/2024\/06\/Nathan-2024-1500.jpg 1500w\" sizes=\"auto, (max-width: 1024px) 100vw, 1024px\" \/><\/a><\/figure>\n<\/div>\n\n\n<p>Einige Sch\u00fcler*innen der Grundkurse Deutsch Q2 besuchten mit Frau Glintzer, Frau Schweitzer und Frau Gummelt am vergangenen Montag das Deutsche Theater, um sich eine moderne Inszenierung von Lessings Klassiker \u201eNathan der Weise\u201c anzuschauen.<\/p>\n\n\n\n<p>Das Besondere an dem St\u00fcck ist, dass das Ensemble ausschlie\u00dflich aus Berliner Jugendlichen besteht, die ihre eigene Lebenswelt mit der Botschaft der Ringparabel und den Rollen des St\u00fccks verkn\u00fcpfen.<\/p>\n\n\n\n<p>Lessings Gleichnis von der Utopie einer Welt ohne K\u00e4mpfe um die einzig richtige Religion ist fernab von der Realit\u00e4t der Jugendlichen, wo es nicht selten auf dem Schulhof zu religi\u00f6sen Anfeindungen kommt.<\/p>\n\n\n\n<blockquote class=\"wp-block-quote is-layout-flow wp-block-quote-is-layout-flow\">\n<p>\u201eIch fand, dass das St\u00fcck \u201eNathan der Weise\u201c von Lessing, das wir im Theater gesehen haben, sowohl emotional ber\u00fchrend als auch belehrend war. Besonders bewegend war der Moment, als die Schauspieler auf ihre jeweilige religi\u00f6se Weise beteten. Das St\u00fcck war lehrreich, da es verschiedene Glaubensrichtungen thematisierte und Akzeptanz sowie Vernunft in den Vordergrund stellte. Meiner Meinung nach er\u00f6ffnet das St\u00fcck viele unterschiedliche Perspektiven und hinterl\u00e4sst einen bleibenden Eindruck.\u201c <\/p>\n<cite>Rabia Sahin, Q2<\/cite><\/blockquote>\n\n\n\n<blockquote class=\"wp-block-quote is-layout-flow wp-block-quote-is-layout-flow\">\n<p>\u201eIch fand das St\u00fcck sehr unterhaltsam, da trotz des ernsten Themas, welches in dem Theaterst\u00fcck thematisiert wurde, Humor gezeigt und viel gelacht wurde.\u201c <\/p>\n<cite>Elin El-Waked, Q2<\/cite><\/blockquote>\n\n\n\n<blockquote class=\"wp-block-quote is-layout-flow wp-block-quote-is-layout-flow\">\n<p>\u201eDie Auff\u00fchrung beeindruckte durch eine moderne Inszenierung und hervorragende schauspielerische Leistung. Besonders gelungen war die Umsetzung der zentralen Themen Toleranz und Humanit\u00e4t, die w\u00e4hrend des St\u00fcckes intensiv zur Geltung kamen.\u201c <\/p>\n<cite>Sudenur Almas, Q2<\/cite><\/blockquote>\n\n\n\n<p>(Juni 2024) <\/p>\n","protected":false},"excerpt":{"rendered":"<p>Sch\u00fcler*innen der Grundkurse Deutsch Q2 schauten sich eine moderne Inszenierung von Lessings Klassiker \u201eNathan der Weise\u201c an.<\/p>\n","protected":false},"author":1,"featured_media":8707,"comment_status":"closed","ping_status":"closed","sticky":false,"template":"","format":"standard","meta":{"_uag_custom_page_level_css":"","ngg_post_thumbnail":0,"footnotes":""},"categories":[74,25],"tags":[],"class_list":["post-8701","post","type-post","status-publish","format-standard","has-post-thumbnail","hentry","category-deutsch-deutsch","category-schulleben"],"featured_image_urls_v2":{"full":["https:\/\/www.leonardo-da-vinci-gymnasium.de\/wp-content\/uploads\/2024\/06\/Beitragsbild-Nathan.jpg",1024,768,false],"thumbnail":["https:\/\/www.leonardo-da-vinci-gymnasium.de\/wp-content\/uploads\/2024\/06\/Beitragsbild-Nathan-150x150.jpg",150,150,true],"medium":["https:\/\/www.leonardo-da-vinci-gymnasium.de\/wp-content\/uploads\/2024\/06\/Beitragsbild-Nathan-300x225.jpg",300,225,true],"medium_large":["https:\/\/www.leonardo-da-vinci-gymnasium.de\/wp-content\/uploads\/2024\/06\/Beitragsbild-Nathan-768x576.jpg",750,563,true],"large":["https:\/\/www.leonardo-da-vinci-gymnasium.de\/wp-content\/uploads\/2024\/06\/Beitragsbild-Nathan.jpg",750,563,false],"1536x1536":["https:\/\/www.leonardo-da-vinci-gymnasium.de\/wp-content\/uploads\/2024\/06\/Beitragsbild-Nathan.jpg",1024,768,false],"2048x2048":["https:\/\/www.leonardo-da-vinci-gymnasium.de\/wp-content\/uploads\/2024\/06\/Beitragsbild-Nathan.jpg",1024,768,false],"post-thumbnail":["https:\/\/www.leonardo-da-vinci-gymnasium.de\/wp-content\/uploads\/2024\/06\/Beitragsbild-Nathan-750x450.jpg",750,450,true],"gambit-header-image":["https:\/\/www.leonardo-da-vinci-gymnasium.de\/wp-content\/uploads\/2024\/06\/Beitragsbild-Nathan-1024x420.jpg",1024,420,true],"gambit-thumbnail-archive":["https:\/\/www.leonardo-da-vinci-gymnasium.de\/wp-content\/uploads\/2024\/06\/Beitragsbild-Nathan-300x240.jpg",300,240,true],"gambit-thumbnail-small":["https:\/\/www.leonardo-da-vinci-gymnasium.de\/wp-content\/uploads\/2024\/06\/Beitragsbild-Nathan-100x75.jpg",100,75,true],"gambit-thumbnail-medium":["https:\/\/www.leonardo-da-vinci-gymnasium.de\/wp-content\/uploads\/2024\/06\/Beitragsbild-Nathan-300x200.jpg",300,200,true],"gambit-thumbnail-large":["https:\/\/www.leonardo-da-vinci-gymnasium.de\/wp-content\/uploads\/2024\/06\/Beitragsbild-Nathan-420x280.jpg",420,280,true],"tzwb-thumbnail":["https:\/\/www.leonardo-da-vinci-gymnasium.de\/wp-content\/uploads\/2024\/06\/Beitragsbild-Nathan-80x64.jpg",80,64,true]},"post_excerpt_stackable_v2":"<p>Sch\u00fcler*innen der Grundkurse Deutsch Q2 schauten sich eine moderne Inszenierung von Lessings Klassiker \u201eNathan der Weise\u201c an.<\/p>\n","category_list_v2":"<a href=\"https:\/\/www.leonardo-da-vinci-gymnasium.de\/?cat=74\" rel=\"category\">Deutsch - Beitr\u00e4ge<\/a>, <a href=\"https:\/\/www.leonardo-da-vinci-gymnasium.de\/?cat=25\" rel=\"category\">Schulleben<\/a>","author_info_v2":{"name":"cbechinie","url":"https:\/\/www.leonardo-da-vinci-gymnasium.de\/?author=1"},"comments_num_v2":"0 comments","uagb_featured_image_src":{"full":["https:\/\/www.leonardo-da-vinci-gymnasium.de\/wp-content\/uploads\/2024\/06\/Beitragsbild-Nathan.jpg",1024,768,false],"thumbnail":["https:\/\/www.leonardo-da-vinci-gymnasium.de\/wp-content\/uploads\/2024\/06\/Beitragsbild-Nathan-150x150.jpg",150,150,true],"medium":["https:\/\/www.leonardo-da-vinci-gymnasium.de\/wp-content\/uploads\/2024\/06\/Beitragsbild-Nathan-300x225.jpg",300,225,true],"medium_large":["https:\/\/www.leonardo-da-vinci-gymnasium.de\/wp-content\/uploads\/2024\/06\/Beitragsbild-Nathan-768x576.jpg",750,563,true],"large":["https:\/\/www.leonardo-da-vinci-gymnasium.de\/wp-content\/uploads\/2024\/06\/Beitragsbild-Nathan.jpg",750,563,false],"1536x1536":["https:\/\/www.leonardo-da-vinci-gymnasium.de\/wp-content\/uploads\/2024\/06\/Beitragsbild-Nathan.jpg",1024,768,false],"2048x2048":["https:\/\/www.leonardo-da-vinci-gymnasium.de\/wp-content\/uploads\/2024\/06\/Beitragsbild-Nathan.jpg",1024,768,false],"post-thumbnail":["https:\/\/www.leonardo-da-vinci-gymnasium.de\/wp-content\/uploads\/2024\/06\/Beitragsbild-Nathan-750x450.jpg",750,450,true],"gambit-header-image":["https:\/\/www.leonardo-da-vinci-gymnasium.de\/wp-content\/uploads\/2024\/06\/Beitragsbild-Nathan-1024x420.jpg",1024,420,true],"gambit-thumbnail-archive":["https:\/\/www.leonardo-da-vinci-gymnasium.de\/wp-content\/uploads\/2024\/06\/Beitragsbild-Nathan-300x240.jpg",300,240,true],"gambit-thumbnail-small":["https:\/\/www.leonardo-da-vinci-gymnasium.de\/wp-content\/uploads\/2024\/06\/Beitragsbild-Nathan-100x75.jpg",100,75,true],"gambit-thumbnail-medium":["https:\/\/www.leonardo-da-vinci-gymnasium.de\/wp-content\/uploads\/2024\/06\/Beitragsbild-Nathan-300x200.jpg",300,200,true],"gambit-thumbnail-large":["https:\/\/www.leonardo-da-vinci-gymnasium.de\/wp-content\/uploads\/2024\/06\/Beitragsbild-Nathan-420x280.jpg",420,280,true],"tzwb-thumbnail":["https:\/\/www.leonardo-da-vinci-gymnasium.de\/wp-content\/uploads\/2024\/06\/Beitragsbild-Nathan-80x64.jpg",80,64,true]},"uagb_author_info":{"display_name":"cbechinie","author_link":"https:\/\/www.leonardo-da-vinci-gymnasium.de\/?author=1"},"uagb_comment_info":0,"uagb_excerpt":"Sch\u00fcler*innen der Grundkurse Deutsch Q2 schauten sich eine moderne Inszenierung von Lessings Klassiker \u201eNathan der Weise\u201c an.","_links":{"self":[{"href":"https:\/\/www.leonardo-da-vinci-gymnasium.de\/index.php?rest_route=\/wp\/v2\/posts\/8701","targetHints":{"allow":["GET"]}}],"collection":[{"href":"https:\/\/www.leonardo-da-vinci-gymnasium.de\/index.php?rest_route=\/wp\/v2\/posts"}],"about":[{"href":"https:\/\/www.leonardo-da-vinci-gymnasium.de\/index.php?rest_route=\/wp\/v2\/types\/post"}],"author":[{"embeddable":true,"href":"https:\/\/www.leonardo-da-vinci-gymnasium.de\/index.php?rest_route=\/wp\/v2\/users\/1"}],"replies":[{"embeddable":true,"href":"https:\/\/www.leonardo-da-vinci-gymnasium.de\/index.php?rest_route=%2Fwp%2Fv2%2Fcomments&post=8701"}],"version-history":[{"count":13,"href":"https:\/\/www.leonardo-da-vinci-gymnasium.de\/index.php?rest_route=\/wp\/v2\/posts\/8701\/revisions"}],"predecessor-version":[{"id":8717,"href":"https:\/\/www.leonardo-da-vinci-gymnasium.de\/index.php?rest_route=\/wp\/v2\/posts\/8701\/revisions\/8717"}],"wp:featuredmedia":[{"embeddable":true,"href":"https:\/\/www.leonardo-da-vinci-gymnasium.de\/index.php?rest_route=\/wp\/v2\/media\/8707"}],"wp:attachment":[{"href":"https:\/\/www.leonardo-da-vinci-gymnasium.de\/index.php?rest_route=%2Fwp%2Fv2%2Fmedia&parent=8701"}],"wp:term":[{"taxonomy":"category","embeddable":true,"href":"https:\/\/www.leonardo-da-vinci-gymnasium.de\/index.php?rest_route=%2Fwp%2Fv2%2Fcategories&post=8701"},{"taxonomy":"post_tag","embeddable":true,"href":"https:\/\/www.leonardo-da-vinci-gymnasium.de\/index.php?rest_route=%2Fwp%2Fv2%2Ftags&post=8701"}],"curies":[{"name":"wp","href":"https:\/\/api.w.org\/{rel}","templated":true}]}}