{"id":8963,"date":"2024-11-27T16:29:02","date_gmt":"2024-11-27T15:29:02","guid":{"rendered":"https:\/\/www.leonardo-da-vinci-gymnasium.de\/?p=8963"},"modified":"2026-01-10T14:17:50","modified_gmt":"2026-01-10T13:17:50","slug":"woyzeck-am-berliner-ensemble","status":"publish","type":"post","link":"https:\/\/www.leonardo-da-vinci-gymnasium.de\/?p=8963","title":{"rendered":"Woyzeck am Berliner Ensemble"},"content":{"rendered":"\n<p>Anfang November haben alle Deutsch-Grundkurse gemeinsam mit Frau Reiter-Ost, Herrn Finke, Frau Gummelt, Frau Schweitzer und Frau Severin eine etwas andere Inszenierung von Georg B\u00fcchners Woyzeck am Berliner Ensemble gesehen.<\/p>\n\n\n\n<p>Der Regisseur Ersan Mondtag verlegt Woyzeck in ein kleines Camp im Wald. Zur\u00fcckgezogen zelebriert hier eine kleine Gemeinde in der Natur ihre toxische M\u00e4nnlichkeit. Woyzeck wird zum Opfer dumpfer, patriarchaler Muster.<\/p>\n\n\n\n<p>F\u00fcr uns als Abiturient*innen war das Theaterst\u00fcck auf jeden Fall eine \u00dcberraschung und bot uns eine neue Perspektive auf das Werk.<\/p>\n\n\n\n<p>\u201e<em>Am besten gefiel mir das B\u00fchnenbild, da es sehr realistisch und kreativ gestaltet worden ist mit diversen Elementen, die man sonst so im Theater nicht kennt, wie beispielsweise das Wasser, welches die d\u00fcstere und ernste Atmosph\u00e4re im Drama sehr gut wiedergegeben hat.<\/em>\u201c <\/p>\n\n\n\n<blockquote class=\"wp-block-quote is-layout-flow wp-block-quote-is-layout-flow\">\n<p>Erva Dastan, Q3<\/p>\n<\/blockquote>\n\n\n\n<p>\u201e<em>Ein Kritikpunkt ist, dass alle Rollen m\u00e4nnlich besetzt wurden. Das hat dazu beigetragen, dass die Darstellung nicht den Vorstellungen der Sch\u00fcler entsprach; eine diversere Besetzung h\u00e4tte unterschiedliche Perspektiven bieten k\u00f6nnen.<\/em>\u201c<\/p>\n\n\n\n<blockquote class=\"wp-block-quote is-layout-flow wp-block-quote-is-layout-flow\">\n<p>Rabia Sahin, Q3<\/p>\n<\/blockquote>\n\n\n\n<p>\u201e<em>Das St\u00fcck \u201eWoyzeck\u201c, welches wir im Theater alle zusammen gesehen haben, hat mich \u00e4u\u00dferst \u00fcberrascht und hat meine Erwartung \u00fcbertroffen, da ich es mir komplett anders vorgestellt habe.<\/em>\u201c<\/p>\n\n\n\n<blockquote class=\"wp-block-quote is-layout-flow wp-block-quote-is-layout-flow\">\n<p>Erva Dastan, Q3<\/p>\n<\/blockquote>\n\n\n\n<figure class=\"wp-block-image size-large\"><img loading=\"lazy\" decoding=\"async\" width=\"1024\" height=\"768\" src=\"https:\/\/www.leonardo-da-vinci-gymnasium.de\/wp-content\/uploads\/2024\/11\/Woyzeck-2024-bearbeitet-1024x768.jpg\" alt=\"\" class=\"wp-image-8964\" srcset=\"https:\/\/www.leonardo-da-vinci-gymnasium.de\/wp-content\/uploads\/2024\/11\/Woyzeck-2024-bearbeitet-1024x768.jpg 1024w, https:\/\/www.leonardo-da-vinci-gymnasium.de\/wp-content\/uploads\/2024\/11\/Woyzeck-2024-bearbeitet-300x225.jpg 300w, https:\/\/www.leonardo-da-vinci-gymnasium.de\/wp-content\/uploads\/2024\/11\/Woyzeck-2024-bearbeitet-768x576.jpg 768w, https:\/\/www.leonardo-da-vinci-gymnasium.de\/wp-content\/uploads\/2024\/11\/Woyzeck-2024-bearbeitet-100x75.jpg 100w, https:\/\/www.leonardo-da-vinci-gymnasium.de\/wp-content\/uploads\/2024\/11\/Woyzeck-2024-bearbeitet.jpg 1500w\" sizes=\"auto, (max-width: 1024px) 100vw, 1024px\" \/><\/figure>\n","protected":false},"excerpt":{"rendered":"<p>Anfang November haben alle Deutsch-Grundkurse gemeinsam eine etwas andere Inszenierung von Georg B\u00fcchners Woyzeck am Berliner Ensemble gesehen.<\/p>\n","protected":false},"author":1,"featured_media":8964,"comment_status":"closed","ping_status":"closed","sticky":false,"template":"","format":"standard","meta":{"_uag_custom_page_level_css":"","ngg_post_thumbnail":0,"footnotes":""},"categories":[74,25],"tags":[],"class_list":["post-8963","post","type-post","status-publish","format-standard","has-post-thumbnail","hentry","category-deutsch-deutsch","category-schulleben"],"featured_image_urls_v2":{"full":["https:\/\/www.leonardo-da-vinci-gymnasium.de\/wp-content\/uploads\/2024\/11\/Woyzeck-2024-bearbeitet.jpg",1500,1125,false],"thumbnail":["https:\/\/www.leonardo-da-vinci-gymnasium.de\/wp-content\/uploads\/2024\/11\/Woyzeck-2024-bearbeitet-150x150.jpg",150,150,true],"medium":["https:\/\/www.leonardo-da-vinci-gymnasium.de\/wp-content\/uploads\/2024\/11\/Woyzeck-2024-bearbeitet-300x225.jpg",300,225,true],"medium_large":["https:\/\/www.leonardo-da-vinci-gymnasium.de\/wp-content\/uploads\/2024\/11\/Woyzeck-2024-bearbeitet-768x576.jpg",750,563,true],"large":["https:\/\/www.leonardo-da-vinci-gymnasium.de\/wp-content\/uploads\/2024\/11\/Woyzeck-2024-bearbeitet-1024x768.jpg",750,563,true],"1536x1536":["https:\/\/www.leonardo-da-vinci-gymnasium.de\/wp-content\/uploads\/2024\/11\/Woyzeck-2024-bearbeitet.jpg",1500,1125,false],"2048x2048":["https:\/\/www.leonardo-da-vinci-gymnasium.de\/wp-content\/uploads\/2024\/11\/Woyzeck-2024-bearbeitet.jpg",1500,1125,false],"post-thumbnail":["https:\/\/www.leonardo-da-vinci-gymnasium.de\/wp-content\/uploads\/2024\/11\/Woyzeck-2024-bearbeitet-750x450.jpg",750,450,true],"gambit-header-image":["https:\/\/www.leonardo-da-vinci-gymnasium.de\/wp-content\/uploads\/2024\/11\/Woyzeck-2024-bearbeitet-1340x420.jpg",1340,420,true],"gambit-thumbnail-archive":["https:\/\/www.leonardo-da-vinci-gymnasium.de\/wp-content\/uploads\/2024\/11\/Woyzeck-2024-bearbeitet-300x240.jpg",300,240,true],"gambit-thumbnail-small":["https:\/\/www.leonardo-da-vinci-gymnasium.de\/wp-content\/uploads\/2024\/11\/Woyzeck-2024-bearbeitet-100x75.jpg",100,75,true],"gambit-thumbnail-medium":["https:\/\/www.leonardo-da-vinci-gymnasium.de\/wp-content\/uploads\/2024\/11\/Woyzeck-2024-bearbeitet-300x200.jpg",300,200,true],"gambit-thumbnail-large":["https:\/\/www.leonardo-da-vinci-gymnasium.de\/wp-content\/uploads\/2024\/11\/Woyzeck-2024-bearbeitet-420x280.jpg",420,280,true],"tzwb-thumbnail":["https:\/\/www.leonardo-da-vinci-gymnasium.de\/wp-content\/uploads\/2024\/11\/Woyzeck-2024-bearbeitet-80x64.jpg",80,64,true]},"post_excerpt_stackable_v2":"<p>Anfang November haben alle Deutsch-Grundkurse gemeinsam eine etwas andere Inszenierung von Georg B\u00fcchners Woyzeck am Berliner Ensemble gesehen.<\/p>\n","category_list_v2":"<a href=\"https:\/\/www.leonardo-da-vinci-gymnasium.de\/?cat=74\" rel=\"category\">Deutsch - Beitr\u00e4ge<\/a>, <a href=\"https:\/\/www.leonardo-da-vinci-gymnasium.de\/?cat=25\" rel=\"category\">Schulleben<\/a>","author_info_v2":{"name":"cbechinie","url":"https:\/\/www.leonardo-da-vinci-gymnasium.de\/?author=1"},"comments_num_v2":"0 comments","uagb_featured_image_src":{"full":["https:\/\/www.leonardo-da-vinci-gymnasium.de\/wp-content\/uploads\/2024\/11\/Woyzeck-2024-bearbeitet.jpg",1500,1125,false],"thumbnail":["https:\/\/www.leonardo-da-vinci-gymnasium.de\/wp-content\/uploads\/2024\/11\/Woyzeck-2024-bearbeitet-150x150.jpg",150,150,true],"medium":["https:\/\/www.leonardo-da-vinci-gymnasium.de\/wp-content\/uploads\/2024\/11\/Woyzeck-2024-bearbeitet-300x225.jpg",300,225,true],"medium_large":["https:\/\/www.leonardo-da-vinci-gymnasium.de\/wp-content\/uploads\/2024\/11\/Woyzeck-2024-bearbeitet-768x576.jpg",750,563,true],"large":["https:\/\/www.leonardo-da-vinci-gymnasium.de\/wp-content\/uploads\/2024\/11\/Woyzeck-2024-bearbeitet-1024x768.jpg",750,563,true],"1536x1536":["https:\/\/www.leonardo-da-vinci-gymnasium.de\/wp-content\/uploads\/2024\/11\/Woyzeck-2024-bearbeitet.jpg",1500,1125,false],"2048x2048":["https:\/\/www.leonardo-da-vinci-gymnasium.de\/wp-content\/uploads\/2024\/11\/Woyzeck-2024-bearbeitet.jpg",1500,1125,false],"post-thumbnail":["https:\/\/www.leonardo-da-vinci-gymnasium.de\/wp-content\/uploads\/2024\/11\/Woyzeck-2024-bearbeitet-750x450.jpg",750,450,true],"gambit-header-image":["https:\/\/www.leonardo-da-vinci-gymnasium.de\/wp-content\/uploads\/2024\/11\/Woyzeck-2024-bearbeitet-1340x420.jpg",1340,420,true],"gambit-thumbnail-archive":["https:\/\/www.leonardo-da-vinci-gymnasium.de\/wp-content\/uploads\/2024\/11\/Woyzeck-2024-bearbeitet-300x240.jpg",300,240,true],"gambit-thumbnail-small":["https:\/\/www.leonardo-da-vinci-gymnasium.de\/wp-content\/uploads\/2024\/11\/Woyzeck-2024-bearbeitet-100x75.jpg",100,75,true],"gambit-thumbnail-medium":["https:\/\/www.leonardo-da-vinci-gymnasium.de\/wp-content\/uploads\/2024\/11\/Woyzeck-2024-bearbeitet-300x200.jpg",300,200,true],"gambit-thumbnail-large":["https:\/\/www.leonardo-da-vinci-gymnasium.de\/wp-content\/uploads\/2024\/11\/Woyzeck-2024-bearbeitet-420x280.jpg",420,280,true],"tzwb-thumbnail":["https:\/\/www.leonardo-da-vinci-gymnasium.de\/wp-content\/uploads\/2024\/11\/Woyzeck-2024-bearbeitet-80x64.jpg",80,64,true]},"uagb_author_info":{"display_name":"cbechinie","author_link":"https:\/\/www.leonardo-da-vinci-gymnasium.de\/?author=1"},"uagb_comment_info":0,"uagb_excerpt":"Anfang November haben alle Deutsch-Grundkurse gemeinsam eine etwas andere Inszenierung von Georg B\u00fcchners Woyzeck am Berliner Ensemble gesehen.","_links":{"self":[{"href":"https:\/\/www.leonardo-da-vinci-gymnasium.de\/index.php?rest_route=\/wp\/v2\/posts\/8963","targetHints":{"allow":["GET"]}}],"collection":[{"href":"https:\/\/www.leonardo-da-vinci-gymnasium.de\/index.php?rest_route=\/wp\/v2\/posts"}],"about":[{"href":"https:\/\/www.leonardo-da-vinci-gymnasium.de\/index.php?rest_route=\/wp\/v2\/types\/post"}],"author":[{"embeddable":true,"href":"https:\/\/www.leonardo-da-vinci-gymnasium.de\/index.php?rest_route=\/wp\/v2\/users\/1"}],"replies":[{"embeddable":true,"href":"https:\/\/www.leonardo-da-vinci-gymnasium.de\/index.php?rest_route=%2Fwp%2Fv2%2Fcomments&post=8963"}],"version-history":[{"count":1,"href":"https:\/\/www.leonardo-da-vinci-gymnasium.de\/index.php?rest_route=\/wp\/v2\/posts\/8963\/revisions"}],"predecessor-version":[{"id":8965,"href":"https:\/\/www.leonardo-da-vinci-gymnasium.de\/index.php?rest_route=\/wp\/v2\/posts\/8963\/revisions\/8965"}],"wp:featuredmedia":[{"embeddable":true,"href":"https:\/\/www.leonardo-da-vinci-gymnasium.de\/index.php?rest_route=\/wp\/v2\/media\/8964"}],"wp:attachment":[{"href":"https:\/\/www.leonardo-da-vinci-gymnasium.de\/index.php?rest_route=%2Fwp%2Fv2%2Fmedia&parent=8963"}],"wp:term":[{"taxonomy":"category","embeddable":true,"href":"https:\/\/www.leonardo-da-vinci-gymnasium.de\/index.php?rest_route=%2Fwp%2Fv2%2Fcategories&post=8963"},{"taxonomy":"post_tag","embeddable":true,"href":"https:\/\/www.leonardo-da-vinci-gymnasium.de\/index.php?rest_route=%2Fwp%2Fv2%2Ftags&post=8963"}],"curies":[{"name":"wp","href":"https:\/\/api.w.org\/{rel}","templated":true}]}}