{"id":9103,"date":"2025-06-30T12:54:23","date_gmt":"2025-06-30T10:54:23","guid":{"rendered":"https:\/\/www.leonardo-da-vinci-gymnasium.de\/?p=9103"},"modified":"2025-06-30T13:08:20","modified_gmt":"2025-06-30T11:08:20","slug":"feuertaufe-fuer-die-neue-studiotechnik","status":"publish","type":"post","link":"https:\/\/www.leonardo-da-vinci-gymnasium.de\/?p=9103","title":{"rendered":"Feuertaufe f\u00fcr die neue Studiotechnik"},"content":{"rendered":"<div class=\"wp-block-image\">\n<figure class=\"alignright size-full is-resized\"><img loading=\"lazy\" decoding=\"async\" width=\"1000\" height=\"750\" src=\"https:\/\/www.leonardo-da-vinci-gymnasium.de\/wp-content\/uploads\/2025\/06\/Atrium.jpg\" alt=\"Atrium der Schule\" class=\"wp-image-9099\" style=\"width:220px\" srcset=\"https:\/\/www.leonardo-da-vinci-gymnasium.de\/wp-content\/uploads\/2025\/06\/Atrium.jpg 1000w, https:\/\/www.leonardo-da-vinci-gymnasium.de\/wp-content\/uploads\/2025\/06\/Atrium-300x225.jpg 300w, https:\/\/www.leonardo-da-vinci-gymnasium.de\/wp-content\/uploads\/2025\/06\/Atrium-768x576.jpg 768w, https:\/\/www.leonardo-da-vinci-gymnasium.de\/wp-content\/uploads\/2025\/06\/Atrium-100x75.jpg 100w\" sizes=\"auto, (max-width: 1000px) 100vw, 1000px\" \/><\/figure>\n<\/div>\n\n\n<p>Am Donnerstag den 26. Juni 2025 war es nun endlich soweit und die Feuertaufe f\u00fcr die Mitglieder der Studiotechnik AG stand am Abend an. Erstmalig gab es eine Veranstaltung mit Podium im Haus, bei der die neue Technik am neuen Standort in der Christoph-Ruden-Stra\u00dfe zum Einsatz kam und die Erwartungen an die neue Technik sowie die neue R\u00e4umlichkeit waren hoch. <\/p>\n\n\n<div class=\"wp-block-image\">\n<figure class=\"alignright size-full is-resized\"><img loading=\"lazy\" decoding=\"async\" width=\"1000\" height=\"750\" src=\"https:\/\/www.leonardo-da-vinci-gymnasium.de\/wp-content\/uploads\/2025\/06\/Aula.jpg\" alt=\"Aula der Schule\" class=\"wp-image-9100\" style=\"width:220px\" srcset=\"https:\/\/www.leonardo-da-vinci-gymnasium.de\/wp-content\/uploads\/2025\/06\/Aula.jpg 1000w, https:\/\/www.leonardo-da-vinci-gymnasium.de\/wp-content\/uploads\/2025\/06\/Aula-300x225.jpg 300w, https:\/\/www.leonardo-da-vinci-gymnasium.de\/wp-content\/uploads\/2025\/06\/Aula-768x576.jpg 768w, https:\/\/www.leonardo-da-vinci-gymnasium.de\/wp-content\/uploads\/2025\/06\/Aula-100x75.jpg 100w\" sizes=\"auto, (max-width: 1000px) 100vw, 1000px\" \/><\/figure>\n<\/div>\n\n\n<p>Im Rahmen einer Informationsveranstaltung f\u00fcr die Anwohner rund um die geplante Fl\u00fcchtlingsunterkunft am Sangerhauser Weg hatten wir das Landesamt f\u00fcr Fl\u00fcchtlinganlegenheiten (LAF), das Bezirksamt Neuk\u00f6lln, den Staatssekret\u00e4r Aziz Bozkurt und den Bezirksb\u00fcrgermeister von Neuk\u00f6lln Martin Hikel zu Gast in den R\u00e4umen des Leonardo-da-Vinci-Gymnasiums. <\/p>\n\n\n<div class=\"wp-block-image\">\n<figure class=\"alignright size-full is-resized\"><img loading=\"lazy\" decoding=\"async\" width=\"1000\" height=\"750\" src=\"https:\/\/www.leonardo-da-vinci-gymnasium.de\/wp-content\/uploads\/2025\/06\/Podium.jpg\" alt=\"Personen, die an der Diskussion teilnehmen\" class=\"wp-image-9102\" style=\"width:220px\" srcset=\"https:\/\/www.leonardo-da-vinci-gymnasium.de\/wp-content\/uploads\/2025\/06\/Podium.jpg 1000w, https:\/\/www.leonardo-da-vinci-gymnasium.de\/wp-content\/uploads\/2025\/06\/Podium-300x225.jpg 300w, https:\/\/www.leonardo-da-vinci-gymnasium.de\/wp-content\/uploads\/2025\/06\/Podium-768x576.jpg 768w, https:\/\/www.leonardo-da-vinci-gymnasium.de\/wp-content\/uploads\/2025\/06\/Podium-100x75.jpg 100w\" sizes=\"auto, (max-width: 1000px) 100vw, 1000px\" \/><\/figure>\n<\/div>\n\n\n<p>Am Ende des Abends konnten wir einen sehr gutes Res\u00fcmee ziehen und alle waren sehr zufrieden und auch dankbar f\u00fcr den professionellen und reibungslosen Ablauf und die tollen M\u00f6glichkeiten, die sowohl die Technik bietet als auch die R\u00e4umlichkeit der Aula und des Foyers. <\/p>\n\n\n\n<p>Neue Mitglieder sind bei uns gerne immer willkommen. <\/p>\n\n\n\n<p>Eure Studiotechnik AG<\/p>\n\n\n\n<figure class=\"wp-block-image size-full\"><img loading=\"lazy\" decoding=\"async\" width=\"1000\" height=\"563\" src=\"https:\/\/www.leonardo-da-vinci-gymnasium.de\/wp-content\/uploads\/2025\/06\/Ansicht-der-Technik.jpg\" alt=\"Ansicht der Technik\" class=\"wp-image-9098\" srcset=\"https:\/\/www.leonardo-da-vinci-gymnasium.de\/wp-content\/uploads\/2025\/06\/Ansicht-der-Technik.jpg 1000w, https:\/\/www.leonardo-da-vinci-gymnasium.de\/wp-content\/uploads\/2025\/06\/Ansicht-der-Technik-300x169.jpg 300w, https:\/\/www.leonardo-da-vinci-gymnasium.de\/wp-content\/uploads\/2025\/06\/Ansicht-der-Technik-768x432.jpg 768w\" sizes=\"auto, (max-width: 1000px) 100vw, 1000px\" \/><\/figure>\n","protected":false},"excerpt":{"rendered":"<p>Erstmalig gab es eine Veranstaltung mit Podium im Haus, bei der die neue Technik am neuen Standort zum Einsatz kam.<\/p>\n","protected":false},"author":1,"featured_media":9101,"comment_status":"closed","ping_status":"closed","sticky":false,"template":"","format":"standard","meta":{"_uag_custom_page_level_css":"","ngg_post_thumbnail":0,"footnotes":""},"categories":[10,185,25],"tags":[],"class_list":["post-9103","post","type-post","status-publish","format-standard","has-post-thumbnail","hentry","category-news","category-studiotechnik","category-schulleben"],"featured_image_urls_v2":{"full":["https:\/\/www.leonardo-da-vinci-gymnasium.de\/wp-content\/uploads\/2025\/06\/Beitragsbild.jpg",1024,768,false],"thumbnail":["https:\/\/www.leonardo-da-vinci-gymnasium.de\/wp-content\/uploads\/2025\/06\/Beitragsbild-150x150.jpg",150,150,true],"medium":["https:\/\/www.leonardo-da-vinci-gymnasium.de\/wp-content\/uploads\/2025\/06\/Beitragsbild-300x225.jpg",300,225,true],"medium_large":["https:\/\/www.leonardo-da-vinci-gymnasium.de\/wp-content\/uploads\/2025\/06\/Beitragsbild-768x576.jpg",750,563,true],"large":["https:\/\/www.leonardo-da-vinci-gymnasium.de\/wp-content\/uploads\/2025\/06\/Beitragsbild.jpg",750,563,false],"1536x1536":["https:\/\/www.leonardo-da-vinci-gymnasium.de\/wp-content\/uploads\/2025\/06\/Beitragsbild.jpg",1024,768,false],"2048x2048":["https:\/\/www.leonardo-da-vinci-gymnasium.de\/wp-content\/uploads\/2025\/06\/Beitragsbild.jpg",1024,768,false],"post-thumbnail":["https:\/\/www.leonardo-da-vinci-gymnasium.de\/wp-content\/uploads\/2025\/06\/Beitragsbild-750x450.jpg",750,450,true],"gambit-header-image":["https:\/\/www.leonardo-da-vinci-gymnasium.de\/wp-content\/uploads\/2025\/06\/Beitragsbild-1024x420.jpg",1024,420,true],"gambit-thumbnail-archive":["https:\/\/www.leonardo-da-vinci-gymnasium.de\/wp-content\/uploads\/2025\/06\/Beitragsbild-300x240.jpg",300,240,true],"gambit-thumbnail-small":["https:\/\/www.leonardo-da-vinci-gymnasium.de\/wp-content\/uploads\/2025\/06\/Beitragsbild-100x75.jpg",100,75,true],"gambit-thumbnail-medium":["https:\/\/www.leonardo-da-vinci-gymnasium.de\/wp-content\/uploads\/2025\/06\/Beitragsbild-300x200.jpg",300,200,true],"gambit-thumbnail-large":["https:\/\/www.leonardo-da-vinci-gymnasium.de\/wp-content\/uploads\/2025\/06\/Beitragsbild-420x280.jpg",420,280,true],"tzwb-thumbnail":["https:\/\/www.leonardo-da-vinci-gymnasium.de\/wp-content\/uploads\/2025\/06\/Beitragsbild-80x64.jpg",80,64,true]},"post_excerpt_stackable_v2":"<p>Erstmalig gab es eine Veranstaltung mit Podium im Haus, bei der die neue Technik am neuen Standort zum Einsatz kam.<\/p>\n","category_list_v2":"<a href=\"https:\/\/www.leonardo-da-vinci-gymnasium.de\/?cat=10\" rel=\"category\">News<\/a>, <a href=\"https:\/\/www.leonardo-da-vinci-gymnasium.de\/?cat=185\" rel=\"category\">Studiotechnik<\/a>, <a href=\"https:\/\/www.leonardo-da-vinci-gymnasium.de\/?cat=25\" rel=\"category\">Schulleben<\/a>","author_info_v2":{"name":"cbechinie","url":"https:\/\/www.leonardo-da-vinci-gymnasium.de\/?author=1"},"comments_num_v2":"0 comments","uagb_featured_image_src":{"full":["https:\/\/www.leonardo-da-vinci-gymnasium.de\/wp-content\/uploads\/2025\/06\/Beitragsbild.jpg",1024,768,false],"thumbnail":["https:\/\/www.leonardo-da-vinci-gymnasium.de\/wp-content\/uploads\/2025\/06\/Beitragsbild-150x150.jpg",150,150,true],"medium":["https:\/\/www.leonardo-da-vinci-gymnasium.de\/wp-content\/uploads\/2025\/06\/Beitragsbild-300x225.jpg",300,225,true],"medium_large":["https:\/\/www.leonardo-da-vinci-gymnasium.de\/wp-content\/uploads\/2025\/06\/Beitragsbild-768x576.jpg",750,563,true],"large":["https:\/\/www.leonardo-da-vinci-gymnasium.de\/wp-content\/uploads\/2025\/06\/Beitragsbild.jpg",750,563,false],"1536x1536":["https:\/\/www.leonardo-da-vinci-gymnasium.de\/wp-content\/uploads\/2025\/06\/Beitragsbild.jpg",1024,768,false],"2048x2048":["https:\/\/www.leonardo-da-vinci-gymnasium.de\/wp-content\/uploads\/2025\/06\/Beitragsbild.jpg",1024,768,false],"post-thumbnail":["https:\/\/www.leonardo-da-vinci-gymnasium.de\/wp-content\/uploads\/2025\/06\/Beitragsbild-750x450.jpg",750,450,true],"gambit-header-image":["https:\/\/www.leonardo-da-vinci-gymnasium.de\/wp-content\/uploads\/2025\/06\/Beitragsbild-1024x420.jpg",1024,420,true],"gambit-thumbnail-archive":["https:\/\/www.leonardo-da-vinci-gymnasium.de\/wp-content\/uploads\/2025\/06\/Beitragsbild-300x240.jpg",300,240,true],"gambit-thumbnail-small":["https:\/\/www.leonardo-da-vinci-gymnasium.de\/wp-content\/uploads\/2025\/06\/Beitragsbild-100x75.jpg",100,75,true],"gambit-thumbnail-medium":["https:\/\/www.leonardo-da-vinci-gymnasium.de\/wp-content\/uploads\/2025\/06\/Beitragsbild-300x200.jpg",300,200,true],"gambit-thumbnail-large":["https:\/\/www.leonardo-da-vinci-gymnasium.de\/wp-content\/uploads\/2025\/06\/Beitragsbild-420x280.jpg",420,280,true],"tzwb-thumbnail":["https:\/\/www.leonardo-da-vinci-gymnasium.de\/wp-content\/uploads\/2025\/06\/Beitragsbild-80x64.jpg",80,64,true]},"uagb_author_info":{"display_name":"cbechinie","author_link":"https:\/\/www.leonardo-da-vinci-gymnasium.de\/?author=1"},"uagb_comment_info":0,"uagb_excerpt":"Erstmalig gab es eine Veranstaltung mit Podium im Haus, bei der die neue Technik am neuen Standort zum Einsatz kam.","_links":{"self":[{"href":"https:\/\/www.leonardo-da-vinci-gymnasium.de\/index.php?rest_route=\/wp\/v2\/posts\/9103","targetHints":{"allow":["GET"]}}],"collection":[{"href":"https:\/\/www.leonardo-da-vinci-gymnasium.de\/index.php?rest_route=\/wp\/v2\/posts"}],"about":[{"href":"https:\/\/www.leonardo-da-vinci-gymnasium.de\/index.php?rest_route=\/wp\/v2\/types\/post"}],"author":[{"embeddable":true,"href":"https:\/\/www.leonardo-da-vinci-gymnasium.de\/index.php?rest_route=\/wp\/v2\/users\/1"}],"replies":[{"embeddable":true,"href":"https:\/\/www.leonardo-da-vinci-gymnasium.de\/index.php?rest_route=%2Fwp%2Fv2%2Fcomments&post=9103"}],"version-history":[{"count":3,"href":"https:\/\/www.leonardo-da-vinci-gymnasium.de\/index.php?rest_route=\/wp\/v2\/posts\/9103\/revisions"}],"predecessor-version":[{"id":9106,"href":"https:\/\/www.leonardo-da-vinci-gymnasium.de\/index.php?rest_route=\/wp\/v2\/posts\/9103\/revisions\/9106"}],"wp:featuredmedia":[{"embeddable":true,"href":"https:\/\/www.leonardo-da-vinci-gymnasium.de\/index.php?rest_route=\/wp\/v2\/media\/9101"}],"wp:attachment":[{"href":"https:\/\/www.leonardo-da-vinci-gymnasium.de\/index.php?rest_route=%2Fwp%2Fv2%2Fmedia&parent=9103"}],"wp:term":[{"taxonomy":"category","embeddable":true,"href":"https:\/\/www.leonardo-da-vinci-gymnasium.de\/index.php?rest_route=%2Fwp%2Fv2%2Fcategories&post=9103"},{"taxonomy":"post_tag","embeddable":true,"href":"https:\/\/www.leonardo-da-vinci-gymnasium.de\/index.php?rest_route=%2Fwp%2Fv2%2Ftags&post=9103"}],"curies":[{"name":"wp","href":"https:\/\/api.w.org\/{rel}","templated":true}]}}