{"id":9355,"date":"2026-03-12T11:54:02","date_gmt":"2026-03-12T10:54:02","guid":{"rendered":"https:\/\/www.leonardo-da-vinci-gymnasium.de\/?p=9355"},"modified":"2026-03-12T12:01:22","modified_gmt":"2026-03-12T11:01:22","slug":"arbeitsverhaeltnisse-geographien-der-globalisierung","status":"publish","type":"post","link":"https:\/\/www.leonardo-da-vinci-gymnasium.de\/?p=9355","title":{"rendered":"Geographien der Globalisierung"},"content":{"rendered":"\n<h5 class=\"wp-block-heading\"><strong>Exkursion zur FU: Arbeitsverh\u00e4ltnisse \u2013 Geographien der Globalisierung<\/strong><\/h5>\n\n\n\n<p>Am 15. Dezember 2025 haben wir, der Geographie Leistungskurs Q3 von Frau M\u00fchlbach an der Freien Universit\u00e4t Berlin (FU) die Vorlesung: \u201eGeographien der Globalisierung\u201c der Professorin Dr. Antonie Schmiz besucht.<\/p>\n\n\n\n<p>Das zentrale Thema der Vorlesung war die Entwicklung von weltweiten Arbeitsverh\u00e4ltnissen, bei denen auch die geographische Migrationsforschung und die Entwicklung von Arbeitsverh\u00e4ltnissen von der Industrie bis zur Dienstleistungsgesellschaft eine Rolle spielen. Zur Erl\u00e4uterung des Themas wurden verschiedene Sichtweisen und Forschungsans\u00e4tze herangezogen, wie die der Laborgeographie, kritische und feministische Geographie sowie die der Regulationstheorie.<\/p>\n\n\n\n<p>Kennengelernt haben wir somit neue Bereiche der Geographie und insbesondere wie sich die Arbeitsverh\u00e4ltnisse vom Fordismus bis zum Postfordismus gewandelt haben und dass heute, im Zeitalter der Digitalisierung, die Entgrenzung von Arbeit und Privaten dominiert.<\/p>\n\n\n\n<p>Insgesamt war der Besuch f\u00fcr uns eine interessante und informative Erfahrung und gab uns einen Einblick in das Studentenleben und den Ablauf einer Universit\u00e4tsvorlesung, Allerdings empfanden wir die Vorlesung stellenweise als sehr monoton, da sie \u00fcberwiegend frontal ablief.<\/p>\n\n\n\n<p>Trotz dessen haben wir sehr viele neue Informationen sowohl f\u00fcr die Zukunft als auch f\u00fcr die Vorbereitung auf das Abitur mitgenommen.<\/p>\n\n\n\n<blockquote class=\"wp-block-quote is-layout-flow wp-block-quote-is-layout-flow\">\n<p><em>Bilal, Berkay, Ellen, Cemre &#8211; Q4<\/em><\/p>\n<\/blockquote>\n\n\n\nngg_shortcode_0_placeholder\n","protected":false},"excerpt":{"rendered":"<p>Der Geographie Leistungskurs Q3 hat die Vorlesung: \u201eGeographien der Globalisierung\u201c an der Freien Universit\u00e4t Berlin (FU) besucht.<\/p>\n","protected":false},"author":1,"featured_media":9363,"comment_status":"closed","ping_status":"closed","sticky":false,"template":"","format":"standard","meta":{"_uag_custom_page_level_css":"","ngg_post_thumbnail":0,"footnotes":""},"categories":[10,186],"tags":[],"class_list":["post-9355","post","type-post","status-publish","format-standard","has-post-thumbnail","hentry","category-news","category-geografie-beitraege"],"featured_image_urls_v2":{"full":["https:\/\/www.leonardo-da-vinci-gymnasium.de\/wp-content\/uploads\/2026\/03\/Beitragsbild-FU-GEO.jpg",1024,768,false],"thumbnail":["https:\/\/www.leonardo-da-vinci-gymnasium.de\/wp-content\/uploads\/2026\/03\/Beitragsbild-FU-GEO-150x150.jpg",150,150,true],"medium":["https:\/\/www.leonardo-da-vinci-gymnasium.de\/wp-content\/uploads\/2026\/03\/Beitragsbild-FU-GEO-300x225.jpg",300,225,true],"medium_large":["https:\/\/www.leonardo-da-vinci-gymnasium.de\/wp-content\/uploads\/2026\/03\/Beitragsbild-FU-GEO-768x576.jpg",750,563,true],"large":["https:\/\/www.leonardo-da-vinci-gymnasium.de\/wp-content\/uploads\/2026\/03\/Beitragsbild-FU-GEO.jpg",750,563,false],"1536x1536":["https:\/\/www.leonardo-da-vinci-gymnasium.de\/wp-content\/uploads\/2026\/03\/Beitragsbild-FU-GEO.jpg",1024,768,false],"2048x2048":["https:\/\/www.leonardo-da-vinci-gymnasium.de\/wp-content\/uploads\/2026\/03\/Beitragsbild-FU-GEO.jpg",1024,768,false],"post-thumbnail":["https:\/\/www.leonardo-da-vinci-gymnasium.de\/wp-content\/uploads\/2026\/03\/Beitragsbild-FU-GEO-750x450.jpg",750,450,true],"gambit-header-image":["https:\/\/www.leonardo-da-vinci-gymnasium.de\/wp-content\/uploads\/2026\/03\/Beitragsbild-FU-GEO-1024x420.jpg",1024,420,true],"gambit-thumbnail-archive":["https:\/\/www.leonardo-da-vinci-gymnasium.de\/wp-content\/uploads\/2026\/03\/Beitragsbild-FU-GEO-300x240.jpg",300,240,true],"gambit-thumbnail-small":["https:\/\/www.leonardo-da-vinci-gymnasium.de\/wp-content\/uploads\/2026\/03\/Beitragsbild-FU-GEO-100x75.jpg",100,75,true],"gambit-thumbnail-medium":["https:\/\/www.leonardo-da-vinci-gymnasium.de\/wp-content\/uploads\/2026\/03\/Beitragsbild-FU-GEO-300x200.jpg",300,200,true],"gambit-thumbnail-large":["https:\/\/www.leonardo-da-vinci-gymnasium.de\/wp-content\/uploads\/2026\/03\/Beitragsbild-FU-GEO-420x280.jpg",420,280,true],"tzwb-thumbnail":["https:\/\/www.leonardo-da-vinci-gymnasium.de\/wp-content\/uploads\/2026\/03\/Beitragsbild-FU-GEO-80x64.jpg",80,64,true]},"post_excerpt_stackable_v2":"<p>Der Geographie Leistungskurs Q3 hat die Vorlesung: \u201eGeographien der Globalisierung\u201c an der Freien Universit\u00e4t Berlin (FU) besucht.<\/p>\n","category_list_v2":"<a href=\"https:\/\/www.leonardo-da-vinci-gymnasium.de\/?cat=10\" rel=\"category\">News<\/a>, <a href=\"https:\/\/www.leonardo-da-vinci-gymnasium.de\/?cat=186\" rel=\"category\">Geografie - Beitr\u00e4ge<\/a>","author_info_v2":{"name":"cbechinie","url":"https:\/\/www.leonardo-da-vinci-gymnasium.de\/?author=1"},"comments_num_v2":"0 comments","uagb_featured_image_src":{"full":["https:\/\/www.leonardo-da-vinci-gymnasium.de\/wp-content\/uploads\/2026\/03\/Beitragsbild-FU-GEO.jpg",1024,768,false],"thumbnail":["https:\/\/www.leonardo-da-vinci-gymnasium.de\/wp-content\/uploads\/2026\/03\/Beitragsbild-FU-GEO-150x150.jpg",150,150,true],"medium":["https:\/\/www.leonardo-da-vinci-gymnasium.de\/wp-content\/uploads\/2026\/03\/Beitragsbild-FU-GEO-300x225.jpg",300,225,true],"medium_large":["https:\/\/www.leonardo-da-vinci-gymnasium.de\/wp-content\/uploads\/2026\/03\/Beitragsbild-FU-GEO-768x576.jpg",750,563,true],"large":["https:\/\/www.leonardo-da-vinci-gymnasium.de\/wp-content\/uploads\/2026\/03\/Beitragsbild-FU-GEO.jpg",750,563,false],"1536x1536":["https:\/\/www.leonardo-da-vinci-gymnasium.de\/wp-content\/uploads\/2026\/03\/Beitragsbild-FU-GEO.jpg",1024,768,false],"2048x2048":["https:\/\/www.leonardo-da-vinci-gymnasium.de\/wp-content\/uploads\/2026\/03\/Beitragsbild-FU-GEO.jpg",1024,768,false],"post-thumbnail":["https:\/\/www.leonardo-da-vinci-gymnasium.de\/wp-content\/uploads\/2026\/03\/Beitragsbild-FU-GEO-750x450.jpg",750,450,true],"gambit-header-image":["https:\/\/www.leonardo-da-vinci-gymnasium.de\/wp-content\/uploads\/2026\/03\/Beitragsbild-FU-GEO-1024x420.jpg",1024,420,true],"gambit-thumbnail-archive":["https:\/\/www.leonardo-da-vinci-gymnasium.de\/wp-content\/uploads\/2026\/03\/Beitragsbild-FU-GEO-300x240.jpg",300,240,true],"gambit-thumbnail-small":["https:\/\/www.leonardo-da-vinci-gymnasium.de\/wp-content\/uploads\/2026\/03\/Beitragsbild-FU-GEO-100x75.jpg",100,75,true],"gambit-thumbnail-medium":["https:\/\/www.leonardo-da-vinci-gymnasium.de\/wp-content\/uploads\/2026\/03\/Beitragsbild-FU-GEO-300x200.jpg",300,200,true],"gambit-thumbnail-large":["https:\/\/www.leonardo-da-vinci-gymnasium.de\/wp-content\/uploads\/2026\/03\/Beitragsbild-FU-GEO-420x280.jpg",420,280,true],"tzwb-thumbnail":["https:\/\/www.leonardo-da-vinci-gymnasium.de\/wp-content\/uploads\/2026\/03\/Beitragsbild-FU-GEO-80x64.jpg",80,64,true]},"uagb_author_info":{"display_name":"cbechinie","author_link":"https:\/\/www.leonardo-da-vinci-gymnasium.de\/?author=1"},"uagb_comment_info":0,"uagb_excerpt":"Der Geographie Leistungskurs Q3 hat die Vorlesung: \u201eGeographien der Globalisierung\u201c an der Freien Universit\u00e4t Berlin (FU) besucht.","_links":{"self":[{"href":"https:\/\/www.leonardo-da-vinci-gymnasium.de\/index.php?rest_route=\/wp\/v2\/posts\/9355","targetHints":{"allow":["GET"]}}],"collection":[{"href":"https:\/\/www.leonardo-da-vinci-gymnasium.de\/index.php?rest_route=\/wp\/v2\/posts"}],"about":[{"href":"https:\/\/www.leonardo-da-vinci-gymnasium.de\/index.php?rest_route=\/wp\/v2\/types\/post"}],"author":[{"embeddable":true,"href":"https:\/\/www.leonardo-da-vinci-gymnasium.de\/index.php?rest_route=\/wp\/v2\/users\/1"}],"replies":[{"embeddable":true,"href":"https:\/\/www.leonardo-da-vinci-gymnasium.de\/index.php?rest_route=%2Fwp%2Fv2%2Fcomments&post=9355"}],"version-history":[{"count":3,"href":"https:\/\/www.leonardo-da-vinci-gymnasium.de\/index.php?rest_route=\/wp\/v2\/posts\/9355\/revisions"}],"predecessor-version":[{"id":9367,"href":"https:\/\/www.leonardo-da-vinci-gymnasium.de\/index.php?rest_route=\/wp\/v2\/posts\/9355\/revisions\/9367"}],"wp:featuredmedia":[{"embeddable":true,"href":"https:\/\/www.leonardo-da-vinci-gymnasium.de\/index.php?rest_route=\/wp\/v2\/media\/9363"}],"wp:attachment":[{"href":"https:\/\/www.leonardo-da-vinci-gymnasium.de\/index.php?rest_route=%2Fwp%2Fv2%2Fmedia&parent=9355"}],"wp:term":[{"taxonomy":"category","embeddable":true,"href":"https:\/\/www.leonardo-da-vinci-gymnasium.de\/index.php?rest_route=%2Fwp%2Fv2%2Fcategories&post=9355"},{"taxonomy":"post_tag","embeddable":true,"href":"https:\/\/www.leonardo-da-vinci-gymnasium.de\/index.php?rest_route=%2Fwp%2Fv2%2Ftags&post=9355"}],"curies":[{"name":"wp","href":"https:\/\/api.w.org\/{rel}","templated":true}]}}