{"id":9380,"date":"2026-04-24T14:17:33","date_gmt":"2026-04-24T12:17:33","guid":{"rendered":"https:\/\/www.leonardo-da-vinci-gymnasium.de\/?p=9380"},"modified":"2026-04-24T14:24:00","modified_gmt":"2026-04-24T12:24:00","slug":"der-leistungskurs-pw-zu-gast-im-deutschen-bundestag","status":"publish","type":"post","link":"https:\/\/www.leonardo-da-vinci-gymnasium.de\/?p=9380","title":{"rendered":"Leistungskurs PW im Deutschen Bundestag"},"content":{"rendered":"\n<p>Sch\u00fclerinnen und Sch\u00fcler des LK Politikwissenschaften waren am 17. Januar 2026 zu Gast im Deutschen Bundestag. Sie besichtigten den Plenarsaal und die Kuppel des Reichstagsgeb\u00e4udes und informierten sich bei Hakan Demir, dem SPD-Bundestagsabgeordneten von Neuk\u00f6lln, \u00fcber seine T\u00e4tigkeit als Mitglied des Deutschen Bundestags.<\/p>\n\n\n\n<figure class=\"wp-block-image size-full\"><img loading=\"lazy\" decoding=\"async\" width=\"1000\" height=\"751\" src=\"https:\/\/www.leonardo-da-vinci-gymnasium.de\/wp-content\/uploads\/2026\/04\/LK-PW-im-Bundestag-Januar-2026.jpg\" alt=\"\" class=\"wp-image-9381\" srcset=\"https:\/\/www.leonardo-da-vinci-gymnasium.de\/wp-content\/uploads\/2026\/04\/LK-PW-im-Bundestag-Januar-2026.jpg 1000w, https:\/\/www.leonardo-da-vinci-gymnasium.de\/wp-content\/uploads\/2026\/04\/LK-PW-im-Bundestag-Januar-2026-300x225.jpg 300w, https:\/\/www.leonardo-da-vinci-gymnasium.de\/wp-content\/uploads\/2026\/04\/LK-PW-im-Bundestag-Januar-2026-768x577.jpg 768w, https:\/\/www.leonardo-da-vinci-gymnasium.de\/wp-content\/uploads\/2026\/04\/LK-PW-im-Bundestag-Januar-2026-100x75.jpg 100w\" sizes=\"auto, (max-width: 1000px) 100vw, 1000px\" \/><\/figure>\n","protected":false},"excerpt":{"rendered":"<p>Wir besichtigten den Plenarsaal und die Kuppel des Reichstagsgeb\u00e4udes und informierten uns \u00fcber die T\u00e4tigkeit eines Bundestagsabgeordneten.<\/p>\n","protected":false},"author":1,"featured_media":9386,"comment_status":"closed","ping_status":"closed","sticky":false,"template":"","format":"standard","meta":{"_uag_custom_page_level_css":"","ngg_post_thumbnail":0,"footnotes":""},"categories":[10,123],"tags":[],"class_list":["post-9380","post","type-post","status-publish","format-standard","has-post-thumbnail","hentry","category-news","category-politische-wissenschaft-beitraege"],"featured_image_urls_v2":{"full":["https:\/\/www.leonardo-da-vinci-gymnasium.de\/wp-content\/uploads\/2026\/04\/Beitragsbild-LK-PW-Bundestag-2026-1.jpg",1024,768,false],"thumbnail":["https:\/\/www.leonardo-da-vinci-gymnasium.de\/wp-content\/uploads\/2026\/04\/Beitragsbild-LK-PW-Bundestag-2026-1-150x150.jpg",150,150,true],"medium":["https:\/\/www.leonardo-da-vinci-gymnasium.de\/wp-content\/uploads\/2026\/04\/Beitragsbild-LK-PW-Bundestag-2026-1-300x225.jpg",300,225,true],"medium_large":["https:\/\/www.leonardo-da-vinci-gymnasium.de\/wp-content\/uploads\/2026\/04\/Beitragsbild-LK-PW-Bundestag-2026-1-768x576.jpg",750,563,true],"large":["https:\/\/www.leonardo-da-vinci-gymnasium.de\/wp-content\/uploads\/2026\/04\/Beitragsbild-LK-PW-Bundestag-2026-1.jpg",750,563,false],"1536x1536":["https:\/\/www.leonardo-da-vinci-gymnasium.de\/wp-content\/uploads\/2026\/04\/Beitragsbild-LK-PW-Bundestag-2026-1.jpg",1024,768,false],"2048x2048":["https:\/\/www.leonardo-da-vinci-gymnasium.de\/wp-content\/uploads\/2026\/04\/Beitragsbild-LK-PW-Bundestag-2026-1.jpg",1024,768,false],"post-thumbnail":["https:\/\/www.leonardo-da-vinci-gymnasium.de\/wp-content\/uploads\/2026\/04\/Beitragsbild-LK-PW-Bundestag-2026-1-750x450.jpg",750,450,true],"gambit-header-image":["https:\/\/www.leonardo-da-vinci-gymnasium.de\/wp-content\/uploads\/2026\/04\/Beitragsbild-LK-PW-Bundestag-2026-1-1024x420.jpg",1024,420,true],"gambit-thumbnail-archive":["https:\/\/www.leonardo-da-vinci-gymnasium.de\/wp-content\/uploads\/2026\/04\/Beitragsbild-LK-PW-Bundestag-2026-1-300x240.jpg",300,240,true],"gambit-thumbnail-small":["https:\/\/www.leonardo-da-vinci-gymnasium.de\/wp-content\/uploads\/2026\/04\/Beitragsbild-LK-PW-Bundestag-2026-1-100x75.jpg",100,75,true],"gambit-thumbnail-medium":["https:\/\/www.leonardo-da-vinci-gymnasium.de\/wp-content\/uploads\/2026\/04\/Beitragsbild-LK-PW-Bundestag-2026-1-300x200.jpg",300,200,true],"gambit-thumbnail-large":["https:\/\/www.leonardo-da-vinci-gymnasium.de\/wp-content\/uploads\/2026\/04\/Beitragsbild-LK-PW-Bundestag-2026-1-420x280.jpg",420,280,true],"tzwb-thumbnail":["https:\/\/www.leonardo-da-vinci-gymnasium.de\/wp-content\/uploads\/2026\/04\/Beitragsbild-LK-PW-Bundestag-2026-1-80x64.jpg",80,64,true]},"post_excerpt_stackable_v2":"<p>Wir besichtigten den Plenarsaal und die Kuppel des Reichstagsgeb\u00e4udes und informierten uns \u00fcber die T\u00e4tigkeit eines Bundestagsabgeordneten.<\/p>\n","category_list_v2":"<a href=\"https:\/\/www.leonardo-da-vinci-gymnasium.de\/?cat=10\" rel=\"category\">News<\/a>, <a href=\"https:\/\/www.leonardo-da-vinci-gymnasium.de\/?cat=123\" rel=\"category\">Politische Wissenschaft - Beitr\u00e4ge<\/a>","author_info_v2":{"name":"cbechinie","url":"https:\/\/www.leonardo-da-vinci-gymnasium.de\/?author=1"},"comments_num_v2":"0 comments","uagb_featured_image_src":{"full":["https:\/\/www.leonardo-da-vinci-gymnasium.de\/wp-content\/uploads\/2026\/04\/Beitragsbild-LK-PW-Bundestag-2026-1.jpg",1024,768,false],"thumbnail":["https:\/\/www.leonardo-da-vinci-gymnasium.de\/wp-content\/uploads\/2026\/04\/Beitragsbild-LK-PW-Bundestag-2026-1-150x150.jpg",150,150,true],"medium":["https:\/\/www.leonardo-da-vinci-gymnasium.de\/wp-content\/uploads\/2026\/04\/Beitragsbild-LK-PW-Bundestag-2026-1-300x225.jpg",300,225,true],"medium_large":["https:\/\/www.leonardo-da-vinci-gymnasium.de\/wp-content\/uploads\/2026\/04\/Beitragsbild-LK-PW-Bundestag-2026-1-768x576.jpg",750,563,true],"large":["https:\/\/www.leonardo-da-vinci-gymnasium.de\/wp-content\/uploads\/2026\/04\/Beitragsbild-LK-PW-Bundestag-2026-1.jpg",750,563,false],"1536x1536":["https:\/\/www.leonardo-da-vinci-gymnasium.de\/wp-content\/uploads\/2026\/04\/Beitragsbild-LK-PW-Bundestag-2026-1.jpg",1024,768,false],"2048x2048":["https:\/\/www.leonardo-da-vinci-gymnasium.de\/wp-content\/uploads\/2026\/04\/Beitragsbild-LK-PW-Bundestag-2026-1.jpg",1024,768,false],"post-thumbnail":["https:\/\/www.leonardo-da-vinci-gymnasium.de\/wp-content\/uploads\/2026\/04\/Beitragsbild-LK-PW-Bundestag-2026-1-750x450.jpg",750,450,true],"gambit-header-image":["https:\/\/www.leonardo-da-vinci-gymnasium.de\/wp-content\/uploads\/2026\/04\/Beitragsbild-LK-PW-Bundestag-2026-1-1024x420.jpg",1024,420,true],"gambit-thumbnail-archive":["https:\/\/www.leonardo-da-vinci-gymnasium.de\/wp-content\/uploads\/2026\/04\/Beitragsbild-LK-PW-Bundestag-2026-1-300x240.jpg",300,240,true],"gambit-thumbnail-small":["https:\/\/www.leonardo-da-vinci-gymnasium.de\/wp-content\/uploads\/2026\/04\/Beitragsbild-LK-PW-Bundestag-2026-1-100x75.jpg",100,75,true],"gambit-thumbnail-medium":["https:\/\/www.leonardo-da-vinci-gymnasium.de\/wp-content\/uploads\/2026\/04\/Beitragsbild-LK-PW-Bundestag-2026-1-300x200.jpg",300,200,true],"gambit-thumbnail-large":["https:\/\/www.leonardo-da-vinci-gymnasium.de\/wp-content\/uploads\/2026\/04\/Beitragsbild-LK-PW-Bundestag-2026-1-420x280.jpg",420,280,true],"tzwb-thumbnail":["https:\/\/www.leonardo-da-vinci-gymnasium.de\/wp-content\/uploads\/2026\/04\/Beitragsbild-LK-PW-Bundestag-2026-1-80x64.jpg",80,64,true]},"uagb_author_info":{"display_name":"cbechinie","author_link":"https:\/\/www.leonardo-da-vinci-gymnasium.de\/?author=1"},"uagb_comment_info":0,"uagb_excerpt":"Wir besichtigten den Plenarsaal und die Kuppel des Reichstagsgeb\u00e4udes und informierten uns \u00fcber die T\u00e4tigkeit eines Bundestagsabgeordneten.","_links":{"self":[{"href":"https:\/\/www.leonardo-da-vinci-gymnasium.de\/index.php?rest_route=\/wp\/v2\/posts\/9380","targetHints":{"allow":["GET"]}}],"collection":[{"href":"https:\/\/www.leonardo-da-vinci-gymnasium.de\/index.php?rest_route=\/wp\/v2\/posts"}],"about":[{"href":"https:\/\/www.leonardo-da-vinci-gymnasium.de\/index.php?rest_route=\/wp\/v2\/types\/post"}],"author":[{"embeddable":true,"href":"https:\/\/www.leonardo-da-vinci-gymnasium.de\/index.php?rest_route=\/wp\/v2\/users\/1"}],"replies":[{"embeddable":true,"href":"https:\/\/www.leonardo-da-vinci-gymnasium.de\/index.php?rest_route=%2Fwp%2Fv2%2Fcomments&post=9380"}],"version-history":[{"count":3,"href":"https:\/\/www.leonardo-da-vinci-gymnasium.de\/index.php?rest_route=\/wp\/v2\/posts\/9380\/revisions"}],"predecessor-version":[{"id":9385,"href":"https:\/\/www.leonardo-da-vinci-gymnasium.de\/index.php?rest_route=\/wp\/v2\/posts\/9380\/revisions\/9385"}],"wp:featuredmedia":[{"embeddable":true,"href":"https:\/\/www.leonardo-da-vinci-gymnasium.de\/index.php?rest_route=\/wp\/v2\/media\/9386"}],"wp:attachment":[{"href":"https:\/\/www.leonardo-da-vinci-gymnasium.de\/index.php?rest_route=%2Fwp%2Fv2%2Fmedia&parent=9380"}],"wp:term":[{"taxonomy":"category","embeddable":true,"href":"https:\/\/www.leonardo-da-vinci-gymnasium.de\/index.php?rest_route=%2Fwp%2Fv2%2Fcategories&post=9380"},{"taxonomy":"post_tag","embeddable":true,"href":"https:\/\/www.leonardo-da-vinci-gymnasium.de\/index.php?rest_route=%2Fwp%2Fv2%2Ftags&post=9380"}],"curies":[{"name":"wp","href":"https:\/\/api.w.org\/{rel}","templated":true}]}}